{"id":29741,"date":"2025-12-01T17:31:08","date_gmt":"2025-12-01T16:31:08","guid":{"rendered":"https:\/\/insideamateurfussball-ffm.de\/?p=29741"},"modified":"2025-12-01T17:31:08","modified_gmt":"2025-12-01T16:31:08","slug":"tuerkguecue-auch-gegen-stierstadt-ohne-punkte","status":"publish","type":"post","link":"https:\/\/insideamateurfussball-ffm.de\/?p=29741","title":{"rendered":"T\u00fcrkg\u00fcc\u00fc auch gegen Stierstadt ohne Punkte"},"content":{"rendered":"<h4>Ohne ihren Interimstrainer Murat Tiryaki verlor T\u00fcrkg\u00fcc\u00fc Frankfurt auf fast unbespielbarem Platz dem FV Stierstadt mit 0:1, das Tor des Tages fiel in der 74.Minute zur erneuten Niederlage.<\/h4>\n<figure id=\"attachment_24203\" aria-describedby=\"caption-attachment-24203\" style=\"width: 886px\" class=\"wp-caption alignnone\"><img loading=\"lazy\" decoding=\"async\" class=\"wp-image-24203 size-full\" src=\"http:\/\/insideamateurfussball-ffm.de\/wp-content\/uploads\/2025\/03\/tuerkguecue7.jpg\" alt=\"\" width=\"886\" height=\"610\" srcset=\"https:\/\/insideamateurfussball-ffm.de\/wp-content\/uploads\/2025\/03\/tuerkguecue7.jpg 886w, https:\/\/insideamateurfussball-ffm.de\/wp-content\/uploads\/2025\/03\/tuerkguecue7-300x207.jpg 300w, https:\/\/insideamateurfussball-ffm.de\/wp-content\/uploads\/2025\/03\/tuerkguecue7-768x529.jpg 768w\" sizes=\"auto, (max-width: 886px) 100vw, 886px\" \/><figcaption id=\"caption-attachment-24203\" class=\"wp-caption-text\">Stierstadt jubelte am Ende bei T\u00fcrkg\u00fcc\u00fc Frankfurt. Foto. Archiv Mithat G\u00fcrser<\/figcaption><\/figure>\n<h4>T\u00fcrkg\u00fcc\u00fc Frankfurt &#8211; FV Stierstadt 0:1 (0:0)<\/h4>\n<p><img loading=\"lazy\" decoding=\"async\" class=\"alignnone size-full wp-image-17\" src=\"http:\/\/insideamateurfussball-ffm.de\/wp-content\/uploads\/2021\/11\/Tuerkguecue.jpg\" alt=\"\" width=\"72\" height=\"80\" \/><img loading=\"lazy\" decoding=\"async\" class=\"alignnone size-full wp-image-3054\" src=\"http:\/\/insideamateurfussball-ffm.de\/wp-content\/uploads\/2022\/10\/Stierstadt.png\" alt=\"\" width=\"80\" height=\"80\" \/><\/p>\n<p>T\u00fcrkg\u00fcc\u00fc Frankfurt kassierte die 13.Niederlage in den letzten 14 Spielen und steht mit nur 10 Punkten weiterhin auf einem direkten Abstiegsplatz. Auch gegen den FV Stierstadt reichte ein Gegentor zur Niederlage, Christian Kaus erzielte f\u00fcr Stierstadt den Siegtreffer in der 74.Minute. Als Trainer vertraten Reahan Mahmood und der Sportliche Leiter Tamer G\u00fcrsoy, der sogar als Auswechselspieler zur Verf\u00fcgung stand, den verhinderten Interimstrainer Murat Tiryaki, der in der T\u00fcrkei weilte. G\u00fcrsoy zum Spiel: \u201ewir sind die ersten 10 Minuten gut ins Spiel gekommen, haben dann aber ebenso wie Stierstadt die Chancen ausgelassen, zweimal musste unser Torwart retten. In der zweiten Halbzeit sind wir raus aus den Kabinen und hatten drei\/vier gro\u00dfe Chancen, aber Stierstadt hat dann mit einer von zwei Chancen das Tor gemacht.\u201c<\/p>\n<p>G\u00fcrsoy konstatierte auch, dass der Platz \u201eeigentlich unbespielbar gewesen sei\u201c und sagte: \u201ees hat leider wieder einmal nicht gereicht.\u201c Der Sportliche Leiter k\u00fcndigte an, dass man in guten Gespr\u00e4chen mit einem neuen Trainer sei und hoffe, dass dieser zur Vorbereitung im neuen Jahr zur Verf\u00fcgung steht und auch die Kaderplanung durchf\u00fchren kann. Ein Neuzugang mit Noyan \u00d6z steht schon fest, der ab dem 01.01.2026 spielberechtigt ist.<\/p>\n<h4>Schiedsrichter: Felix Krauser (FC Eddersheim). Zuschauer: 70.<\/h4>\n<h4>Tore: 0:1 Christian Kaus (74.)<\/h4>\n","protected":false},"excerpt":{"rendered":"<p>Ohne ihren Interimstrainer Murat Tiryaki verlor T\u00fcrkg\u00fcc\u00fc Frankfurt auf fast unbespielbarem Platz dem FV Stierstadt mit 0:1, das Tor des Tages fiel in der 74.Minute zur erneuten Niederlage. T\u00fcrkg\u00fcc\u00fc Frankfurt &#8211; FV Stierstadt 0:1 (0:0) T\u00fcrkg\u00fcc\u00fc Frankfurt kassierte die 13.Niederlage in den letzten 14 Spielen und steht mit nur 10 Punkten weiterhin auf einem direkten [&hellip;]<\/p>\n","protected":false},"author":3,"featured_media":24203,"comment_status":"closed","ping_status":"open","sticky":true,"template":"","format":"standard","meta":{"footnotes":""},"categories":[13],"tags":[],"class_list":["post-29741","post","type-post","status-publish","format-standard","has-post-thumbnail","hentry","category-gruppenliga-frankfurt-west"],"_links":{"self":[{"href":"https:\/\/insideamateurfussball-ffm.de\/index.php?rest_route=\/wp\/v2\/posts\/29741","targetHints":{"allow":["GET"]}}],"collection":[{"href":"https:\/\/insideamateurfussball-ffm.de\/index.php?rest_route=\/wp\/v2\/posts"}],"about":[{"href":"https:\/\/insideamateurfussball-ffm.de\/index.php?rest_route=\/wp\/v2\/types\/post"}],"author":[{"embeddable":true,"href":"https:\/\/insideamateurfussball-ffm.de\/index.php?rest_route=\/wp\/v2\/users\/3"}],"replies":[{"embeddable":true,"href":"https:\/\/insideamateurfussball-ffm.de\/index.php?rest_route=%2Fwp%2Fv2%2Fcomments&post=29741"}],"version-history":[{"count":2,"href":"https:\/\/insideamateurfussball-ffm.de\/index.php?rest_route=\/wp\/v2\/posts\/29741\/revisions"}],"predecessor-version":[{"id":29743,"href":"https:\/\/insideamateurfussball-ffm.de\/index.php?rest_route=\/wp\/v2\/posts\/29741\/revisions\/29743"}],"wp:featuredmedia":[{"embeddable":true,"href":"https:\/\/insideamateurfussball-ffm.de\/index.php?rest_route=\/wp\/v2\/media\/24203"}],"wp:attachment":[{"href":"https:\/\/insideamateurfussball-ffm.de\/index.php?rest_route=%2Fwp%2Fv2%2Fmedia&parent=29741"}],"wp:term":[{"taxonomy":"category","embeddable":true,"href":"https:\/\/insideamateurfussball-ffm.de\/index.php?rest_route=%2Fwp%2Fv2%2Fcategories&post=29741"},{"taxonomy":"post_tag","embeddable":true,"href":"https:\/\/insideamateurfussball-ffm.de\/index.php?rest_route=%2Fwp%2Fv2%2Ftags&post=29741"}],"curies":[{"name":"wp","href":"https:\/\/api.w.org\/{rel}","templated":true}]}}