{"id":29697,"date":"2025-12-01T14:21:30","date_gmt":"2025-12-01T13:21:30","guid":{"rendered":"https:\/\/insideamateurfussball-ffm.de\/?p=29697"},"modified":"2025-12-01T14:23:20","modified_gmt":"2025-12-01T13:23:20","slug":"rw-frankfurt-ueberwintert-auf-platz-2","status":"publish","type":"post","link":"https:\/\/insideamateurfussball-ffm.de\/?p=29697","title":{"rendered":"RW Frankfurt \u00fcberwintert auf Platz 2"},"content":{"rendered":"<h4>Mit dem 1:1-Unentschieden gegen RW Darmstadt musste die Mannschaft von RW Frankfurt die Tabellenf\u00fchrung wieder abgeben und \u00fcberwintert hinter der zweiten Mannschaft von Kickers Offenbach auf Platz 2 in der Verbandsliga.<\/h4>\n<figure id=\"attachment_29700\" aria-describedby=\"caption-attachment-29700\" style=\"width: 2016px\" class=\"wp-caption alignnone\"><img loading=\"lazy\" decoding=\"async\" class=\"wp-image-29700 size-full\" src=\"http:\/\/insideamateurfussball-ffm.de\/wp-content\/uploads\/2025\/12\/rwdarmstadt02.jpg\" alt=\"\" width=\"2016\" height=\"1512\" srcset=\"https:\/\/insideamateurfussball-ffm.de\/wp-content\/uploads\/2025\/12\/rwdarmstadt02.jpg 2016w, https:\/\/insideamateurfussball-ffm.de\/wp-content\/uploads\/2025\/12\/rwdarmstadt02-300x225.jpg 300w, https:\/\/insideamateurfussball-ffm.de\/wp-content\/uploads\/2025\/12\/rwdarmstadt02-1024x768.jpg 1024w, https:\/\/insideamateurfussball-ffm.de\/wp-content\/uploads\/2025\/12\/rwdarmstadt02-768x576.jpg 768w, https:\/\/insideamateurfussball-ffm.de\/wp-content\/uploads\/2025\/12\/rwdarmstadt02-1536x1152.jpg 1536w\" sizes=\"auto, (max-width: 2016px) 100vw, 2016px\" \/><figcaption id=\"caption-attachment-29700\" class=\"wp-caption-text\">RW Frankfurt verlor die Tabellenf\u00fchrung, bleibt aber auf Platz 2. Foto: MZ<\/figcaption><\/figure>\n<h4>SG RW Frankfurt &#8211; SKV RW Darmstadt 1:1 (1:0)<\/h4>\n<p><img loading=\"lazy\" decoding=\"async\" class=\"alignnone size-full wp-image-29583\" src=\"http:\/\/insideamateurfussball-ffm.de\/wp-content\/uploads\/2025\/11\/logo-rot-weiss.png\" alt=\"\" width=\"80\" height=\"80\" \/><img loading=\"lazy\" decoding=\"async\" class=\"alignnone size-full wp-image-328\" src=\"http:\/\/insideamateurfussball-ffm.de\/wp-content\/uploads\/2022\/05\/RWDA.png\" alt=\"\" width=\"76\" height=\"80\" \/><\/p>\n<p>Rot-Wei\u00df Frankfurt verpasste es im letzten Spiel gegen den Namensvetter RW Darmstadt, als Spitzenreiter in der Verbandsliga zu \u00fcberwintern. Im Hinspiel hatte es eine deftige 0:6-Packung gegen die Darmst\u00e4dter gegeben, die Frankfurter waren auf Wiedergutmachung und Beibehaltung der Tabellenf\u00fchrung aus. Und die Partie begann gut f\u00fcr die Gastgeber, in der 8.Minute brachte Kapit\u00e4n Alexander Koziolek seine Mannschaft mit 1:0 in F\u00fchrung, als er einen an ihn selbst verschuldeten Foulelfmeter souver\u00e4n verwandelte. Die Gastgeber waren in der ersten Halbzeit \u00fcberlegen, verpassten aber mehrfach das 2:0, weil scharfe Hereingaben im Strafraum keinen passenden Abnehmer fanden. Die gr\u00f6\u00dfte Chance f\u00fcr die G\u00e4ste in Halbzeit 1 hatte Emin Aykir schon in der 7.Minute, als er einen Fehlpass von Frankfurts Tormann Daniel Zeaiter am leeren Tor vorbeischoss.<\/p>\n<p>In der zweiten Halbzeit erst ein unver\u00e4ndertes Bild, Towa Itamoto schoss in der 54.Minute knapp am Tor vorbei. Doch mit zunehmender Spielzeit \u00fcbernahmen die G\u00e4ste das Kommando und in der 67.Minute konnte Jovan Petkovic einen einschussbereiten Darmst\u00e4dter im letzten Augenblick noch abblocken. Kurz nach der verletzungsbedingten Auswechslung von Itamoto in der 70.Minute und einer durch die Auswechslung bedingten Umstellung in der Abwehr kamen die G\u00e4ste zum Ausgleich, nach einem Ping-Pong in der Abwehr landete der Ball vor den F\u00fc\u00dfen von Nick Neumann, der aus 10 Metern unhaltbar zum 1:1-Ausgleich einschie\u00dfen konnte.<\/p>\n<p>In den letzten 10 Minuten mobilisierten die Gastgeber noch einmal alle Kr\u00e4fte und begannen mit dem Schlussspurt, doch es gab nur noch eine Chance zum Siegtreffer in der 83.Minute. Koziolek tankte sich an der Grundlinie durch und spielte einen R\u00fcckpass auf Abdussamed G\u00fcrsoy, doch dessen Schuss wurde in letzter Sekunde noch zur Ecke abgeblockt. So blieb es bis zum Schluss beim gerechten 1:1, wodurch die Frankfurter vor der Winterpause noch von der zweiten Mannschaft von Kickers Offenbach in der Tabelle \u00fcberholt wurden und auf Platz 2 \u00fcberwintern. Frankfurts Trainer Ibo Cigdem: \u201ees ist ein gerechtes Ergebnis in einem guten Spiel mit hohem Tempo. Wir waren in der Offensive teilweise zu umst\u00e4ndlich und nicht gierig genug, aber man merkt, dass die Mannschaft zum Schluss schon auf dem Zahnfleisch geht, unsere Herangehensweise kostet viel Kraft. Wir waren nicht abgekl\u00e4rt und abgebr\u00fcht genug, um die Tabellenspitze zu verteidigen, aber mit dem zweiten Platz liegen wir voll im Soll und bereiten uns jetzt in Ruhe auf die restlichen Spiele im neuen Jahr vor.\u201c<\/p>\n<h4>Schiedsrichter: Leonard Martin (VfB Ginsheim). Zuschauer: 100.<\/h4>\n<h4>Tore: 1:0 Alexander Koziolek (8., Elfmeter), 1:1 Nick Neumann (71.)<\/h4>\n\n\n<figure class=\"wp-block-image size-large\"><img loading=\"lazy\" decoding=\"async\" width=\"1024\" height=\"768\" src=\"http:\/\/insideamateurfussball-ffm.de\/wp-content\/uploads\/2025\/12\/rwdarmstadt00-1024x768.jpg\" alt=\"\" class=\"wp-image-29698\" srcset=\"https:\/\/insideamateurfussball-ffm.de\/wp-content\/uploads\/2025\/12\/rwdarmstadt00-1024x768.jpg 1024w, https:\/\/insideamateurfussball-ffm.de\/wp-content\/uploads\/2025\/12\/rwdarmstadt00-300x225.jpg 300w, https:\/\/insideamateurfussball-ffm.de\/wp-content\/uploads\/2025\/12\/rwdarmstadt00-768x576.jpg 768w, https:\/\/insideamateurfussball-ffm.de\/wp-content\/uploads\/2025\/12\/rwdarmstadt00-1536x1152.jpg 1536w, https:\/\/insideamateurfussball-ffm.de\/wp-content\/uploads\/2025\/12\/rwdarmstadt00.jpg 2016w\" sizes=\"auto, (max-width: 1024px) 100vw, 1024px\" \/><\/figure>\n\n\n\n<figure class=\"wp-block-image size-large\"><img loading=\"lazy\" decoding=\"async\" width=\"1024\" height=\"768\" src=\"http:\/\/insideamateurfussball-ffm.de\/wp-content\/uploads\/2025\/12\/rwdarmstadt01-1024x768.jpg\" alt=\"\" class=\"wp-image-29699\" srcset=\"https:\/\/insideamateurfussball-ffm.de\/wp-content\/uploads\/2025\/12\/rwdarmstadt01-1024x768.jpg 1024w, https:\/\/insideamateurfussball-ffm.de\/wp-content\/uploads\/2025\/12\/rwdarmstadt01-300x225.jpg 300w, https:\/\/insideamateurfussball-ffm.de\/wp-content\/uploads\/2025\/12\/rwdarmstadt01-768x576.jpg 768w, https:\/\/insideamateurfussball-ffm.de\/wp-content\/uploads\/2025\/12\/rwdarmstadt01-1536x1152.jpg 1536w, https:\/\/insideamateurfussball-ffm.de\/wp-content\/uploads\/2025\/12\/rwdarmstadt01.jpg 2016w\" sizes=\"auto, (max-width: 1024px) 100vw, 1024px\" \/><\/figure>\n\n\n\n<figure class=\"wp-block-image size-large\"><img loading=\"lazy\" decoding=\"async\" width=\"1024\" height=\"768\" src=\"http:\/\/insideamateurfussball-ffm.de\/wp-content\/uploads\/2025\/12\/rwdarmstadt03-1024x768.jpg\" alt=\"\" class=\"wp-image-29701\" srcset=\"https:\/\/insideamateurfussball-ffm.de\/wp-content\/uploads\/2025\/12\/rwdarmstadt03-1024x768.jpg 1024w, https:\/\/insideamateurfussball-ffm.de\/wp-content\/uploads\/2025\/12\/rwdarmstadt03-300x225.jpg 300w, https:\/\/insideamateurfussball-ffm.de\/wp-content\/uploads\/2025\/12\/rwdarmstadt03-768x576.jpg 768w, https:\/\/insideamateurfussball-ffm.de\/wp-content\/uploads\/2025\/12\/rwdarmstadt03-1536x1152.jpg 1536w, https:\/\/insideamateurfussball-ffm.de\/wp-content\/uploads\/2025\/12\/rwdarmstadt03.jpg 2016w\" sizes=\"auto, (max-width: 1024px) 100vw, 1024px\" \/><\/figure>\n\n\n\n<figure class=\"wp-block-image size-large\"><img loading=\"lazy\" decoding=\"async\" width=\"1024\" height=\"768\" src=\"http:\/\/insideamateurfussball-ffm.de\/wp-content\/uploads\/2025\/12\/rwdarmstadt04-1024x768.jpg\" alt=\"\" class=\"wp-image-29702\" srcset=\"https:\/\/insideamateurfussball-ffm.de\/wp-content\/uploads\/2025\/12\/rwdarmstadt04-1024x768.jpg 1024w, https:\/\/insideamateurfussball-ffm.de\/wp-content\/uploads\/2025\/12\/rwdarmstadt04-300x225.jpg 300w, https:\/\/insideamateurfussball-ffm.de\/wp-content\/uploads\/2025\/12\/rwdarmstadt04-768x576.jpg 768w, https:\/\/insideamateurfussball-ffm.de\/wp-content\/uploads\/2025\/12\/rwdarmstadt04-1536x1152.jpg 1536w, https:\/\/insideamateurfussball-ffm.de\/wp-content\/uploads\/2025\/12\/rwdarmstadt04.jpg 2016w\" sizes=\"auto, (max-width: 1024px) 100vw, 1024px\" \/><\/figure>\n\n\n\n<figure class=\"wp-block-image size-large\"><img loading=\"lazy\" decoding=\"async\" width=\"1024\" height=\"768\" src=\"http:\/\/insideamateurfussball-ffm.de\/wp-content\/uploads\/2025\/12\/rwdarmstadt05-1024x768.jpg\" alt=\"\" class=\"wp-image-29703\" srcset=\"https:\/\/insideamateurfussball-ffm.de\/wp-content\/uploads\/2025\/12\/rwdarmstadt05-1024x768.jpg 1024w, https:\/\/insideamateurfussball-ffm.de\/wp-content\/uploads\/2025\/12\/rwdarmstadt05-300x225.jpg 300w, https:\/\/insideamateurfussball-ffm.de\/wp-content\/uploads\/2025\/12\/rwdarmstadt05-768x576.jpg 768w, https:\/\/insideamateurfussball-ffm.de\/wp-content\/uploads\/2025\/12\/rwdarmstadt05-1536x1152.jpg 1536w, https:\/\/insideamateurfussball-ffm.de\/wp-content\/uploads\/2025\/12\/rwdarmstadt05.jpg 2016w\" sizes=\"auto, (max-width: 1024px) 100vw, 1024px\" \/><\/figure>\n\n\n\n<figure class=\"wp-block-image size-large\"><img loading=\"lazy\" decoding=\"async\" width=\"1024\" height=\"768\" src=\"http:\/\/insideamateurfussball-ffm.de\/wp-content\/uploads\/2025\/12\/rwdarmstadt06-1024x768.jpg\" alt=\"\" class=\"wp-image-29704\" srcset=\"https:\/\/insideamateurfussball-ffm.de\/wp-content\/uploads\/2025\/12\/rwdarmstadt06-1024x768.jpg 1024w, https:\/\/insideamateurfussball-ffm.de\/wp-content\/uploads\/2025\/12\/rwdarmstadt06-300x225.jpg 300w, https:\/\/insideamateurfussball-ffm.de\/wp-content\/uploads\/2025\/12\/rwdarmstadt06-768x576.jpg 768w, https:\/\/insideamateurfussball-ffm.de\/wp-content\/uploads\/2025\/12\/rwdarmstadt06-1536x1152.jpg 1536w, https:\/\/insideamateurfussball-ffm.de\/wp-content\/uploads\/2025\/12\/rwdarmstadt06.jpg 2016w\" sizes=\"auto, (max-width: 1024px) 100vw, 1024px\" \/><\/figure>\n\n\n\n<figure class=\"wp-block-image size-large\"><img loading=\"lazy\" decoding=\"async\" width=\"1024\" height=\"768\" src=\"http:\/\/insideamateurfussball-ffm.de\/wp-content\/uploads\/2025\/12\/rwdarmstadt07-1024x768.jpg\" alt=\"\" class=\"wp-image-29705\" srcset=\"https:\/\/insideamateurfussball-ffm.de\/wp-content\/uploads\/2025\/12\/rwdarmstadt07-1024x768.jpg 1024w, https:\/\/insideamateurfussball-ffm.de\/wp-content\/uploads\/2025\/12\/rwdarmstadt07-300x225.jpg 300w, https:\/\/insideamateurfussball-ffm.de\/wp-content\/uploads\/2025\/12\/rwdarmstadt07-768x576.jpg 768w, https:\/\/insideamateurfussball-ffm.de\/wp-content\/uploads\/2025\/12\/rwdarmstadt07-1536x1152.jpg 1536w, https:\/\/insideamateurfussball-ffm.de\/wp-content\/uploads\/2025\/12\/rwdarmstadt07.jpg 2016w\" sizes=\"auto, (max-width: 1024px) 100vw, 1024px\" \/><\/figure>\n\n\n\n<figure class=\"wp-block-image size-large\"><img loading=\"lazy\" decoding=\"async\" width=\"1024\" height=\"768\" src=\"http:\/\/insideamateurfussball-ffm.de\/wp-content\/uploads\/2025\/12\/rwdarmstadt08-1024x768.jpg\" alt=\"\" class=\"wp-image-29706\" srcset=\"https:\/\/insideamateurfussball-ffm.de\/wp-content\/uploads\/2025\/12\/rwdarmstadt08-1024x768.jpg 1024w, https:\/\/insideamateurfussball-ffm.de\/wp-content\/uploads\/2025\/12\/rwdarmstadt08-300x225.jpg 300w, https:\/\/insideamateurfussball-ffm.de\/wp-content\/uploads\/2025\/12\/rwdarmstadt08-768x576.jpg 768w, https:\/\/insideamateurfussball-ffm.de\/wp-content\/uploads\/2025\/12\/rwdarmstadt08-1536x1152.jpg 1536w, https:\/\/insideamateurfussball-ffm.de\/wp-content\/uploads\/2025\/12\/rwdarmstadt08.jpg 2016w\" sizes=\"auto, (max-width: 1024px) 100vw, 1024px\" \/><\/figure>\n\n\n\n<figure class=\"wp-block-image size-large\"><img loading=\"lazy\" decoding=\"async\" width=\"1024\" height=\"768\" src=\"http:\/\/insideamateurfussball-ffm.de\/wp-content\/uploads\/2025\/12\/rwdarmstadt09-1024x768.jpg\" alt=\"\" class=\"wp-image-29707\" srcset=\"https:\/\/insideamateurfussball-ffm.de\/wp-content\/uploads\/2025\/12\/rwdarmstadt09-1024x768.jpg 1024w, https:\/\/insideamateurfussball-ffm.de\/wp-content\/uploads\/2025\/12\/rwdarmstadt09-300x225.jpg 300w, https:\/\/insideamateurfussball-ffm.de\/wp-content\/uploads\/2025\/12\/rwdarmstadt09-768x576.jpg 768w, https:\/\/insideamateurfussball-ffm.de\/wp-content\/uploads\/2025\/12\/rwdarmstadt09-1536x1152.jpg 1536w, https:\/\/insideamateurfussball-ffm.de\/wp-content\/uploads\/2025\/12\/rwdarmstadt09.jpg 2016w\" sizes=\"auto, (max-width: 1024px) 100vw, 1024px\" \/><\/figure>\n\n\n\n<figure class=\"wp-block-image size-large\"><img loading=\"lazy\" decoding=\"async\" width=\"1024\" height=\"768\" src=\"http:\/\/insideamateurfussball-ffm.de\/wp-content\/uploads\/2025\/12\/rwdarmstadt10-1024x768.jpg\" alt=\"\" class=\"wp-image-29708\" srcset=\"https:\/\/insideamateurfussball-ffm.de\/wp-content\/uploads\/2025\/12\/rwdarmstadt10-1024x768.jpg 1024w, https:\/\/insideamateurfussball-ffm.de\/wp-content\/uploads\/2025\/12\/rwdarmstadt10-300x225.jpg 300w, https:\/\/insideamateurfussball-ffm.de\/wp-content\/uploads\/2025\/12\/rwdarmstadt10-768x576.jpg 768w, https:\/\/insideamateurfussball-ffm.de\/wp-content\/uploads\/2025\/12\/rwdarmstadt10-1536x1152.jpg 1536w, https:\/\/insideamateurfussball-ffm.de\/wp-content\/uploads\/2025\/12\/rwdarmstadt10.jpg 2016w\" sizes=\"auto, (max-width: 1024px) 100vw, 1024px\" \/><\/figure>\n\n\n\n<figure class=\"wp-block-image size-large\"><img loading=\"lazy\" decoding=\"async\" width=\"1024\" height=\"768\" src=\"http:\/\/insideamateurfussball-ffm.de\/wp-content\/uploads\/2025\/12\/rwdarmstadt11-1024x768.jpg\" alt=\"\" class=\"wp-image-29709\" srcset=\"https:\/\/insideamateurfussball-ffm.de\/wp-content\/uploads\/2025\/12\/rwdarmstadt11-1024x768.jpg 1024w, https:\/\/insideamateurfussball-ffm.de\/wp-content\/uploads\/2025\/12\/rwdarmstadt11-300x225.jpg 300w, https:\/\/insideamateurfussball-ffm.de\/wp-content\/uploads\/2025\/12\/rwdarmstadt11-768x576.jpg 768w, https:\/\/insideamateurfussball-ffm.de\/wp-content\/uploads\/2025\/12\/rwdarmstadt11-1536x1152.jpg 1536w, https:\/\/insideamateurfussball-ffm.de\/wp-content\/uploads\/2025\/12\/rwdarmstadt11.jpg 2016w\" sizes=\"auto, (max-width: 1024px) 100vw, 1024px\" \/><\/figure>\n","protected":false},"excerpt":{"rendered":"<p>Mit dem 1:1-Unentschieden gegen RW Darmstadt musste die Mannschaft von RW Frankfurt die Tabellenf\u00fchrung wieder abgeben und \u00fcberwintert hinter der zweiten Mannschaft von Kickers Offenbach auf Platz 2 in der Verbandsliga. SG RW Frankfurt &#8211; SKV RW Darmstadt 1:1 (1:0) Rot-Wei\u00df Frankfurt verpasste es im letzten Spiel gegen den Namensvetter RW Darmstadt, als Spitzenreiter in [&hellip;]<\/p>\n","protected":false},"author":3,"featured_media":29700,"comment_status":"closed","ping_status":"open","sticky":true,"template":"","format":"standard","meta":{"footnotes":""},"categories":[10],"tags":[],"class_list":["post-29697","post","type-post","status-publish","format-standard","has-post-thumbnail","hentry","category-verbandsliga-sued"],"_links":{"self":[{"href":"https:\/\/insideamateurfussball-ffm.de\/index.php?rest_route=\/wp\/v2\/posts\/29697","targetHints":{"allow":["GET"]}}],"collection":[{"href":"https:\/\/insideamateurfussball-ffm.de\/index.php?rest_route=\/wp\/v2\/posts"}],"about":[{"href":"https:\/\/insideamateurfussball-ffm.de\/index.php?rest_route=\/wp\/v2\/types\/post"}],"author":[{"embeddable":true,"href":"https:\/\/insideamateurfussball-ffm.de\/index.php?rest_route=\/wp\/v2\/users\/3"}],"replies":[{"embeddable":true,"href":"https:\/\/insideamateurfussball-ffm.de\/index.php?rest_route=%2Fwp%2Fv2%2Fcomments&post=29697"}],"version-history":[{"count":4,"href":"https:\/\/insideamateurfussball-ffm.de\/index.php?rest_route=\/wp\/v2\/posts\/29697\/revisions"}],"predecessor-version":[{"id":29713,"href":"https:\/\/insideamateurfussball-ffm.de\/index.php?rest_route=\/wp\/v2\/posts\/29697\/revisions\/29713"}],"wp:featuredmedia":[{"embeddable":true,"href":"https:\/\/insideamateurfussball-ffm.de\/index.php?rest_route=\/wp\/v2\/media\/29700"}],"wp:attachment":[{"href":"https:\/\/insideamateurfussball-ffm.de\/index.php?rest_route=%2Fwp%2Fv2%2Fmedia&parent=29697"}],"wp:term":[{"taxonomy":"category","embeddable":true,"href":"https:\/\/insideamateurfussball-ffm.de\/index.php?rest_route=%2Fwp%2Fv2%2Fcategories&post=29697"},{"taxonomy":"post_tag","embeddable":true,"href":"https:\/\/insideamateurfussball-ffm.de\/index.php?rest_route=%2Fwp%2Fv2%2Ftags&post=29697"}],"curies":[{"name":"wp","href":"https:\/\/api.w.org\/{rel}","templated":true}]}}