{"id":29694,"date":"2025-12-01T14:14:00","date_gmt":"2025-12-01T13:14:00","guid":{"rendered":"https:\/\/insideamateurfussball-ffm.de\/?p=29694"},"modified":"2025-12-01T14:14:00","modified_gmt":"2025-12-01T13:14:00","slug":"kalbach-verschenkt-zwei-punkte-in-der-nachspielzeit","status":"publish","type":"post","link":"https:\/\/insideamateurfussball-ffm.de\/?p=29694","title":{"rendered":"Kalbach verschenkt zwei Punkte in der Nachspielzeit"},"content":{"rendered":"<h4>Bis zur 90.Minute f\u00fchrte der FC Kalbach gegen die Sportfreunde Seligenstadt mit 3:1, doch in der Nachspielzeit kassierten die in \u00dcberzahl spielenden Gastgeber noch zwei Tore zum 3:3-Unentschieden.<\/h4>\n<figure id=\"attachment_27164\" aria-describedby=\"caption-attachment-27164\" style=\"width: 2016px\" class=\"wp-caption alignnone\"><img loading=\"lazy\" decoding=\"async\" class=\"wp-image-27164 size-full\" src=\"http:\/\/insideamateurfussball-ffm.de\/wp-content\/uploads\/2025\/08\/seligenstadrkalbach03.jpg\" alt=\"\" width=\"2016\" height=\"1512\" srcset=\"https:\/\/insideamateurfussball-ffm.de\/wp-content\/uploads\/2025\/08\/seligenstadrkalbach03.jpg 2016w, https:\/\/insideamateurfussball-ffm.de\/wp-content\/uploads\/2025\/08\/seligenstadrkalbach03-300x225.jpg 300w, https:\/\/insideamateurfussball-ffm.de\/wp-content\/uploads\/2025\/08\/seligenstadrkalbach03-1024x768.jpg 1024w, https:\/\/insideamateurfussball-ffm.de\/wp-content\/uploads\/2025\/08\/seligenstadrkalbach03-768x576.jpg 768w, https:\/\/insideamateurfussball-ffm.de\/wp-content\/uploads\/2025\/08\/seligenstadrkalbach03-1536x1152.jpg 1536w\" sizes=\"auto, (max-width: 2016px) 100vw, 2016px\" \/><figcaption id=\"caption-attachment-27164\" class=\"wp-caption-text\">Auch diesmal trennten sich Seligenstadt und Kalbach Unentschieden. Foto: Archiv MZ<\/figcaption><\/figure>\n<h4>FC Kalbach &#8211; Sportfreunde Seligenstadt 3:3 (1:1)<\/h4>\n<p><img loading=\"lazy\" decoding=\"async\" class=\"alignnone size-full wp-image-16\" src=\"http:\/\/insideamateurfussball-ffm.de\/wp-content\/uploads\/2021\/11\/kalbach-wappen.jpg\" alt=\"\" width=\"80\" height=\"80\" \/><img loading=\"lazy\" decoding=\"async\" class=\"alignnone size-full wp-image-2324\" src=\"http:\/\/insideamateurfussball-ffm.de\/wp-content\/uploads\/2022\/08\/Seligen.jpg\" alt=\"\" width=\"72\" height=\"80\" \/><\/p>\n<p>Zum vierten Mal in Folge nicht verloren, in der Tabelle an Neu-Anspach vorbei auf den derzeitigen Relegationsplatz gesprungen, ein gutes Spiel gemacht, und doch sah man nach dem Schlusspfiff beim FC Kalbach nur entt\u00e4uschte Gesichter. Das lag daran, dass man in \u00dcberzahl nach dem 3:1 in der 87.Minute in der Nachspielzeit noch zwei Tore von den Sportfreunden Seligenstadt eingeschenkt bekam und sich mit einem 3:3 zufriedengeben musste.<\/p>\n<p>Seit 2007 ist der FC Kalbach gegen die Sportfreunde Seligenstadt in Punktspielen ungeschlagen, bei 8 Spielen gab es 2 Siege und 6 Unentschieden, bereits zum vierten Mal endete das Spiel der beiden mit 3:3. Die Gastgeber aus Kalbach konnten in der 20.Minute nach einem Kopfballtor von Ricardo Harrabi mit 1:0 in F\u00fchrung gehen, die Seligenstadt jedoch in der 32.Minute durch ein Tor von Robin Weber ausgleichen konnte, mit dem 1:1 wurden dann auch die Seiten gewechselt. In der zweiten Halbzeit entwickelte Kalbachs Trainer Aze Dine Zarioh bei seinen Einwechslungen ein gl\u00fcckliches H\u00e4ndchen, in der 61.Minute brachte der erst 6 Minuten vorher eingewechselte Shuto Ishino die Gastgeber wieder mit 2:1 in F\u00fchrung. Ab der 73.Minute musste der Gast dann mal wieder in Unterzahl spielen, Paul Marti Kern erhielt nach einer T\u00e4tlichkeit, so Kalbachs Vorstandsmitglied Manni Meyer, die rote Karte, das war f\u00fcr Seligenstadt bereits die 8 rote Karte in dieser Saison, was abgeschlagen den letzten Platz in der Fairness-Tabelle bedeutet.<\/p>\n<p>Als der nur eine Minute vorher eingewechselte Konstantin Marko Petrovic in der 87.Minute das 3:1 f\u00fcr die Gastgeber schoss, sah alles nach einem Sieg f\u00fcr Kalbach aus, doch der \u201eFu\u00dfballgott\u201c hatte f\u00fcr diesen Nachmittag ein anderes Drehbuch geschrieben. Seligenstadts Trainer Nico Wegmann wechselte noch zweimal und die G\u00e4ste schlugen nur hohe B\u00e4lle in den Kalbacher Strafraum auf ihre k\u00f6rperlich starken Spieler, und waren zweimal erfolgreich. In der zweiten Minute der Nachspielzeit war es der eingewechselte John Betz, der mit einem Fallr\u00fcckzieher auf 2:3 verk\u00fcrzte, und in der 5.Minute der Nachspielzeit war Weber dann zum Ausgleich erfolgreich.<\/p>\n<p>Meyer: \u201eDas haben die Spieler nicht verdient, die bessere Mannschaft hat sich am Ende nicht belohnt, die Jungs haben ein Klasse Spiel gemacht.\u201c In die Winterpause geht der FC Kalbach auf dem 14.Tabellenplatz, der nach jetziger Konstellation bei einem Absteiger aus der Hessenliga den Relegationsplatz bedeuten w\u00fcrde.<\/p>\n<h4>Schiedsrichter: Fynn Felix Walter (SV Wiesbaden). Zuschauer: 50.<\/h4>\n<h4>Tore: 1:0 Ricardo Harrabi (20.), 1:1 Robin Weber (32.), 2:1 Shuto Ishino (61.), 3:1 Konstantin Marko Petrovic (87.), 3:2 John Betz (90.+2), 3:3 Robin Weber (90.+5)<\/h4>\n","protected":false},"excerpt":{"rendered":"<p>Bis zur 90.Minute f\u00fchrte der FC Kalbach gegen die Sportfreunde Seligenstadt mit 3:1, doch in der Nachspielzeit kassierten die in \u00dcberzahl spielenden Gastgeber noch zwei Tore zum 3:3-Unentschieden. FC Kalbach &#8211; Sportfreunde Seligenstadt 3:3 (1:1) Zum vierten Mal in Folge nicht verloren, in der Tabelle an Neu-Anspach vorbei auf den derzeitigen Relegationsplatz gesprungen, ein gutes [&hellip;]<\/p>\n","protected":false},"author":3,"featured_media":27164,"comment_status":"closed","ping_status":"open","sticky":true,"template":"","format":"standard","meta":{"footnotes":""},"categories":[10],"tags":[],"class_list":["post-29694","post","type-post","status-publish","format-standard","has-post-thumbnail","hentry","category-verbandsliga-sued"],"_links":{"self":[{"href":"https:\/\/insideamateurfussball-ffm.de\/index.php?rest_route=\/wp\/v2\/posts\/29694","targetHints":{"allow":["GET"]}}],"collection":[{"href":"https:\/\/insideamateurfussball-ffm.de\/index.php?rest_route=\/wp\/v2\/posts"}],"about":[{"href":"https:\/\/insideamateurfussball-ffm.de\/index.php?rest_route=\/wp\/v2\/types\/post"}],"author":[{"embeddable":true,"href":"https:\/\/insideamateurfussball-ffm.de\/index.php?rest_route=\/wp\/v2\/users\/3"}],"replies":[{"embeddable":true,"href":"https:\/\/insideamateurfussball-ffm.de\/index.php?rest_route=%2Fwp%2Fv2%2Fcomments&post=29694"}],"version-history":[{"count":2,"href":"https:\/\/insideamateurfussball-ffm.de\/index.php?rest_route=\/wp\/v2\/posts\/29694\/revisions"}],"predecessor-version":[{"id":29696,"href":"https:\/\/insideamateurfussball-ffm.de\/index.php?rest_route=\/wp\/v2\/posts\/29694\/revisions\/29696"}],"wp:featuredmedia":[{"embeddable":true,"href":"https:\/\/insideamateurfussball-ffm.de\/index.php?rest_route=\/wp\/v2\/media\/27164"}],"wp:attachment":[{"href":"https:\/\/insideamateurfussball-ffm.de\/index.php?rest_route=%2Fwp%2Fv2%2Fmedia&parent=29694"}],"wp:term":[{"taxonomy":"category","embeddable":true,"href":"https:\/\/insideamateurfussball-ffm.de\/index.php?rest_route=%2Fwp%2Fv2%2Fcategories&post=29694"},{"taxonomy":"post_tag","embeddable":true,"href":"https:\/\/insideamateurfussball-ffm.de\/index.php?rest_route=%2Fwp%2Fv2%2Ftags&post=29694"}],"curies":[{"name":"wp","href":"https:\/\/api.w.org\/{rel}","templated":true}]}}