{"id":2969,"date":"2022-10-03T02:00:16","date_gmt":"2022-10-03T00:00:16","guid":{"rendered":"http:\/\/insideamateurfussball-ffm.de\/?p=2969"},"modified":"2025-01-09T15:47:44","modified_gmt":"2025-01-09T14:47:44","slug":"naziri-trifft-per-fallrueckzieher","status":"publish","type":"post","link":"https:\/\/insideamateurfussball-ffm.de\/?p=2969","title":{"rendered":"Nur Naziri kann Teufelskerl Erjol \u00fcberwinden"},"content":{"rendered":"<h5><span style=\"font-size: 16px;\">Der FC Kosova tritt derzeit in der Kreisoberliga Frankfurt auf der Stelle. Durch das 1:1 (1:1) gegen Gruppenliga-Absteiger SG Westend ist die Mannschaft von Trainer Alvaro Zalla seit vier Partien ohne Sieg. Die G\u00e4ste stehen punktgleich mit den Kosovaren im Mittelfeld des Klassements.\u00a0<\/span><\/h5>\n<figure id=\"attachment_2970\" aria-describedby=\"caption-attachment-2970\" style=\"width: 313px\" class=\"wp-caption alignnone\"><img loading=\"lazy\" decoding=\"async\" class=\"wp-image-2970\" src=\"http:\/\/insideamateurfussball-ffm.de\/wp-content\/uploads\/2022\/10\/west1-1-300x207.jpg\" alt=\"\" width=\"313\" height=\"216\" \/><figcaption id=\"caption-attachment-2970\" class=\"wp-caption-text\"><strong>Westends Abwehrchef Romal Naziri traf per Fallr\u00fcckzieher. Foto: Mithat G\u00fcrser. <\/strong><\/figcaption><\/figure>\n<h5><span style=\"font-size: 16px;\">FC Kosova &#8211; SG Westend 1:1 (1:1)<\/span><\/h5>\n<p><img loading=\"lazy\" decoding=\"async\" class=\"alignnone size-full wp-image-9\" src=\"http:\/\/insideamateurfussball-ffm.de\/wp-content\/uploads\/2021\/11\/Kosova.jpg\" alt=\"\" width=\"65\" height=\"80\" \/><img loading=\"lazy\" decoding=\"async\" class=\"alignnone size-full wp-image-611\" src=\"http:\/\/insideamateurfussball-ffm.de\/wp-content\/uploads\/2022\/06\/Westend.png\" alt=\"\" width=\"69\" height=\"80\" \/><\/p>\n<p><span style=\"font-size: 16px; color: #999999;\">Westends Sportlicher Leiter Thomas Horn hatte im Schatten des Fernsehturms ein &#8222;richtig gutes Fu\u00dfballspiel&#8220; gesehen. F\u00fcr das Unentschieden zeichnete sich laut Horn Kosovas Torh\u00fcter Murati Erjol verantwortlich. &#8222;Ohne diesen Torh\u00fcter w\u00e4re Kosova untergegangen. Unglaublich, was der alles rausgeholt hat.&#8220; Die Gastgeber nahmen zu Beginn das Spiel in die Hand. Westend war in dieser Phase zu defensiv. Horn beklagte, dass die Partie unter &#8222;diversen Fehlentscheidungen des Schiedsrichters, vor allen zu ungunsten von Westend&#8220; gelitten habe. <\/span><\/p>\n<p><span style=\"font-size: 16px; color: #999999;\">Eine klare T\u00e4tlichkeit in der 8. Minute habe der Referee mit der Gelben Karte bedacht. Das F\u00fchrungstor der Kosovaren durch Huanito Rreshka (10.) sei aus Abseitsposition gefallen. In der Folge verteilte der Unparteiische eine ganze Reihe an Gelben Karten, vor allem f\u00fcr die Gastmannschaft. In der Folge war Westend am Dr\u00fccker, das Spiel kippte mehr in die Richtung der G\u00e4ste. &#8222;Wir haben irgendwann die H\u00e4rte und Emotionen des Spiels angenommen und das Spiel in die Hand genommen&#8220;, erkl\u00e4rte Horn.<\/span><\/p>\n<h5><span style=\"font-size: 16px;\">Erjol im Kosova-Tor \u00fcberragend\u00a0<\/span><\/h5>\n<p><span style=\"font-size: 16px; color: #999999;\"> Der Pfostenschuss von Amin Kambuhe war schon die erste Warnung f\u00fcr die Platzherren (37.). Nach einem abgeblockten Freisto\u00df von Tarik Camajcanin setzte Westends Abwehrchef Romal Naziri zum Fallr\u00fcckzieher an und traf zum Ausgleich (41.). Kurz vor der Pause lenkte Erjol einen Naziri-Kopfball \u00fcber die Latte. Nach der Pause ging es weiter auf das Heimtor, denn Westends Eldan Kurpejovic traf die Querlatte (50.). Kurz danach chippte Kambuhe den Ball \u00fcber Kosova-Keeper Erjol, der Ball dotzte auf und sprang an die Latte.\u00a0<\/span><\/p>\n<p><span style=\"font-size: 16px; color: #999999;\">Kosova erhielt in der 79. Minute eine Zehn Minuten-Strafe und danach entwickelte Westend einen extremen Druck. &#8222;Wir wollten es erzwingen und waren zu offen&#8220;, sagte Horn. Doch Erjol holte noch &#8222;fast unhaltbare Sch\u00fcsse&#8220; von Kenam Hadzic und Naziri aus dem Winkel. &#8222;Wie der diese B\u00e4lle gehalten hat, keine Ahnung. So einen starken Torh\u00fcter habe ich selten gesehen. Kosova kann sich bei ihm bedanken, dass wir nur einmal an ihm vorbei gekommen sind&#8220;, lobte Horn.\u00a0\u00a0<\/span><\/p>\n<h5><span style=\"font-size: 16px;\">Schiedsrichter: Til Waschkowitz (Darmstadt). Zuschauer: 50. <\/span><\/h5>\n<h5><span style=\"font-size: 16px;\">Tore: 1:0 Huanito Rreshka (10.), 1:1 Romal Naziri (41.).<\/span><\/h5>\n","protected":false},"excerpt":{"rendered":"<p>Der FC Kosova tritt derzeit in der Kreisoberliga Frankfurt auf der Stelle. Durch das 1:1 (1:1) gegen Gruppenliga-Absteiger SG Westend ist die Mannschaft von Trainer Alvaro Zalla seit vier Partien ohne Sieg. Die G\u00e4ste stehen punktgleich mit den Kosovaren im Mittelfeld des Klassements.\u00a0 FC Kosova &#8211; SG Westend 1:1 (1:1) Westends Sportlicher Leiter Thomas Horn [&hellip;]<\/p>\n","protected":false},"author":1,"featured_media":0,"comment_status":"open","ping_status":"open","sticky":false,"template":"","format":"standard","meta":{"footnotes":""},"categories":[2],"tags":[],"class_list":["post-2969","post","type-post","status-publish","format-standard","hentry","category-kreisoberliga-frankfurt"],"_links":{"self":[{"href":"https:\/\/insideamateurfussball-ffm.de\/index.php?rest_route=\/wp\/v2\/posts\/2969","targetHints":{"allow":["GET"]}}],"collection":[{"href":"https:\/\/insideamateurfussball-ffm.de\/index.php?rest_route=\/wp\/v2\/posts"}],"about":[{"href":"https:\/\/insideamateurfussball-ffm.de\/index.php?rest_route=\/wp\/v2\/types\/post"}],"author":[{"embeddable":true,"href":"https:\/\/insideamateurfussball-ffm.de\/index.php?rest_route=\/wp\/v2\/users\/1"}],"replies":[{"embeddable":true,"href":"https:\/\/insideamateurfussball-ffm.de\/index.php?rest_route=%2Fwp%2Fv2%2Fcomments&post=2969"}],"version-history":[{"count":9,"href":"https:\/\/insideamateurfussball-ffm.de\/index.php?rest_route=\/wp\/v2\/posts\/2969\/revisions"}],"predecessor-version":[{"id":3008,"href":"https:\/\/insideamateurfussball-ffm.de\/index.php?rest_route=\/wp\/v2\/posts\/2969\/revisions\/3008"}],"wp:attachment":[{"href":"https:\/\/insideamateurfussball-ffm.de\/index.php?rest_route=%2Fwp%2Fv2%2Fmedia&parent=2969"}],"wp:term":[{"taxonomy":"category","embeddable":true,"href":"https:\/\/insideamateurfussball-ffm.de\/index.php?rest_route=%2Fwp%2Fv2%2Fcategories&post=2969"},{"taxonomy":"post_tag","embeddable":true,"href":"https:\/\/insideamateurfussball-ffm.de\/index.php?rest_route=%2Fwp%2Fv2%2Ftags&post=2969"}],"curies":[{"name":"wp","href":"https:\/\/api.w.org\/{rel}","templated":true}]}}