{"id":29686,"date":"2025-11-28T17:11:29","date_gmt":"2025-11-28T16:11:29","guid":{"rendered":"https:\/\/insideamateurfussball-ffm.de\/?p=29686"},"modified":"2025-11-28T17:15:07","modified_gmt":"2025-11-28T16:15:07","slug":"fechenheim-findet-in-beienheim-kaum-zugriff","status":"publish","type":"post","link":"https:\/\/insideamateurfussball-ffm.de\/?p=29686","title":{"rendered":"Fechenheim findet in Beienheim kaum Zugriff"},"content":{"rendered":"<h3>Der ung\u00fcnstige Nachholtermin am Donnerstagabend f\u00fchrte dazu, dass die Spvgg. 03 Fechenheim nur mit 13 Spielern im Aufgebot zum SKV Beienheim anreiste. Die formstarken Gastgeber gewannen das Spiel gegen die schlechteste Defensive der Gruppenliga Frankfurt West deutlich mit 5:2 (2:0).\u00a0<\/h3>\n<figure id=\"attachment_29687\" aria-describedby=\"caption-attachment-29687\" style=\"width: 640px\" class=\"wp-caption alignright\"><img loading=\"lazy\" decoding=\"async\" class=\"wp-image-29687 size-large\" src=\"http:\/\/insideamateurfussball-ffm.de\/wp-content\/uploads\/2025\/11\/Bei-Fech-1024x577.jpg\" alt=\"\" width=\"640\" height=\"361\" srcset=\"https:\/\/insideamateurfussball-ffm.de\/wp-content\/uploads\/2025\/11\/Bei-Fech-1024x577.jpg 1024w, https:\/\/insideamateurfussball-ffm.de\/wp-content\/uploads\/2025\/11\/Bei-Fech-300x169.jpg 300w, https:\/\/insideamateurfussball-ffm.de\/wp-content\/uploads\/2025\/11\/Bei-Fech-768x432.jpg 768w, https:\/\/insideamateurfussball-ffm.de\/wp-content\/uploads\/2025\/11\/Bei-Fech-1536x865.jpg 1536w, https:\/\/insideamateurfussball-ffm.de\/wp-content\/uploads\/2025\/11\/Bei-Fech.jpg 2048w\" sizes=\"auto, (max-width: 640px) 100vw, 640px\" \/><figcaption id=\"caption-attachment-29687\" class=\"wp-caption-text\">Fechenheims Kapit\u00e4n Felix Casalino (Nummer elf) wurde ausgewechselt und wieder eingewechselt. Foto: PA.<\/figcaption><\/figure>\n<h3>SKV Beienheim &#8211; Spvgg. 03 Fechenheim 5:2 (2:0)<\/h3>\n<p><img loading=\"lazy\" decoding=\"async\" class=\"alignnone size-full wp-image-545\" src=\"http:\/\/insideamateurfussball-ffm.de\/wp-content\/uploads\/2022\/06\/SKV-Beienh.jpg\" alt=\"\" width=\"79\" height=\"80\" \/><img loading=\"lazy\" decoding=\"async\" class=\"alignnone size-full wp-image-603\" src=\"http:\/\/insideamateurfussball-ffm.de\/wp-content\/uploads\/2022\/06\/Fech03.jpg\" alt=\"\" width=\"52\" height=\"80\" \/><\/p>\n<p>Vor 105 Zuschauern fanden die Fechenheimer auf dem schwer zu bespielenden Rasenplatz kaum Zugriff, standen viel zu weit weg von den Gegenspielern.<\/p>\n<p>So konnte der Verbandsliga-Absteiger schnell durch S\u00f6ren Reich in F\u00fchrung gehen (3.), die Sturmpartner Andrei Dogot erh\u00f6hte (18.). In der Folge bewahrte Fechenheims Torh\u00fcter Armin Buchholz die G\u00e4ste mit mehreren Paraden vor einem h\u00f6heren R\u00fcckstand. Nach zwei Wechseln kurz vor der Pause vollzog G\u00e4stecoach Necip Incesu der neuen Regel zufolge noch drei R\u00fcckwechsel im zweiten Abschnitt.<\/p>\n<h3><span style=\"text-decoration: underline;\">Kapit\u00e4n Casalino verk\u00fcrzt per Handelfmeter<\/span><\/h3>\n<p>Nach dem Seitenwechsel hatte Fechenheim die einzige gute Phase, verk\u00fcrzte nach einer Ecke durch Tim Stahl (52.). Doch die resoluten und k\u00f6rperlich starken Wetterauer erh\u00f6hten mit Dogot (62.\/68.) und Ben-Louis Sch\u00e4fer (72.) auf 5:1. Per Handelfmeter verk\u00fcrzte Fechenheims Kapit\u00e4n Felix Casalino mit dem Schlusspfiff (90.\/+1). &#8222;Die Niederlage war auch in der H\u00f6he absolut verdient. Dank der Paraden von Buchholz hielt sich die Niederlage in Grenzen. Die Leistung hat zum Platz, zum Wetter und diesem uns\u00e4glichen Nachholtermin gepasst, der \u00fcber unseren Kopf hinweg angesetzt wurde&#8220;, beklagte Incesu.<\/p>\n<p>&#8222;Wenn wir so am Sonntag bei Spitzenreiter SV Bosnien\/Herzegowina auftreten, gehen wir unter&#8220;, meinte der Ex-Profi, dessen Team nun schon 61 Gegentore kassieren musste. Beienheim f\u00e4hrt nach dem f\u00fcnften Sieg in Folge selbstbewusst zum Rangdritten FC Tempo.<\/p>\n<h3><span style=\"text-decoration: underline;\">Schiedsrichter: Lars Tautz (SV M\u00fcnster). Zuschauer: 105. <\/span><\/h3>\n<h3><span style=\"text-decoration: underline;\">Tore: 1:0 S\u00f6ren Reich (3.), 2:0 Andrej Dogot (18.), 2:1 Tim Stahl (52.), 3:1, 4:1 Andrej Dogot (62.\/68.), 5:1 Ben-Louis Sch\u00e4fer (72.), 5:2 Felix Casalino (90.\/+1, Handelfmeter).<\/span><\/h3>\n<h3>\u00a0\u00a0<\/h3>\n\n\n<p><\/p>\n","protected":false},"excerpt":{"rendered":"<p>Der ung\u00fcnstige Nachholtermin am Donnerstagabend f\u00fchrte dazu, dass die Spvgg. 03 Fechenheim nur mit 13 Spielern im Aufgebot zum SKV Beienheim anreiste. Die formstarken Gastgeber gewannen das Spiel gegen die schlechteste Defensive der Gruppenliga Frankfurt West deutlich mit 5:2 (2:0).\u00a0 SKV Beienheim &#8211; Spvgg. 03 Fechenheim 5:2 (2:0) Vor 105 Zuschauern fanden die Fechenheimer auf [&hellip;]<\/p>\n","protected":false},"author":1,"featured_media":29687,"comment_status":"closed","ping_status":"closed","sticky":true,"template":"","format":"standard","meta":{"footnotes":""},"categories":[13],"tags":[],"class_list":["post-29686","post","type-post","status-publish","format-standard","has-post-thumbnail","hentry","category-gruppenliga-frankfurt-west"],"_links":{"self":[{"href":"https:\/\/insideamateurfussball-ffm.de\/index.php?rest_route=\/wp\/v2\/posts\/29686","targetHints":{"allow":["GET"]}}],"collection":[{"href":"https:\/\/insideamateurfussball-ffm.de\/index.php?rest_route=\/wp\/v2\/posts"}],"about":[{"href":"https:\/\/insideamateurfussball-ffm.de\/index.php?rest_route=\/wp\/v2\/types\/post"}],"author":[{"embeddable":true,"href":"https:\/\/insideamateurfussball-ffm.de\/index.php?rest_route=\/wp\/v2\/users\/1"}],"replies":[{"embeddable":true,"href":"https:\/\/insideamateurfussball-ffm.de\/index.php?rest_route=%2Fwp%2Fv2%2Fcomments&post=29686"}],"version-history":[{"count":4,"href":"https:\/\/insideamateurfussball-ffm.de\/index.php?rest_route=\/wp\/v2\/posts\/29686\/revisions"}],"predecessor-version":[{"id":29692,"href":"https:\/\/insideamateurfussball-ffm.de\/index.php?rest_route=\/wp\/v2\/posts\/29686\/revisions\/29692"}],"wp:featuredmedia":[{"embeddable":true,"href":"https:\/\/insideamateurfussball-ffm.de\/index.php?rest_route=\/wp\/v2\/media\/29687"}],"wp:attachment":[{"href":"https:\/\/insideamateurfussball-ffm.de\/index.php?rest_route=%2Fwp%2Fv2%2Fmedia&parent=29686"}],"wp:term":[{"taxonomy":"category","embeddable":true,"href":"https:\/\/insideamateurfussball-ffm.de\/index.php?rest_route=%2Fwp%2Fv2%2Fcategories&post=29686"},{"taxonomy":"post_tag","embeddable":true,"href":"https:\/\/insideamateurfussball-ffm.de\/index.php?rest_route=%2Fwp%2Fv2%2Ftags&post=29686"}],"curies":[{"name":"wp","href":"https:\/\/api.w.org\/{rel}","templated":true}]}}