{"id":29679,"date":"2025-11-27T17:41:28","date_gmt":"2025-11-27T16:41:28","guid":{"rendered":"https:\/\/insideamateurfussball-ffm.de\/?p=29679"},"modified":"2025-11-27T17:46:18","modified_gmt":"2025-11-27T16:46:18","slug":"kalbach-zieht-zweistellig-ins-viertelfinale-ein","status":"publish","type":"post","link":"https:\/\/insideamateurfussball-ffm.de\/?p=29679","title":{"rendered":"Kalbach zieht zweistellig ins Viertelfinale ein"},"content":{"rendered":"<h3>Als letzter Verein qualifizierte sich Verbandsligist FC Kalbach f\u00fcr das Viertelfinale im Kreispokal. Beim A-Ligisten FC Heisenrath Goldstein gab es im Achtelfinale einen 13:0-Sieg.<\/h3>\n<figure id=\"attachment_29680\" aria-describedby=\"caption-attachment-29680\" style=\"width: 640px\" class=\"wp-caption alignright\"><img loading=\"lazy\" decoding=\"async\" class=\"wp-image-29680 size-large\" src=\"http:\/\/insideamateurfussball-ffm.de\/wp-content\/uploads\/2025\/11\/Hei-Kal-1024x577.jpg\" alt=\"\" width=\"640\" height=\"361\" srcset=\"https:\/\/insideamateurfussball-ffm.de\/wp-content\/uploads\/2025\/11\/Hei-Kal-1024x577.jpg 1024w, https:\/\/insideamateurfussball-ffm.de\/wp-content\/uploads\/2025\/11\/Hei-Kal-300x169.jpg 300w, https:\/\/insideamateurfussball-ffm.de\/wp-content\/uploads\/2025\/11\/Hei-Kal-768x432.jpg 768w, https:\/\/insideamateurfussball-ffm.de\/wp-content\/uploads\/2025\/11\/Hei-Kal-1536x865.jpg 1536w, https:\/\/insideamateurfussball-ffm.de\/wp-content\/uploads\/2025\/11\/Hei-Kal.jpg 2048w\" sizes=\"auto, (max-width: 640px) 100vw, 640px\" \/><figcaption id=\"caption-attachment-29680\" class=\"wp-caption-text\">Klar \u00fcberlegen: Kalbach in wei\u00df gewann zweistellig bei Heisenrath. Foto: PA.<\/figcaption><\/figure>\n<h3>FC Heisenrath Goldstein &#8211; FC Kalbach 0:13 (0:7)<\/h3>\n<p><img loading=\"lazy\" decoding=\"async\" class=\"alignnone size-full wp-image-761\" src=\"http:\/\/insideamateurfussball-ffm.de\/wp-content\/uploads\/2022\/06\/Heisen.jpg\" alt=\"\" width=\"80\" height=\"73\" \/><img loading=\"lazy\" decoding=\"async\" class=\"alignnone size-full wp-image-16\" src=\"http:\/\/insideamateurfussball-ffm.de\/wp-content\/uploads\/2021\/11\/kalbach-wappen.jpg\" alt=\"\" width=\"80\" height=\"80\" \/><\/p>\n<p>Der Tabellenelfte der Kreisliga A2 \u00fcberraschte im Aufstellungsbogen mit zwei ehemaligen Hessenliga-Spielern. Die Br\u00fcder Farid und Moubarak Affo (fr\u00fcher unter anderem beim FV Bad Vilbel) haben sich k\u00fcrzlich Heisenrath angeschlossen, kamen aber im Pokalspiel nicht zum Einsatz. Farid erzielte letzten Sonntag im Ligaspiel gegen TuS Nieder-Eschbach den Ausgleich. &#8222;Wir wohnen jetzt in Goldstein und wollen nicht mehr h\u00f6herklassig spielen&#8220;, meinte der 33-j\u00e4hrige Farid Affo, nachdem er uns wiedererkannt hatte. Mit dem Zwillingsbruderpaar d\u00fcrfte Heisenrath in der A-Klasse noch einige Pl\u00e4tze gut machen, im Pokal stand das Team von Trainer Hakan Yildiz gegen die drei Klassen h\u00f6her spielenden Kalbacher aber von Beginn an auf verlorenem Posten.<\/p>\n<p>Obwohl die Goldsteiner die ersten 20 Minuten noch gegenwirken konnten, markierte der Verbandsligist auf dem Kunstrasenplatz an der Waldau in der 22. Minute zwei Tore durch Nikolaos Savoulidis und einem Eigentor des Heisenrathers Haydar Dugan bedr\u00e4ngt von Fabio Pinto da Silva. Danach fiel ein Tor nach dem anderen f\u00fcr den Favoriten, der zun\u00e4chst mit dem Doppelpack des Japaners Shuto Ishino erh\u00f6hte (28.\/30.). Savoulidis (36.) stellte auf 5:0, dann traf St\u00fcrmer Nassim Fallah viermal in Folge (38.\/43.\/50.\/59.), es war aber kein &#8222;lupenreiner Hattrick&#8220;, da die Halbzeit dazwischen lag. In dieser wechselten die G\u00e4ste kr\u00e4ftig durch, Torj\u00e4ger Achraf Gara Ali stand zwar auf dem Bogen, schaute dem Spiel aber in zivil von der Bank aus zu. Weiter ging der Torreigen durch den eingewechselten Lennard Marschik (62.), der es zweistellig machte.<\/p>\n<h3><span style=\"text-decoration: underline;\">Harrabi setzt unberechtigten Foulelfmeter absichtlich am Tor vorbei &#8211; Fair Play!<\/span><\/h3>\n<p>Respekt aber an Heisenrath Goldstein, dass sie das Spiel fair durchzogen. In der 70. Minute konnte es sich Kalbach sogar erlauben, einen ihrer Ansicht nach unberechtigten Foulelfmeter absichtlich nicht zu verwandeln. Kapit\u00e4n Ricardo Harrabi setzte den Ball auf Anordnung seines Trainers Aaz-Dine Zarioh leicht touchierend am Tor vorbei. Was bei dieser klaren \u00dcberlegenheit sicher nicht schwer fiel, aber im Sinne des Fair Plays dennoch Anerkennung verdient. Konstantin Petrovic (77.\/81.) machte das Dutzend voll. Fallah mit seinem f\u00fcnften Tor machte das 13:0 (87.). Heisenraths Trainer Hakan Yildiz, einst als Kreisoberligaspieler bei Weiss-Blau, Makkabi und Griesheim Tarik ein Begriff und zeitweise die rechte Hand von Trainer Jorge Huberman, nahm die hohe Pleite gelassen: &#8222;Uns war von Anfang an klar, dass hier nichts zu holen ist. Wir wollten einfach das Spiel mitnehmen unter Flutlicht und Spa\u00df haben. Die ersten 20 Minuten sah es gar nicht so schlecht aus. Nach den schnellen zwei Toren sind wir dann auseinander gebrochen. Dann waren wir nur noch auf Schadensbegrenzung aus.&#8220;<\/p>\n<p>Kalbachs Trainer Aaz-Dine Zarioh meinte zur Torflut: &#8222;Die H\u00e4lfte meiner Mannschaft hatte zuletzt in der Verbandsliga wenig Spielzeit. Sie sollten sich zeigen und die Chance nutzen, es nicht zu locker angehen. Der Pokal hat seine eigenen Regeln, aber wir haben es schnell unter Dach und Fach gebracht. Hintenraus war das Tempo zu hoch f\u00fcr Heisenrath, das Ergebnis h\u00e4tte noch viel h\u00f6her ausgehen k\u00f6nnen. Es war aber ein faires Spiel ohne Verletzte, wir nehmen es mit, sind eine Runde weiter. Respekt an Heisenrath, die haben sich super benommen. Auch der Schiedsrichter war gut, so hat alles gepasst.&#8220; Damit stehen die acht Teilnehmer f\u00fcr das Viertelfinale fest, das Anfang\/Mitte M\u00e4rz unter der Woche steigen soll. Die Auslosung findet am 17. Januar 2026 im Rahmen der R\u00fcckrundenbesprechung des Kreises in Praunheim statt. Am Sonntag geht es f\u00fcr Heisenrath Goldstein in der Kreisliga A zum SV Bosnien\/Herzegowina II (12.30 Uhr). Der FC Kalbach erwartet in der Verbandsliga S\u00fcd die Sportfreunde Seligenstadt (14.30 Uhr).<\/p>\n<h3><span style=\"font-size: 16px;\">Die Teilnehmer am Viertelfinale: <\/span><\/h3>\n<p><strong>Verbandsliga: SG Bornheim\/Gr\u00fcn-Wei\u00df, FC Kalbach.<\/strong><\/p>\n<p><strong>Gruppenliga: FG Seckbach, FC Kosova.\u00a0<\/strong><\/p>\n<p><strong>Kreisoberliga: BSC Schwarz-Wei\u00df 19, Spvgg. 02 Griesheim, SG Harheim.\u00a0<\/strong><\/p>\n<p><strong>Kreisliga A: TuS Nieder-Eschbach.<\/strong><\/p>\n<h3><span style=\"text-decoration: underline;\">Schiedsrichter: Jonas Hautzel (TuS Wirbelau). Zuschauer: 59. <\/span><\/h3>\n<h3><span style=\"text-decoration: underline;\">Tore: 0:1 Nikolaos Savoulidis (22.), 0:2 Haydar Dugan (22.\/Eigentor), 0:3, 0:4 Shuto Ishino (28.\/30.), 0:5 Nikolaos Savoulidis (36.), 0:6, 0:7, 0:8, 0:9 Nassim Fallah (38.\/43.\/50.\/59.), 0:10 Lennard Marschik (62.), 0:11, 0:12 Konstantin Petrovic (77.\/81.), 0:13 Nassim Fallah (87.).<\/span><\/h3>\n","protected":false},"excerpt":{"rendered":"<p>Als letzter Verein qualifizierte sich Verbandsligist FC Kalbach f\u00fcr das Viertelfinale im Kreispokal. Beim A-Ligisten FC Heisenrath Goldstein gab es im Achtelfinale einen 13:0-Sieg. FC Heisenrath Goldstein &#8211; FC Kalbach 0:13 (0:7) Der Tabellenelfte der Kreisliga A2 \u00fcberraschte im Aufstellungsbogen mit zwei ehemaligen Hessenliga-Spielern. Die Br\u00fcder Farid und Moubarak Affo (fr\u00fcher unter anderem beim FV [&hellip;]<\/p>\n","protected":false},"author":1,"featured_media":29680,"comment_status":"closed","ping_status":"closed","sticky":true,"template":"","format":"standard","meta":{"footnotes":""},"categories":[9],"tags":[],"class_list":["post-29679","post","type-post","status-publish","format-standard","has-post-thumbnail","hentry","category-kreispokal"],"_links":{"self":[{"href":"https:\/\/insideamateurfussball-ffm.de\/index.php?rest_route=\/wp\/v2\/posts\/29679","targetHints":{"allow":["GET"]}}],"collection":[{"href":"https:\/\/insideamateurfussball-ffm.de\/index.php?rest_route=\/wp\/v2\/posts"}],"about":[{"href":"https:\/\/insideamateurfussball-ffm.de\/index.php?rest_route=\/wp\/v2\/types\/post"}],"author":[{"embeddable":true,"href":"https:\/\/insideamateurfussball-ffm.de\/index.php?rest_route=\/wp\/v2\/users\/1"}],"replies":[{"embeddable":true,"href":"https:\/\/insideamateurfussball-ffm.de\/index.php?rest_route=%2Fwp%2Fv2%2Fcomments&post=29679"}],"version-history":[{"count":4,"href":"https:\/\/insideamateurfussball-ffm.de\/index.php?rest_route=\/wp\/v2\/posts\/29679\/revisions"}],"predecessor-version":[{"id":29684,"href":"https:\/\/insideamateurfussball-ffm.de\/index.php?rest_route=\/wp\/v2\/posts\/29679\/revisions\/29684"}],"wp:featuredmedia":[{"embeddable":true,"href":"https:\/\/insideamateurfussball-ffm.de\/index.php?rest_route=\/wp\/v2\/media\/29680"}],"wp:attachment":[{"href":"https:\/\/insideamateurfussball-ffm.de\/index.php?rest_route=%2Fwp%2Fv2%2Fmedia&parent=29679"}],"wp:term":[{"taxonomy":"category","embeddable":true,"href":"https:\/\/insideamateurfussball-ffm.de\/index.php?rest_route=%2Fwp%2Fv2%2Fcategories&post=29679"},{"taxonomy":"post_tag","embeddable":true,"href":"https:\/\/insideamateurfussball-ffm.de\/index.php?rest_route=%2Fwp%2Fv2%2Ftags&post=29679"}],"curies":[{"name":"wp","href":"https:\/\/api.w.org\/{rel}","templated":true}]}}