{"id":29674,"date":"2025-11-26T18:47:10","date_gmt":"2025-11-26T17:47:10","guid":{"rendered":"https:\/\/insideamateurfussball-ffm.de\/?p=29674"},"modified":"2025-11-26T18:51:01","modified_gmt":"2025-11-26T17:51:01","slug":"fundkiste-union-holt-trainer-zeljko-sanjug-zurueck","status":"publish","type":"post","link":"https:\/\/insideamateurfussball-ffm.de\/?p=29674","title":{"rendered":"Fundkiste: Union holt Trainer Zeljko Sanjug zur\u00fcck"},"content":{"rendered":"<h3>Der FC Union Niederrad hat eine L\u00f6sung f\u00fcr die vakante Trainerposition pr\u00e4sentiert. Beim Kreisoberligisten \u00fcbernimmt Zeljko Sanjug im neuen Jahr das Amt von Interimstrainer Dominik Abdala, der die Niederr\u00e4der in den restlichen drei Partien bis zur Winterpause noch zusammen mit Lasse Schlappkohl betreut.<\/h3>\n<h3 data-wp-editing=\"1\"><img loading=\"lazy\" decoding=\"async\" class=\"alignnone size-large wp-image-29675\" src=\"http:\/\/insideamateurfussball-ffm.de\/wp-content\/uploads\/2025\/11\/fundkiste-1024x461.jpg\" alt=\"\" width=\"640\" height=\"288\" srcset=\"https:\/\/insideamateurfussball-ffm.de\/wp-content\/uploads\/2025\/11\/fundkiste-1024x461.jpg 1024w, https:\/\/insideamateurfussball-ffm.de\/wp-content\/uploads\/2025\/11\/fundkiste-300x135.jpg 300w, https:\/\/insideamateurfussball-ffm.de\/wp-content\/uploads\/2025\/11\/fundkiste-768x346.jpg 768w, https:\/\/insideamateurfussball-ffm.de\/wp-content\/uploads\/2025\/11\/fundkiste-1536x692.jpg 1536w, https:\/\/insideamateurfussball-ffm.de\/wp-content\/uploads\/2025\/11\/fundkiste.jpg 2048w\" sizes=\"auto, (max-width: 640px) 100vw, 640px\" \/>\u00a0<\/h3>\n<p><img loading=\"lazy\" decoding=\"async\" class=\"alignnone size-full wp-image-38\" src=\"http:\/\/insideamateurfussball-ffm.de\/wp-content\/uploads\/2021\/11\/Union-Niederrad.jpg\" alt=\"\" width=\"80\" height=\"80\" \/><\/p>\n<p>Nach der Entlassung von Trainer Henrique Amaral und der Installierung der Interimsl\u00f6sung hat Pr\u00e4sident Khalid Lamjahed nun verk\u00fcndet, dass ein alter Bekannter zur Union zur\u00fcckkehrt. Der 57-j\u00e4hrige Kroate absolvierte als Spieler von 1993 bis 1995 41 Zweitligaspiele in \u00d6sterreich f\u00fcr den SV Braunau, stand dann im Rhein-Main-Gebiet bei Kickers Offenbach unter Vertrag und spielte noch in der Oberliga Hessen f\u00fcr die SG Hoechst und die damalige SG Croatia.<\/p>\n<p>Bei der Union wirkte der defensive Mittelfeldspieler als Spielertrainer und war von 2009 bis 2014 zum ersten Mal als Trainer an der Heinrich-Seliger-Stra\u00dfe besch\u00e4ftigt. In der Kreisliga A verpasste er mit seinem Team zweimal die Teilnahme an der Relegation zur Kreisoberliga.<\/p>\n<p>Von 2016 bis 2019 war Sanjug dann in einer zweiten Amtsperiode bei den Niederr\u00e4dern, schaffte dann 2018 \u00fcber die Relegation den ersehnten Aufstieg und h\u00f6rte ein Jahr sp\u00e4ter aus famili\u00e4ren Gr\u00fcnden auf. In der aktuellen Saison belegt die Union bei derzeit wahrscheinlichen drei Direktabsteigern Rang 14 und damit den mutma\u00dflichen Relegationsplatz um den Klassenerhalt mit den beiden A-Liga-Vizemeistern. &#8222;Wir haben uns f\u00fcr Zeljko entschieden, weil er ein hervorragender Trainer ist, mit dem wir in der Vergangenheit Erfolge gefeiert haben. Er passt menschlich top in den Verein, kennt den Club und seine Umgebung. Deswegen ist er f\u00fcr uns der richtige Mann, um den Abstieg zu verhindern und noch eine beruhigende Saison zu spielen&#8220;, erkl\u00e4rte Lamjahed.<\/p>\n<p>&#8222;Wir wissen, es wird schwer. Er ist kein Heilsbringer, aber wir haben Vertrauen, dass wir es mit ihm schaffen&#8220;, so Lamjahed.<\/p>\n\n\n<figure class=\"wp-block-pullquote\"><blockquote><p><strong>&#8222;Wir haben uns f\u00fcr Zeljko entschieden, weil er ein hervorragender Trainer ist, mit dem wir in der Vergangenheit Erfolge gefeiert haben.<\/strong>&#8222;<\/p><cite>UNION-Pr\u00e4sident KHalid LAMJAHED<\/cite><\/blockquote><\/figure>\n","protected":false},"excerpt":{"rendered":"<p>Der FC Union Niederrad hat eine L\u00f6sung f\u00fcr die vakante Trainerposition pr\u00e4sentiert. Beim Kreisoberligisten \u00fcbernimmt Zeljko Sanjug im neuen Jahr das Amt von Interimstrainer Dominik Abdala, der die Niederr\u00e4der in den restlichen drei Partien bis zur Winterpause noch zusammen mit Lasse Schlappkohl betreut. \u00a0 Nach der Entlassung von Trainer Henrique Amaral und der Installierung der [&hellip;]<\/p>\n","protected":false},"author":1,"featured_media":29675,"comment_status":"closed","ping_status":"closed","sticky":true,"template":"","format":"standard","meta":{"footnotes":""},"categories":[2],"tags":[],"class_list":["post-29674","post","type-post","status-publish","format-standard","has-post-thumbnail","hentry","category-kreisoberliga-frankfurt"],"_links":{"self":[{"href":"https:\/\/insideamateurfussball-ffm.de\/index.php?rest_route=\/wp\/v2\/posts\/29674","targetHints":{"allow":["GET"]}}],"collection":[{"href":"https:\/\/insideamateurfussball-ffm.de\/index.php?rest_route=\/wp\/v2\/posts"}],"about":[{"href":"https:\/\/insideamateurfussball-ffm.de\/index.php?rest_route=\/wp\/v2\/types\/post"}],"author":[{"embeddable":true,"href":"https:\/\/insideamateurfussball-ffm.de\/index.php?rest_route=\/wp\/v2\/users\/1"}],"replies":[{"embeddable":true,"href":"https:\/\/insideamateurfussball-ffm.de\/index.php?rest_route=%2Fwp%2Fv2%2Fcomments&post=29674"}],"version-history":[{"count":3,"href":"https:\/\/insideamateurfussball-ffm.de\/index.php?rest_route=\/wp\/v2\/posts\/29674\/revisions"}],"predecessor-version":[{"id":29678,"href":"https:\/\/insideamateurfussball-ffm.de\/index.php?rest_route=\/wp\/v2\/posts\/29674\/revisions\/29678"}],"wp:featuredmedia":[{"embeddable":true,"href":"https:\/\/insideamateurfussball-ffm.de\/index.php?rest_route=\/wp\/v2\/media\/29675"}],"wp:attachment":[{"href":"https:\/\/insideamateurfussball-ffm.de\/index.php?rest_route=%2Fwp%2Fv2%2Fmedia&parent=29674"}],"wp:term":[{"taxonomy":"category","embeddable":true,"href":"https:\/\/insideamateurfussball-ffm.de\/index.php?rest_route=%2Fwp%2Fv2%2Fcategories&post=29674"},{"taxonomy":"post_tag","embeddable":true,"href":"https:\/\/insideamateurfussball-ffm.de\/index.php?rest_route=%2Fwp%2Fv2%2Ftags&post=29674"}],"curies":[{"name":"wp","href":"https:\/\/api.w.org\/{rel}","templated":true}]}}