{"id":29655,"date":"2025-11-25T16:57:18","date_gmt":"2025-11-25T15:57:18","guid":{"rendered":"https:\/\/insideamateurfussball-ffm.de\/?p=29655"},"modified":"2025-11-25T16:59:42","modified_gmt":"2025-11-25T15:59:42","slug":"westend-gudesding-schiri-pfeift-nicht-an","status":"publish","type":"post","link":"https:\/\/insideamateurfussball-ffm.de\/?p=29655","title":{"rendered":"Westend &#8211; Gudesding: Schiri pfeift nicht an"},"content":{"rendered":"<h6><span style=\"font-size: 20px;\">Wie bef\u00fcrchtet konnte angesichts der K\u00e4ltewelle die Partie der SG Westend gegen den FC Gudesding auf dem Rasenplatz nicht angepfiffen werden. Zuvor hatte jedoch die Reserve der Gastgeber ihr Spiel in der C-Klasse gegen den FC Tempo III absolviert (1:5).\u00a0<\/span><\/h6>\n<figure id=\"attachment_29656\" aria-describedby=\"caption-attachment-29656\" style=\"width: 150px\" class=\"wp-caption aligncenter\"><img loading=\"lazy\" decoding=\"async\" class=\"wp-image-29656 size-thumbnail\" src=\"http:\/\/insideamateurfussball-ffm.de\/wp-content\/uploads\/2025\/11\/West-St-150x150.jpg\" alt=\"\" width=\"150\" height=\"150\" \/><figcaption id=\"caption-attachment-29656\" class=\"wp-caption-text\">Hier noch ein Bild aus dem Sommer, am Sonntag konnte das KOL-Spiel nicht steigen. Foto: Archiv PA.<\/figcaption><\/figure>\n<h6><span style=\"font-size: 20px;\">SG Westend &#8211; FC Gudesding ausgefallen\u00a0<\/span><\/h6>\n<p><img loading=\"lazy\" decoding=\"async\" class=\"alignnone size-full wp-image-611\" src=\"http:\/\/insideamateurfussball-ffm.de\/wp-content\/uploads\/2022\/06\/Westend.png\" alt=\"\" width=\"69\" height=\"80\" \/><img loading=\"lazy\" decoding=\"async\" class=\"alignnone size-full wp-image-10\" src=\"http:\/\/insideamateurfussball-ffm.de\/wp-content\/uploads\/2021\/11\/Gudesding.jpg\" alt=\"\" width=\"64\" height=\"80\" \/><\/p>\n<p><span style=\"font-size: 20px;\">Schiedsrichter Henrik Schwarzer (SV Wehen-Taunusstein) erkl\u00e4rte die Spielfl\u00e4che nach dem Vorspiel f\u00fcr unbespielbar. Die Mannschaften hatten sich umsonst aufgew\u00e4rmt und mussten sich wieder umziehen. <\/span><\/p>\n<p><span style=\"font-size: 20px;\">Ein Nachholtermin steht noch nicht fest, sehr wahrscheinlich wird es erst im neuen Jahr angesetzt. Nach der unfreiwilligen Pause geht es f\u00fcr beide Vereine aber bei dann milderen Temperaturen am Sonntag weiter. Westend muss zu Makkabi (14.30 Uhr). Zeitgleich erwartet Gudesding den R\u00f6delheimer FC.\u00a0<\/span><\/p>\n","protected":false},"excerpt":{"rendered":"<p>Wie bef\u00fcrchtet konnte angesichts der K\u00e4ltewelle die Partie der SG Westend gegen den FC Gudesding auf dem Rasenplatz nicht angepfiffen werden. Zuvor hatte jedoch die Reserve der Gastgeber ihr Spiel in der C-Klasse gegen den FC Tempo III absolviert (1:5).\u00a0 SG Westend &#8211; FC Gudesding ausgefallen\u00a0 Schiedsrichter Henrik Schwarzer (SV Wehen-Taunusstein) erkl\u00e4rte die Spielfl\u00e4che nach [&hellip;]<\/p>\n","protected":false},"author":1,"featured_media":29656,"comment_status":"closed","ping_status":"closed","sticky":true,"template":"","format":"standard","meta":{"footnotes":""},"categories":[2],"tags":[],"class_list":["post-29655","post","type-post","status-publish","format-standard","has-post-thumbnail","hentry","category-kreisoberliga-frankfurt"],"_links":{"self":[{"href":"https:\/\/insideamateurfussball-ffm.de\/index.php?rest_route=\/wp\/v2\/posts\/29655","targetHints":{"allow":["GET"]}}],"collection":[{"href":"https:\/\/insideamateurfussball-ffm.de\/index.php?rest_route=\/wp\/v2\/posts"}],"about":[{"href":"https:\/\/insideamateurfussball-ffm.de\/index.php?rest_route=\/wp\/v2\/types\/post"}],"author":[{"embeddable":true,"href":"https:\/\/insideamateurfussball-ffm.de\/index.php?rest_route=\/wp\/v2\/users\/1"}],"replies":[{"embeddable":true,"href":"https:\/\/insideamateurfussball-ffm.de\/index.php?rest_route=%2Fwp%2Fv2%2Fcomments&post=29655"}],"version-history":[{"count":3,"href":"https:\/\/insideamateurfussball-ffm.de\/index.php?rest_route=\/wp\/v2\/posts\/29655\/revisions"}],"predecessor-version":[{"id":29659,"href":"https:\/\/insideamateurfussball-ffm.de\/index.php?rest_route=\/wp\/v2\/posts\/29655\/revisions\/29659"}],"wp:featuredmedia":[{"embeddable":true,"href":"https:\/\/insideamateurfussball-ffm.de\/index.php?rest_route=\/wp\/v2\/media\/29656"}],"wp:attachment":[{"href":"https:\/\/insideamateurfussball-ffm.de\/index.php?rest_route=%2Fwp%2Fv2%2Fmedia&parent=29655"}],"wp:term":[{"taxonomy":"category","embeddable":true,"href":"https:\/\/insideamateurfussball-ffm.de\/index.php?rest_route=%2Fwp%2Fv2%2Fcategories&post=29655"},{"taxonomy":"post_tag","embeddable":true,"href":"https:\/\/insideamateurfussball-ffm.de\/index.php?rest_route=%2Fwp%2Fv2%2Ftags&post=29655"}],"curies":[{"name":"wp","href":"https:\/\/api.w.org\/{rel}","templated":true}]}}