{"id":29636,"date":"2025-11-25T16:41:51","date_gmt":"2025-11-25T15:41:51","guid":{"rendered":"https:\/\/insideamateurfussball-ffm.de\/?p=29636"},"modified":"2025-11-25T16:43:33","modified_gmt":"2025-11-25T15:43:33","slug":"fc-croatia-unterliegt-starken-griesheimern","status":"publish","type":"post","link":"https:\/\/insideamateurfussball-ffm.de\/?p=29636","title":{"rendered":"FC Croatia unterliegt starken Griesheimern"},"content":{"rendered":"<h6><span style=\"font-size: 20px;\">Der Besen des neuen Trainers Jorge Huberman kehrt beim FC Croatia offenbar noch nicht gr\u00fcndlich genug. Auch im zweiten Spiel seiner Amtszeit gab es nach dem 3:4 in R\u00f6delheim eine Niederlage. Gegen die starke Spvgg. 02 Griesheim, die weiter die Spitzenpl\u00e4tze im Visier hat, gab es eine 0:3-Heimpleite.\u00a0<\/span><\/h6>\n<figure id=\"attachment_29637\" aria-describedby=\"caption-attachment-29637\" style=\"width: 150px\" class=\"wp-caption aligncenter\"><img loading=\"lazy\" decoding=\"async\" class=\"wp-image-29637 size-thumbnail\" src=\"http:\/\/insideamateurfussball-ffm.de\/wp-content\/uploads\/2025\/11\/cro-griesh6-150x150.jpg\" alt=\"\" width=\"150\" height=\"150\" \/><figcaption id=\"caption-attachment-29637\" class=\"wp-caption-text\">Der FC Croatia. Foto: Mithat G\u00fcrser.<\/figcaption><\/figure>\n<h6><span style=\"font-size: 20px;\">FC Croatia &#8211; Spvgg. 02 Griesheim 0:3 (0:0)<\/span><\/h6>\n<p><img loading=\"lazy\" decoding=\"async\" class=\"alignnone size-full wp-image-29\" src=\"http:\/\/insideamateurfussball-ffm.de\/wp-content\/uploads\/2021\/11\/croatia.jpg\" alt=\"\" width=\"63\" height=\"80\" \/><img loading=\"lazy\" decoding=\"async\" class=\"alignnone size-full wp-image-14\" src=\"http:\/\/insideamateurfussball-ffm.de\/wp-content\/uploads\/2021\/11\/SpVgg._02_Griesheim_02.jpg\" alt=\"\" width=\"100\" height=\"100\" \/><\/p>\n<p><span style=\"font-size: 20px;\">&#8222;Wir haben die erste Halbzeit gut gespielt, wobei Griesheim zwei Lattentreffer hatte. Nach der Pause haben wir zwei Fehler gemacht zu den Gegentoren. Im gro\u00dfen und ganzen war der Sieg f\u00fcr Griesheim okay&#8220;, fand Croatias Pressesprecher Stanislav Konta. In der Halbzeit mussten die Gastgeber zwei wichtige Akteure austauschen, verloren so etwas an Qualit\u00e4t. Die G\u00e4ste nutzten die Fehler der Hausherren durch Lars Christiansen (58.\/61.). Ricardo Pereira setzte fr\u00fchzeitig den Schlusspunkt (73.). <\/span><\/p>\n<p><span style=\"font-size: 20px;\">Griesheims Trainer Dominic Machado lobte sein Team: &#8222;Bei sehr unangenehmen Temperaturen haben wir doch ein relativ gutes Spiel gemacht, wo wir schon in der ersten Halbzeit mit einer F\u00fchrung in die Kabine gehen m\u00fcssen. Croatia war durch lange B\u00e4lle oder durch Standards um den Sechzehner herum gef\u00e4hrlich. Nach dem 0:1 in der 2. Halbzeit haben wir dann etwas befreiter gespielt und auch die Torchancen genutzt.&#8220; <\/span><\/p>\n<p><span style=\"font-size: 20px;\">Sein Fazit: &#8222;Kompliment an meine Mannschaft, die trotz der Gegebenheiten (K\u00e4lte+Gegner) ein ordentliches Spiel gemacht hat.&#8220; <\/span><\/p>\n<p><span style=\"font-size: 20px;\">F\u00fcr Croatia geht es am Sonntag ausw\u00e4rts zu Concordia Eschersheim (14.30 Uhr). Zeitgleich erwarten die Griesheimer zum Derby den Nachbarn FFV Sportfreunde 04.<\/span><\/p>\n<h6><span style=\"font-size: 20px;\">Schiedsrichter: Stefan Gottlieb (SV Heftrich). <\/span><span style=\"font-size: 20px;\">Zuschauer: 80. <\/span><\/h6>\n<h6><span style=\"font-size: 20px;\">Tore: 0:1, 0:2 Lars Christiansen (58.\/61.), 0:3 Ricardo Pereira (73.). <\/span><\/h6>\n<h6><span style=\"font-size: 20px;\">Bildergalerie: Mithat G\u00fcrser.\u00a0 \u00a0<\/span><\/h6>\n\n\n<figure class=\"wp-block-gallery has-nested-images columns-default is-cropped wp-block-gallery-1 is-layout-flex wp-block-gallery-is-layout-flex\">\n<figure class=\"wp-block-image size-large\"><img loading=\"lazy\" decoding=\"async\" width=\"1024\" height=\"735\" data-id=\"29638\" src=\"https:\/\/insideamateurfussball-ffm.de\/wp-content\/uploads\/2025\/11\/cro-griesh13-1024x735.jpg\" alt=\"\" class=\"wp-image-29638\" srcset=\"https:\/\/insideamateurfussball-ffm.de\/wp-content\/uploads\/2025\/11\/cro-griesh13-1024x735.jpg 1024w, https:\/\/insideamateurfussball-ffm.de\/wp-content\/uploads\/2025\/11\/cro-griesh13-300x215.jpg 300w, https:\/\/insideamateurfussball-ffm.de\/wp-content\/uploads\/2025\/11\/cro-griesh13-768x551.jpg 768w, https:\/\/insideamateurfussball-ffm.de\/wp-content\/uploads\/2025\/11\/cro-griesh13.jpg 1042w\" sizes=\"auto, (max-width: 1024px) 100vw, 1024px\" \/><\/figure>\n<\/figure>\n\n\n\n<figure class=\"wp-block-gallery has-nested-images columns-default is-cropped wp-block-gallery-2 is-layout-flex wp-block-gallery-is-layout-flex\">\n<figure class=\"wp-block-image size-large\"><img loading=\"lazy\" decoding=\"async\" width=\"1024\" height=\"731\" data-id=\"29639\" src=\"https:\/\/insideamateurfussball-ffm.de\/wp-content\/uploads\/2025\/11\/cro-griesh3-1024x731.jpg\" alt=\"\" class=\"wp-image-29639\" srcset=\"https:\/\/insideamateurfussball-ffm.de\/wp-content\/uploads\/2025\/11\/cro-griesh3-1024x731.jpg 1024w, https:\/\/insideamateurfussball-ffm.de\/wp-content\/uploads\/2025\/11\/cro-griesh3-300x214.jpg 300w, https:\/\/insideamateurfussball-ffm.de\/wp-content\/uploads\/2025\/11\/cro-griesh3-768x548.jpg 768w, https:\/\/insideamateurfussball-ffm.de\/wp-content\/uploads\/2025\/11\/cro-griesh3.jpg 1048w\" sizes=\"auto, (max-width: 1024px) 100vw, 1024px\" \/><\/figure>\n<\/figure>\n\n\n\n<figure class=\"wp-block-gallery has-nested-images columns-default is-cropped wp-block-gallery-3 is-layout-flex wp-block-gallery-is-layout-flex\">\n<figure class=\"wp-block-image size-large\"><img loading=\"lazy\" decoding=\"async\" width=\"1024\" height=\"741\" data-id=\"29640\" src=\"https:\/\/insideamateurfussball-ffm.de\/wp-content\/uploads\/2025\/11\/cro-griesh10-1024x741.jpg\" alt=\"\" class=\"wp-image-29640\" srcset=\"https:\/\/insideamateurfussball-ffm.de\/wp-content\/uploads\/2025\/11\/cro-griesh10-1024x741.jpg 1024w, https:\/\/insideamateurfussball-ffm.de\/wp-content\/uploads\/2025\/11\/cro-griesh10-300x217.jpg 300w, https:\/\/insideamateurfussball-ffm.de\/wp-content\/uploads\/2025\/11\/cro-griesh10-768x556.jpg 768w, https:\/\/insideamateurfussball-ffm.de\/wp-content\/uploads\/2025\/11\/cro-griesh10.jpg 1033w\" sizes=\"auto, (max-width: 1024px) 100vw, 1024px\" \/><\/figure>\n<\/figure>\n\n\n\n<figure class=\"wp-block-gallery has-nested-images columns-default is-cropped wp-block-gallery-4 is-layout-flex wp-block-gallery-is-layout-flex\">\n<figure class=\"wp-block-image size-large\"><img loading=\"lazy\" decoding=\"async\" width=\"991\" height=\"748\" data-id=\"29641\" src=\"https:\/\/insideamateurfussball-ffm.de\/wp-content\/uploads\/2025\/11\/cro-griesh9.jpg\" alt=\"\" class=\"wp-image-29641\" srcset=\"https:\/\/insideamateurfussball-ffm.de\/wp-content\/uploads\/2025\/11\/cro-griesh9.jpg 991w, https:\/\/insideamateurfussball-ffm.de\/wp-content\/uploads\/2025\/11\/cro-griesh9-300x226.jpg 300w, https:\/\/insideamateurfussball-ffm.de\/wp-content\/uploads\/2025\/11\/cro-griesh9-768x580.jpg 768w\" sizes=\"auto, (max-width: 991px) 100vw, 991px\" \/><\/figure>\n<\/figure>\n\n\n\n<figure class=\"wp-block-gallery has-nested-images columns-default is-cropped wp-block-gallery-5 is-layout-flex wp-block-gallery-is-layout-flex\">\n<figure class=\"wp-block-image size-large\"><img loading=\"lazy\" decoding=\"async\" width=\"1002\" height=\"748\" data-id=\"29642\" src=\"https:\/\/insideamateurfussball-ffm.de\/wp-content\/uploads\/2025\/11\/cro-griesh7.jpg\" alt=\"\" class=\"wp-image-29642\" srcset=\"https:\/\/insideamateurfussball-ffm.de\/wp-content\/uploads\/2025\/11\/cro-griesh7.jpg 1002w, https:\/\/insideamateurfussball-ffm.de\/wp-content\/uploads\/2025\/11\/cro-griesh7-300x224.jpg 300w, https:\/\/insideamateurfussball-ffm.de\/wp-content\/uploads\/2025\/11\/cro-griesh7-768x573.jpg 768w\" sizes=\"auto, (max-width: 1002px) 100vw, 1002px\" \/><\/figure>\n<\/figure>\n\n\n\n<figure class=\"wp-block-gallery has-nested-images columns-default is-cropped wp-block-gallery-6 is-layout-flex wp-block-gallery-is-layout-flex\">\n<figure class=\"wp-block-image size-large\"><img loading=\"lazy\" decoding=\"async\" width=\"994\" height=\"748\" data-id=\"29643\" src=\"https:\/\/insideamateurfussball-ffm.de\/wp-content\/uploads\/2025\/11\/cro-griesh14.jpg\" alt=\"\" class=\"wp-image-29643\" srcset=\"https:\/\/insideamateurfussball-ffm.de\/wp-content\/uploads\/2025\/11\/cro-griesh14.jpg 994w, https:\/\/insideamateurfussball-ffm.de\/wp-content\/uploads\/2025\/11\/cro-griesh14-300x226.jpg 300w, https:\/\/insideamateurfussball-ffm.de\/wp-content\/uploads\/2025\/11\/cro-griesh14-768x578.jpg 768w\" sizes=\"auto, (max-width: 994px) 100vw, 994px\" \/><\/figure>\n<\/figure>\n\n\n\n<figure class=\"wp-block-gallery has-nested-images columns-default is-cropped wp-block-gallery-7 is-layout-flex wp-block-gallery-is-layout-flex\">\n<figure class=\"wp-block-image size-large\"><img loading=\"lazy\" decoding=\"async\" width=\"1024\" height=\"690\" data-id=\"29644\" src=\"https:\/\/insideamateurfussball-ffm.de\/wp-content\/uploads\/2025\/11\/cro-griesh4-1024x690.jpg\" alt=\"\" class=\"wp-image-29644\" srcset=\"https:\/\/insideamateurfussball-ffm.de\/wp-content\/uploads\/2025\/11\/cro-griesh4-1024x690.jpg 1024w, https:\/\/insideamateurfussball-ffm.de\/wp-content\/uploads\/2025\/11\/cro-griesh4-300x202.jpg 300w, https:\/\/insideamateurfussball-ffm.de\/wp-content\/uploads\/2025\/11\/cro-griesh4-768x518.jpg 768w, https:\/\/insideamateurfussball-ffm.de\/wp-content\/uploads\/2025\/11\/cro-griesh4.jpg 1110w\" sizes=\"auto, (max-width: 1024px) 100vw, 1024px\" \/><\/figure>\n<\/figure>\n\n\n\n<figure class=\"wp-block-gallery has-nested-images columns-default is-cropped wp-block-gallery-8 is-layout-flex wp-block-gallery-is-layout-flex\">\n<figure class=\"wp-block-image size-large\"><img loading=\"lazy\" decoding=\"async\" width=\"1000\" height=\"748\" data-id=\"29645\" src=\"https:\/\/insideamateurfussball-ffm.de\/wp-content\/uploads\/2025\/11\/cro-griesh11.jpg\" alt=\"\" class=\"wp-image-29645\" srcset=\"https:\/\/insideamateurfussball-ffm.de\/wp-content\/uploads\/2025\/11\/cro-griesh11.jpg 1000w, https:\/\/insideamateurfussball-ffm.de\/wp-content\/uploads\/2025\/11\/cro-griesh11-300x224.jpg 300w, https:\/\/insideamateurfussball-ffm.de\/wp-content\/uploads\/2025\/11\/cro-griesh11-768x574.jpg 768w\" sizes=\"auto, (max-width: 1000px) 100vw, 1000px\" \/><\/figure>\n<\/figure>\n\n\n\n<figure class=\"wp-block-gallery has-nested-images columns-default is-cropped wp-block-gallery-9 is-layout-flex wp-block-gallery-is-layout-flex\">\n<figure class=\"wp-block-image size-large\"><img loading=\"lazy\" decoding=\"async\" width=\"1018\" height=\"748\" data-id=\"29646\" src=\"https:\/\/insideamateurfussball-ffm.de\/wp-content\/uploads\/2025\/11\/cro-griesh1.jpg\" alt=\"\" class=\"wp-image-29646\" srcset=\"https:\/\/insideamateurfussball-ffm.de\/wp-content\/uploads\/2025\/11\/cro-griesh1.jpg 1018w, https:\/\/insideamateurfussball-ffm.de\/wp-content\/uploads\/2025\/11\/cro-griesh1-300x220.jpg 300w, https:\/\/insideamateurfussball-ffm.de\/wp-content\/uploads\/2025\/11\/cro-griesh1-768x564.jpg 768w\" sizes=\"auto, (max-width: 1018px) 100vw, 1018px\" \/><\/figure>\n<\/figure>\n\n\n\n<figure class=\"wp-block-gallery has-nested-images columns-default is-cropped wp-block-gallery-10 is-layout-flex wp-block-gallery-is-layout-flex\">\n<figure class=\"wp-block-image size-large\"><img loading=\"lazy\" decoding=\"async\" width=\"1024\" height=\"683\" data-id=\"29647\" src=\"https:\/\/insideamateurfussball-ffm.de\/wp-content\/uploads\/2025\/11\/cro-griesh8-1024x683.jpg\" alt=\"\" class=\"wp-image-29647\" srcset=\"https:\/\/insideamateurfussball-ffm.de\/wp-content\/uploads\/2025\/11\/cro-griesh8-1024x683.jpg 1024w, https:\/\/insideamateurfussball-ffm.de\/wp-content\/uploads\/2025\/11\/cro-griesh8-300x200.jpg 300w, https:\/\/insideamateurfussball-ffm.de\/wp-content\/uploads\/2025\/11\/cro-griesh8-768x512.jpg 768w, https:\/\/insideamateurfussball-ffm.de\/wp-content\/uploads\/2025\/11\/cro-griesh8.jpg 1122w\" sizes=\"auto, (max-width: 1024px) 100vw, 1024px\" \/><\/figure>\n<\/figure>\n\n\n\n<figure class=\"wp-block-gallery has-nested-images columns-default is-cropped wp-block-gallery-11 is-layout-flex wp-block-gallery-is-layout-flex\">\n<figure class=\"wp-block-image size-large\"><img loading=\"lazy\" decoding=\"async\" width=\"1024\" height=\"727\" data-id=\"29648\" src=\"https:\/\/insideamateurfussball-ffm.de\/wp-content\/uploads\/2025\/11\/cro-griesh16-1024x727.jpg\" alt=\"\" class=\"wp-image-29648\" srcset=\"https:\/\/insideamateurfussball-ffm.de\/wp-content\/uploads\/2025\/11\/cro-griesh16-1024x727.jpg 1024w, https:\/\/insideamateurfussball-ffm.de\/wp-content\/uploads\/2025\/11\/cro-griesh16-300x213.jpg 300w, https:\/\/insideamateurfussball-ffm.de\/wp-content\/uploads\/2025\/11\/cro-griesh16-768x545.jpg 768w, https:\/\/insideamateurfussball-ffm.de\/wp-content\/uploads\/2025\/11\/cro-griesh16.jpg 1054w\" sizes=\"auto, (max-width: 1024px) 100vw, 1024px\" \/><\/figure>\n<\/figure>\n\n\n\n<figure class=\"wp-block-gallery has-nested-images columns-default is-cropped wp-block-gallery-12 is-layout-flex wp-block-gallery-is-layout-flex\">\n<figure class=\"wp-block-image size-large\"><img loading=\"lazy\" decoding=\"async\" width=\"1024\" height=\"681\" data-id=\"29649\" src=\"https:\/\/insideamateurfussball-ffm.de\/wp-content\/uploads\/2025\/11\/cro-griesh5-1024x681.jpg\" alt=\"\" class=\"wp-image-29649\" srcset=\"https:\/\/insideamateurfussball-ffm.de\/wp-content\/uploads\/2025\/11\/cro-griesh5-1024x681.jpg 1024w, https:\/\/insideamateurfussball-ffm.de\/wp-content\/uploads\/2025\/11\/cro-griesh5-300x200.jpg 300w, https:\/\/insideamateurfussball-ffm.de\/wp-content\/uploads\/2025\/11\/cro-griesh5-768x511.jpg 768w, https:\/\/insideamateurfussball-ffm.de\/wp-content\/uploads\/2025\/11\/cro-griesh5.jpg 1124w\" sizes=\"auto, (max-width: 1024px) 100vw, 1024px\" \/><\/figure>\n<\/figure>\n\n\n\n<figure class=\"wp-block-gallery has-nested-images columns-default is-cropped wp-block-gallery-13 is-layout-flex wp-block-gallery-is-layout-flex\">\n<figure class=\"wp-block-image size-large\"><img loading=\"lazy\" decoding=\"async\" width=\"1024\" height=\"681\" data-id=\"29650\" src=\"https:\/\/insideamateurfussball-ffm.de\/wp-content\/uploads\/2025\/11\/cro-griesh12-1024x681.jpg\" alt=\"\" class=\"wp-image-29650\" srcset=\"https:\/\/insideamateurfussball-ffm.de\/wp-content\/uploads\/2025\/11\/cro-griesh12-1024x681.jpg 1024w, https:\/\/insideamateurfussball-ffm.de\/wp-content\/uploads\/2025\/11\/cro-griesh12-300x200.jpg 300w, https:\/\/insideamateurfussball-ffm.de\/wp-content\/uploads\/2025\/11\/cro-griesh12-768x511.jpg 768w, https:\/\/insideamateurfussball-ffm.de\/wp-content\/uploads\/2025\/11\/cro-griesh12.jpg 1124w\" sizes=\"auto, (max-width: 1024px) 100vw, 1024px\" \/><\/figure>\n<\/figure>\n\n\n\n<figure class=\"wp-block-gallery has-nested-images columns-default is-cropped wp-block-gallery-14 is-layout-flex wp-block-gallery-is-layout-flex\">\n<figure class=\"wp-block-image size-large\"><img loading=\"lazy\" decoding=\"async\" width=\"1024\" height=\"707\" data-id=\"29651\" src=\"https:\/\/insideamateurfussball-ffm.de\/wp-content\/uploads\/2025\/11\/cro-griesh2-1024x707.jpg\" alt=\"\" class=\"wp-image-29651\" srcset=\"https:\/\/insideamateurfussball-ffm.de\/wp-content\/uploads\/2025\/11\/cro-griesh2-1024x707.jpg 1024w, https:\/\/insideamateurfussball-ffm.de\/wp-content\/uploads\/2025\/11\/cro-griesh2-300x207.jpg 300w, https:\/\/insideamateurfussball-ffm.de\/wp-content\/uploads\/2025\/11\/cro-griesh2-768x530.jpg 768w, https:\/\/insideamateurfussball-ffm.de\/wp-content\/uploads\/2025\/11\/cro-griesh2.jpg 1084w\" sizes=\"auto, (max-width: 1024px) 100vw, 1024px\" \/><\/figure>\n<\/figure>\n","protected":false},"excerpt":{"rendered":"<p>Der Besen des neuen Trainers Jorge Huberman kehrt beim FC Croatia offenbar noch nicht gr\u00fcndlich genug. Auch im zweiten Spiel seiner Amtszeit gab es nach dem 3:4 in R\u00f6delheim eine Niederlage. Gegen die starke Spvgg. 02 Griesheim, die weiter die Spitzenpl\u00e4tze im Visier hat, gab es eine 0:3-Heimpleite.\u00a0 FC Croatia &#8211; Spvgg. 02 Griesheim 0:3 [&hellip;]<\/p>\n","protected":false},"author":1,"featured_media":29637,"comment_status":"closed","ping_status":"closed","sticky":true,"template":"","format":"standard","meta":{"footnotes":""},"categories":[2],"tags":[],"class_list":["post-29636","post","type-post","status-publish","format-standard","has-post-thumbnail","hentry","category-kreisoberliga-frankfurt"],"_links":{"self":[{"href":"https:\/\/insideamateurfussball-ffm.de\/index.php?rest_route=\/wp\/v2\/posts\/29636","targetHints":{"allow":["GET"]}}],"collection":[{"href":"https:\/\/insideamateurfussball-ffm.de\/index.php?rest_route=\/wp\/v2\/posts"}],"about":[{"href":"https:\/\/insideamateurfussball-ffm.de\/index.php?rest_route=\/wp\/v2\/types\/post"}],"author":[{"embeddable":true,"href":"https:\/\/insideamateurfussball-ffm.de\/index.php?rest_route=\/wp\/v2\/users\/1"}],"replies":[{"embeddable":true,"href":"https:\/\/insideamateurfussball-ffm.de\/index.php?rest_route=%2Fwp%2Fv2%2Fcomments&post=29636"}],"version-history":[{"count":2,"href":"https:\/\/insideamateurfussball-ffm.de\/index.php?rest_route=\/wp\/v2\/posts\/29636\/revisions"}],"predecessor-version":[{"id":29653,"href":"https:\/\/insideamateurfussball-ffm.de\/index.php?rest_route=\/wp\/v2\/posts\/29636\/revisions\/29653"}],"wp:featuredmedia":[{"embeddable":true,"href":"https:\/\/insideamateurfussball-ffm.de\/index.php?rest_route=\/wp\/v2\/media\/29637"}],"wp:attachment":[{"href":"https:\/\/insideamateurfussball-ffm.de\/index.php?rest_route=%2Fwp%2Fv2%2Fmedia&parent=29636"}],"wp:term":[{"taxonomy":"category","embeddable":true,"href":"https:\/\/insideamateurfussball-ffm.de\/index.php?rest_route=%2Fwp%2Fv2%2Fcategories&post=29636"},{"taxonomy":"post_tag","embeddable":true,"href":"https:\/\/insideamateurfussball-ffm.de\/index.php?rest_route=%2Fwp%2Fv2%2Ftags&post=29636"}],"curies":[{"name":"wp","href":"https:\/\/api.w.org\/{rel}","templated":true}]}}