{"id":29610,"date":"2025-11-24T21:01:24","date_gmt":"2025-11-24T20:01:24","guid":{"rendered":"https:\/\/insideamateurfussball-ffm.de\/?p=29610"},"modified":"2025-11-24T21:36:27","modified_gmt":"2025-11-24T20:36:27","slug":"torjaeger-bausch-entreisst-harheim-zwei-punkte","status":"publish","type":"post","link":"https:\/\/insideamateurfussball-ffm.de\/?p=29610","title":{"rendered":"Torj\u00e4ger Bausch entrei\u00dft Harheim zwei Punkte"},"content":{"rendered":"<h6><span style=\"font-size: 20px;\">Der SV Viktoria Preu\u00dfen erk\u00e4mpfte sich im Kampf um den Klassenerhalt in letzter Minute ein 3:3 gegen die SG Harheim. Ph\u00e4nomenal die Leistung des dreifachen Torsch\u00fctzen Pascal Bausch, der seinen 19. Saisontreffer markierte und in der Torsch\u00fctzenliste mit dem Heddernheimer Cherano Willef\u00fchr gleichzog.\u00a0<\/span><\/h6>\n<figure id=\"attachment_29611\" aria-describedby=\"caption-attachment-29611\" style=\"width: 300px\" class=\"wp-caption aligncenter\"><img loading=\"lazy\" decoding=\"async\" class=\"wp-image-29611 size-medium\" src=\"http:\/\/insideamateurfussball-ffm.de\/wp-content\/uploads\/2025\/11\/hedd-harh4-1-300x240.jpg\" alt=\"\" width=\"300\" height=\"240\" srcset=\"https:\/\/insideamateurfussball-ffm.de\/wp-content\/uploads\/2025\/11\/hedd-harh4-1-300x240.jpg 300w, https:\/\/insideamateurfussball-ffm.de\/wp-content\/uploads\/2025\/11\/hedd-harh4-1-768x615.jpg 768w, https:\/\/insideamateurfussball-ffm.de\/wp-content\/uploads\/2025\/11\/hedd-harh4-1.jpg 886w\" sizes=\"auto, (max-width: 300px) 100vw, 300px\" \/><figcaption id=\"caption-attachment-29611\" class=\"wp-caption-text\">Harheims Trainer Christian Balzer nimmt den Daumen hoch. Foto: Archiv Mithat G\u00fcrser.<\/figcaption><\/figure>\n<h6><span style=\"font-size: 20px;\">SV Viktoria Preu\u00dfen &#8211; SG Harheim 3:3 (2:2)<\/span><\/h6>\n<p><img loading=\"lazy\" decoding=\"async\" class=\"alignnone size-full wp-image-12\" src=\"http:\/\/insideamateurfussball-ffm.de\/wp-content\/uploads\/2021\/11\/preussen.jpg\" alt=\"\" width=\"72\" height=\"80\" \/><img loading=\"lazy\" decoding=\"async\" class=\"alignnone size-full wp-image-284\" src=\"http:\/\/insideamateurfussball-ffm.de\/wp-content\/uploads\/2022\/05\/Harheim.jpg\" alt=\"\" width=\"78\" height=\"80\" \/><\/p>\n<p><span style=\"font-size: 20px;\">Der vom FV Bad Vilbel gekommene Mittelfeldspieler entwickelt sich immer mehr zum Goalgetter. Der 21-j\u00e4hrige brachte die Preu\u00dfen in F\u00fchrung (11.), doch postwendend glich Ante Paradzik durch einen Standard f\u00fcr Harheim aus (12.). Die G\u00e4stef\u00fchrung durch Adrian Wetzel (33.\/wieder Standard) egalisierte Bausch auf Pass von Ganolo (36.). Nach dem Seitenwechsel ging Harheim erneut durch Paradzik in F\u00fchrung (57.), nutzte aber weitere M\u00f6glichkeiten nicht. In der 90. Minute war Bausch dann nach einem Eckball zur Stelle und traf zum 3:3-Endstand. <\/span><span style=\"font-size: 20px;\">Erstaunlich: Beide Teams wechselten je nur einen Spieler ein. <\/span><\/p>\n<p><span style=\"font-size: 20px;\">Preu\u00dfen-Trainer Artur Rissling fand die Bedingungen an diesem Wochenende schwierig f\u00fcr alle. &#8222;Die Standard-Gegentore ziehen sich wie ein roter Faden. Harheim hatte nach dem 3:2 zwei, drei Chancen um das 4:2 zu machen. Wir haben nie aufgegeben und gek\u00e4mpft, wieder mit einem d\u00fcnnen Kader. Harheim hat den Sack nicht zugemacht und fast mit der letzten Aktion macht Pascal das dritte Tor. Wir nehmen den Punkt mit, aber wir brauchen Siege. Jetzt hoffen wir auf n\u00e4chste Woche, dann sind wieder zwei Spieler frei, darunter auch Stefano Amore.&#8220; <\/span><\/p>\n<p><span style=\"font-size: 20px;\">Der 33-j\u00e4hrige Italiener spielte bis zum letzten Spieltag der vergangenen Saison beim FC Croatia, ist dann nach sechs Monaten ohne Pflichtspiel spielberechtigt und ging schon einmal vor einigen Jahren f\u00fcr die Preu\u00dfen auf Torejagd. <\/span><span style=\"font-size: 20px;\">Deb\u00fctieren darf Amore dann im Ausw\u00e4rtsspiel beim FC Posavina (15 Uhr). <\/span><\/p>\n<p><span style=\"font-size: 20px;\">Die SG Harheim erwartet dann Union Niederrad (14.30 Uhr). Harheims Trainer Christian Balzer sprach von &#8222;zwei verschenkten Punkten. Wir haben dem Preu\u00dfen-Torj\u00e4ger die drei Tore gestattet, dazu f\u00fcnf, sechs eigene Chancen versiebt. Wir m\u00fcssen nun sehen, dass wir noch einige Punkte bis zur Pause holen.&#8220;\u00a0<\/span><\/p>\n<p><span style=\"font-size: 20px;\">\u00a0<\/span><\/p>\n<h6><span style=\"font-size: 20px;\">Schiedsrichter: Christian Golditz (SV Salm\u00fcnster). Zuschauer: 60. <\/span><\/h6>\n<h6><span style=\"font-size: 20px;\">Tore: 1:0 Pascal Bausch (11.), 1:1 Ante Paradzik (12.), 1:2 Adrian Wetzel (33.), 2:2 Pascal Bausch (36.), 2:3 Ante Paradzik (57.), 3:2 Pascal Bausch (90.).\u00a0\u00a0<\/span><\/h6>\n\n\n<figure class=\"wp-block-pullquote\"><blockquote><p><strong>&#8222;Wir m\u00fcssen nun sehen, dass wir noch einige Punkte bis zur Pause holen.&#8220; <\/strong><\/p><cite><strong>HARHEIMS Trainer CHRISTIAN BALZER<\/strong><\/cite><\/blockquote><\/figure>\n\n\n\n<p><\/p>\n","protected":false},"excerpt":{"rendered":"<p>Der SV Viktoria Preu\u00dfen erk\u00e4mpfte sich im Kampf um den Klassenerhalt in letzter Minute ein 3:3 gegen die SG Harheim. Ph\u00e4nomenal die Leistung des dreifachen Torsch\u00fctzen Pascal Bausch, der seinen 19. Saisontreffer markierte und in der Torsch\u00fctzenliste mit dem Heddernheimer Cherano Willef\u00fchr gleichzog.\u00a0 SV Viktoria Preu\u00dfen &#8211; SG Harheim 3:3 (2:2) Der vom FV Bad [&hellip;]<\/p>\n","protected":false},"author":1,"featured_media":29611,"comment_status":"closed","ping_status":"closed","sticky":true,"template":"","format":"standard","meta":{"footnotes":""},"categories":[2],"tags":[],"class_list":["post-29610","post","type-post","status-publish","format-standard","has-post-thumbnail","hentry","category-kreisoberliga-frankfurt"],"_links":{"self":[{"href":"https:\/\/insideamateurfussball-ffm.de\/index.php?rest_route=\/wp\/v2\/posts\/29610","targetHints":{"allow":["GET"]}}],"collection":[{"href":"https:\/\/insideamateurfussball-ffm.de\/index.php?rest_route=\/wp\/v2\/posts"}],"about":[{"href":"https:\/\/insideamateurfussball-ffm.de\/index.php?rest_route=\/wp\/v2\/types\/post"}],"author":[{"embeddable":true,"href":"https:\/\/insideamateurfussball-ffm.de\/index.php?rest_route=\/wp\/v2\/users\/1"}],"replies":[{"embeddable":true,"href":"https:\/\/insideamateurfussball-ffm.de\/index.php?rest_route=%2Fwp%2Fv2%2Fcomments&post=29610"}],"version-history":[{"count":3,"href":"https:\/\/insideamateurfussball-ffm.de\/index.php?rest_route=\/wp\/v2\/posts\/29610\/revisions"}],"predecessor-version":[{"id":29621,"href":"https:\/\/insideamateurfussball-ffm.de\/index.php?rest_route=\/wp\/v2\/posts\/29610\/revisions\/29621"}],"wp:featuredmedia":[{"embeddable":true,"href":"https:\/\/insideamateurfussball-ffm.de\/index.php?rest_route=\/wp\/v2\/media\/29611"}],"wp:attachment":[{"href":"https:\/\/insideamateurfussball-ffm.de\/index.php?rest_route=%2Fwp%2Fv2%2Fmedia&parent=29610"}],"wp:term":[{"taxonomy":"category","embeddable":true,"href":"https:\/\/insideamateurfussball-ffm.de\/index.php?rest_route=%2Fwp%2Fv2%2Fcategories&post=29610"},{"taxonomy":"post_tag","embeddable":true,"href":"https:\/\/insideamateurfussball-ffm.de\/index.php?rest_route=%2Fwp%2Fv2%2Ftags&post=29610"}],"curies":[{"name":"wp","href":"https:\/\/api.w.org\/{rel}","templated":true}]}}