{"id":29603,"date":"2025-11-24T18:58:48","date_gmt":"2025-11-24T17:58:48","guid":{"rendered":"https:\/\/insideamateurfussball-ffm.de\/?p=29603"},"modified":"2025-11-25T11:56:33","modified_gmt":"2025-11-25T10:56:33","slug":"seckbachs-serie-ist-gerissen","status":"publish","type":"post","link":"https:\/\/insideamateurfussball-ffm.de\/?p=29603","title":{"rendered":"Seckbachs Serie ist gerissen"},"content":{"rendered":"<h4>Im Spiel zweier zuletzt erfolgreicher Mannschaften unterlag die FG Seckbach zu Hause dem SKV Beienheim mit 2:3, eine schwache Viertelstunde nach der Pause kostete den Sprung auf Platz 3 der Tabelle.<\/h4>\n<figure id=\"attachment_29633\" aria-describedby=\"caption-attachment-29633\" style=\"width: 1600px\" class=\"wp-caption alignnone\"><img loading=\"lazy\" decoding=\"async\" class=\"wp-image-29633 size-full\" src=\"http:\/\/insideamateurfussball-ffm.de\/wp-content\/uploads\/2025\/11\/seckbachbeienheim.jpg\" alt=\"\" width=\"1600\" height=\"1132\" srcset=\"https:\/\/insideamateurfussball-ffm.de\/wp-content\/uploads\/2025\/11\/seckbachbeienheim.jpg 1600w, https:\/\/insideamateurfussball-ffm.de\/wp-content\/uploads\/2025\/11\/seckbachbeienheim-300x212.jpg 300w, https:\/\/insideamateurfussball-ffm.de\/wp-content\/uploads\/2025\/11\/seckbachbeienheim-1024x724.jpg 1024w, https:\/\/insideamateurfussball-ffm.de\/wp-content\/uploads\/2025\/11\/seckbachbeienheim-768x543.jpg 768w, https:\/\/insideamateurfussball-ffm.de\/wp-content\/uploads\/2025\/11\/seckbachbeienheim-1536x1087.jpg 1536w\" sizes=\"auto, (max-width: 1600px) 100vw, 1600px\" \/><figcaption id=\"caption-attachment-29633\" class=\"wp-caption-text\">Seckbachs Kapit\u00e4n Milad Wardak im Kampf gegen zwei Beienheimner. Foto: Worscht&#8217;dor<\/figcaption><\/figure>\n<h4>FG Seckbach &#8211; SKV Beienheim 2.3 (1:0)<\/h4>\n<p><img loading=\"lazy\" decoding=\"async\" class=\"alignnone size-full wp-image-544\" src=\"http:\/\/insideamateurfussball-ffm.de\/wp-content\/uploads\/2022\/06\/Seckbach.jpg\" alt=\"\" width=\"80\" height=\"80\" \/><img loading=\"lazy\" decoding=\"async\" class=\"alignnone size-full wp-image-545\" src=\"http:\/\/insideamateurfussball-ffm.de\/wp-content\/uploads\/2022\/06\/SKV-Beienh.jpg\" alt=\"\" width=\"79\" height=\"80\" \/><\/p>\n<p>Zwei zuletzt erfolgreiche Mannschaften trafen auf einem rutschigen Gel\u00e4uf in Seckbach aufeinander, die FG Seckbach mit zuletzt 5 Siegen in der Liga und dem Pokalweiterkommen gegen Verbandsligist RW Frankfurt, und der SKV Beienheim, der schlecht in die Saison gestartet war, aber zuletzt 4 Siege feiern konnte. Im Hinspiel trennten sich beide Mannschaften mit 3:3 nach einem 3:0-Pausenstand f\u00fcr Beienheim, diesmal war der Gast aus Beienheim knapp erfolgreich.<\/p>\n<p>In der 22.Minute brachte Milad Wardak die FG Seckbach mit 1:0 in F\u00fchrung, freistehend vor Torwart Nils Kitler lie\u00df er diesem keine Chance, die G\u00e4ste wollten vorher ein Foul gesehen haben, der Schiedsrichter lie\u00df aber weiterlaufen und Wardak vollstreckte. Mit diesem Vorsprung gingen die Gastgeber auch in die Pause, weil Torwart Christoph Lange zweimal gut abwehren konnte und Florian Schuberth nur den Pfosten traf. In der Viertelstunde nach dem Wechsel drehten die G\u00e4ste dann auf, in der 49.Minute der Ausgleich, Andrei Dogot war nach einer Ecke mit dem Kopf zur Stelle. Und mit einem Doppelschlag durch S\u00f6ren Reich in der 57.Minute und Luke Reichardt in der 60.Minute gingen die G\u00e4ste dann mit 3:1 in F\u00fchrung, Seckbach hatte nur noch den Anschlusstreffer durch Theo Gei\u00dfler in der 71.Minute zu bieten und musste sich am Ende geschlagen geben, w\u00e4hrend Beienheim jetzt seine Serie mit dem f\u00fcnften Sieg in Folge fortsetzte.<\/p>\n<p>Seckbachs Spielausschuss-Vorsitzender Jo Nareike: \u201ewir haben die Viertelstunde nach der Pause total verpennt, die waren in Summe vielleicht viermal vor dem Tor und haben drei Tore gemacht, das ist dann auch Qualit\u00e4t. Das respektieren wir und gratulieren Beienheim zum Sieg. Wir haben es nicht mehr geschafft, komplett zur\u00fcckzukommen, schade, n\u00e4chste Woche gegen Kaichen versuchen wir es wieder.\u201c Zum Abschluss vor der Winterpause kommt der Tabellenletzte vom FC Kaichen nach Seckbach.<\/p>\n<h4>Schiedsrichter: Jan Schubert (TuS Lindenholzhausen). Zuschauer: 100.<\/h4>\n<h4>Tore: 1:0 Milad Wardak (22.), 1:1 Andrei Dogot (49.), 1:2 S\u00f6ren Reich (57.), 1:3 Luke Reichardt (60.), 2:3 Theo Gei\u00dfler (71.)<\/h4>\n","protected":false},"excerpt":{"rendered":"<p>Im Spiel zweier zuletzt erfolgreicher Mannschaften unterlag die FG Seckbach zu Hause dem SKV Beienheim mit 2:3, eine schwache Viertelstunde nach der Pause kostete den Sprung auf Platz 3 der Tabelle. FG Seckbach &#8211; SKV Beienheim 2.3 (1:0) Zwei zuletzt erfolgreiche Mannschaften trafen auf einem rutschigen Gel\u00e4uf in Seckbach aufeinander, die FG Seckbach mit zuletzt [&hellip;]<\/p>\n","protected":false},"author":3,"featured_media":29633,"comment_status":"closed","ping_status":"open","sticky":true,"template":"","format":"standard","meta":{"footnotes":""},"categories":[13],"tags":[],"class_list":["post-29603","post","type-post","status-publish","format-standard","has-post-thumbnail","hentry","category-gruppenliga-frankfurt-west"],"_links":{"self":[{"href":"https:\/\/insideamateurfussball-ffm.de\/index.php?rest_route=\/wp\/v2\/posts\/29603","targetHints":{"allow":["GET"]}}],"collection":[{"href":"https:\/\/insideamateurfussball-ffm.de\/index.php?rest_route=\/wp\/v2\/posts"}],"about":[{"href":"https:\/\/insideamateurfussball-ffm.de\/index.php?rest_route=\/wp\/v2\/types\/post"}],"author":[{"embeddable":true,"href":"https:\/\/insideamateurfussball-ffm.de\/index.php?rest_route=\/wp\/v2\/users\/3"}],"replies":[{"embeddable":true,"href":"https:\/\/insideamateurfussball-ffm.de\/index.php?rest_route=%2Fwp%2Fv2%2Fcomments&post=29603"}],"version-history":[{"count":4,"href":"https:\/\/insideamateurfussball-ffm.de\/index.php?rest_route=\/wp\/v2\/posts\/29603\/revisions"}],"predecessor-version":[{"id":29635,"href":"https:\/\/insideamateurfussball-ffm.de\/index.php?rest_route=\/wp\/v2\/posts\/29603\/revisions\/29635"}],"wp:featuredmedia":[{"embeddable":true,"href":"https:\/\/insideamateurfussball-ffm.de\/index.php?rest_route=\/wp\/v2\/media\/29633"}],"wp:attachment":[{"href":"https:\/\/insideamateurfussball-ffm.de\/index.php?rest_route=%2Fwp%2Fv2%2Fmedia&parent=29603"}],"wp:term":[{"taxonomy":"category","embeddable":true,"href":"https:\/\/insideamateurfussball-ffm.de\/index.php?rest_route=%2Fwp%2Fv2%2Fcategories&post=29603"},{"taxonomy":"post_tag","embeddable":true,"href":"https:\/\/insideamateurfussball-ffm.de\/index.php?rest_route=%2Fwp%2Fv2%2Ftags&post=29603"}],"curies":[{"name":"wp","href":"https:\/\/api.w.org\/{rel}","templated":true}]}}