{"id":29589,"date":"2025-11-24T18:42:17","date_gmt":"2025-11-24T17:42:17","guid":{"rendered":"https:\/\/insideamateurfussball-ffm.de\/?p=29589"},"modified":"2025-11-24T18:42:17","modified_gmt":"2025-11-24T17:42:17","slug":"fechenheim-mit-zu-null-sieg-gegen-kosova","status":"publish","type":"post","link":"https:\/\/insideamateurfussball-ffm.de\/?p=29589","title":{"rendered":"Fechenheim mit Zu-Null-Sieg gegen Kosova"},"content":{"rendered":"<h4>Im Stadtduell gewann die Spvgg. 03 Fechenheim gegen die personell geschw\u00e4chte Mannschaft des FC Kosova mit 3:0, Trainer Necip Incesu freute sich vor allem \u00fcber das Zu-Null.<\/h4>\n<figure id=\"attachment_29593\" aria-describedby=\"caption-attachment-29593\" style=\"width: 2016px\" class=\"wp-caption alignnone\"><img loading=\"lazy\" decoding=\"async\" class=\"wp-image-29593 size-full\" src=\"http:\/\/insideamateurfussball-ffm.de\/wp-content\/uploads\/2025\/11\/fechenheimkosova03.jpg\" alt=\"\" width=\"2016\" height=\"1512\" srcset=\"https:\/\/insideamateurfussball-ffm.de\/wp-content\/uploads\/2025\/11\/fechenheimkosova03.jpg 2016w, https:\/\/insideamateurfussball-ffm.de\/wp-content\/uploads\/2025\/11\/fechenheimkosova03-300x225.jpg 300w, https:\/\/insideamateurfussball-ffm.de\/wp-content\/uploads\/2025\/11\/fechenheimkosova03-1024x768.jpg 1024w, https:\/\/insideamateurfussball-ffm.de\/wp-content\/uploads\/2025\/11\/fechenheimkosova03-768x576.jpg 768w, https:\/\/insideamateurfussball-ffm.de\/wp-content\/uploads\/2025\/11\/fechenheimkosova03-1536x1152.jpg 1536w\" sizes=\"auto, (max-width: 2016px) 100vw, 2016px\" \/><figcaption id=\"caption-attachment-29593\" class=\"wp-caption-text\">Beide Mannschaften hatten mit dem schwierigen Untergrund zu k\u00e4mpfen. Foto: MZ<\/figcaption><\/figure>\n<h4>Spvgg. 03 Fechenheim &#8211; FC Kosova 3:0 (0:0)<\/h4>\n<p><img loading=\"lazy\" decoding=\"async\" class=\"alignnone size-full wp-image-603\" src=\"http:\/\/insideamateurfussball-ffm.de\/wp-content\/uploads\/2022\/06\/Fech03.jpg\" alt=\"\" width=\"52\" height=\"80\" \/><img loading=\"lazy\" decoding=\"async\" class=\"alignnone size-full wp-image-9\" src=\"http:\/\/insideamateurfussball-ffm.de\/wp-content\/uploads\/2021\/11\/Kosova.jpg\" alt=\"\" width=\"65\" height=\"80\" \/><\/p>\n<p>Nur wenige Zuschauer verirrten sich an die Birsteiner Strasse, bei klirrender K\u00e4lte und rutschigem Rasen brachten die G\u00e4ste die H\u00e4lfte der Zuschauer mit. Der FC Kosova war nach den drei roten Karten im letzten Spiel und einigen Verletzungen personell arg geschw\u00e4cht, zur Pause kamen noch zwei Spieler aus der zweiten Mannschaft dazu, die vorher bereits gespielt hatten. Bei Fechenheim fehlte ihr Kapit\u00e4n Felix Casalino aus beruflichen Gr\u00fcnden.<\/p>\n<p>Die erste gro\u00dfe Chance des Spiels hatten die couragiert aufspielenden G\u00e4ste in der 8.Minute, doch erst konnte 03-Torwart Armin Buchholz halten, der Nachschuss landete am Pfosten des Fechenheimer Tores. Danach \u00fcbernahmen die Gastgeber das Kommando und erspielten sich bis zur Pause einige hochkar\u00e4tige Chancen, die alle vergeben wurden. In der 23.Minute schoss Ihab Suleiman frei vor dem Torwart \u00fcber das Tor, in der 32.Minute wehrte Kosovas Torwart Blend Bajraktari, am Ende bester Spieler seiner Mannschaft, einen gef\u00e4hrlichen Flachschuss zur Ecke ab, in der 34.Minute schoss erneut Suleiman aus 10 Metern \u00fcber das Tor, und in der 39.minute war es Metehan Karakus, der an Bajraktari freistehend scheiterte. Kosova hatte einige gute Konterchancen, konnte Torwart Buchholz aber nicht in Gefahr bringen. So ging es mit einem 0:0 in die Halbzeit, f\u00fcr Fechenheim diese Saison schon ein besonderes Resultat.<\/p>\n<p>Bei nachlassenden Kr\u00e4ften der G\u00e4ste kam Fechenheim auch in der zweiten Halbzeit zu gro\u00dfen Chancen, ein Heber von Karakus \u00fcber den Torwart wurde in der 49.Minute gerade noch von der Linie gekratzt. In der 50.Minute dann das verdiente 1:0 f\u00fcr die Gastgeber, nach einer Hereingabe von Karakus konnte Suleiman den Ball dieses Mal im Tor versenken. In der 55.Minute spritzte Karakus in einen Querpass vor dem eigenen Strafraum der G\u00e4ste, scheiterte aber erneut am gl\u00e4nzend reagierenden Bajraktari.<\/p>\n<p>Es dauerte bis zur 80.Minute, ehe es zum vorentscheidenden 2:0 kam, Argjend Mustafa spielte einen hohen Ball aus dem Mittelkreis ungl\u00fccklich in Richtung eigenes Tor, Bajraktari nahm den Ball vor einem gegnerischen St\u00fcrmer auf und der Schiedsrichter entschied auf R\u00fcckgabe und indirekten Freisto\u00df. Den angetippten Ball drosch dann Giovanbattista Pedace aus 15 Metern durch die sich aufl\u00f6sende Mauer zum 2:0 ins linke Eck.<\/p>\n<p>In der 86.Minute scheiterte erneut Suleiman freistehend an Bajraktari, der mit einem Reflex das Gegentor verhinderte, doch nur drei Minuten sp\u00e4ter gab es nach Foul an Suleiman Elfmeter f\u00fcr Fechenheim, den Yassin Chaouki souver\u00e4n zum 3:0-Endstand verwandelte. Fechenheims Trainer Necip Incesu nach dem Spiel: \u201eabsolut verdient, wir haben sehr viele Torchancen vergeben, Kosova hat das sehr gut gemacht in der ersten Halbzeit, aber in der zweiten Halbzeit war das schon sehr, sehr verdient. Wir haben nichts zugelassen, endlich Zu-Null gespielt, aber auf unseren Sturm ist Verlass, Chaouki, Giova und Ihab, die haben auch alle drei getroffen.\u201c<\/p>\n<p>Kosovas Trainer Erc\u00fcment Sahin war unter den Rahmenbedingungen nicht unzufrieden mit seinem Team: \u201eerwartet haben wir es, aber wir wollten ein Wunder f\u00fcr uns selbst schaffen. Erste Halbzeit, finde ich, ein 3:3-Spiel, zweite Halbzeit sind wir dann k\u00f6rperlich eingebrochen, weil wir nicht die richtigen Wechsel machen konnten. Wir mussten erneut positionsfremd aufstellen wie in meinen ersten zwei Spielen. Ich bewerte f\u00fcr mich die erste Halbzeit, die war sehr gut, die zweite Halbzeit dann eingebrochen. Ich bin zufrieden mit den Jungs, f\u00fcr den Kampf und die Leidenschaft, und die Fairness auf beiden Seiten.\u201c Sahin nannte seinen Kollegen auch einen \u201esuper sympathischen und fairen Trainer-Kollegen\u201c.<\/p>\n<p>W\u00e4hrend der FC Kosova vor der Winterpause noch gegen den VfL Germania 94 antritt, m\u00fcssen die Fechenheimer eventuell noch zweimal ran. Der Sportliche Leiter Asghar Ali-Jaali zeigte sich nicht erfreut dar\u00fcber, dass der Klassenleiter das ausgefallene Spiel beim SKV Beienheim f\u00fcr den Donnerstagabend angesetzt hat, obwohl die Fechenheimer als Spieltag den 07.12. angeboten hatten. \u201eZu dieser Jahreszeit abends bei Frost nach Beienheim zu reisen und dort zu spielen, ist ein Unding und gef\u00e4hrdet die Gesundheit der Spieler. Au\u00dferdem m\u00fcssen sich die Spieler einen halben Tag Urlaub nehmen, ohne zu wissen, ob das Spiel \u00fcberhaupt stattfinden kann.\u201c Am n\u00e4chsten Sonntag steht dann noch der schwere Gang zum Tabellenf\u00fchrer SV Bosnien\/Herzegowina an.<\/p>\n<h4>Schiedsrichter: Redouan Benali (FC Hilal R\u00fcsselsheim). Zuschauer: 40.<\/h4>\n<h4>Tore: 1:0 Ihab Suleiman (50.), 2:0 Giovanbattista Pedace (80.), 3:0 Yassin Chaouki (89., Elfmeter)<\/h4>\n\n\n<figure class=\"wp-block-image size-large\"><img loading=\"lazy\" decoding=\"async\" width=\"1024\" height=\"768\" src=\"http:\/\/insideamateurfussball-ffm.de\/wp-content\/uploads\/2025\/11\/fechenheimkosova00-1024x768.jpg\" alt=\"\" class=\"wp-image-29590\" srcset=\"https:\/\/insideamateurfussball-ffm.de\/wp-content\/uploads\/2025\/11\/fechenheimkosova00-1024x768.jpg 1024w, https:\/\/insideamateurfussball-ffm.de\/wp-content\/uploads\/2025\/11\/fechenheimkosova00-300x225.jpg 300w, https:\/\/insideamateurfussball-ffm.de\/wp-content\/uploads\/2025\/11\/fechenheimkosova00-768x576.jpg 768w, https:\/\/insideamateurfussball-ffm.de\/wp-content\/uploads\/2025\/11\/fechenheimkosova00-1536x1152.jpg 1536w, https:\/\/insideamateurfussball-ffm.de\/wp-content\/uploads\/2025\/11\/fechenheimkosova00.jpg 2016w\" sizes=\"auto, (max-width: 1024px) 100vw, 1024px\" \/><\/figure>\n\n\n\n<figure class=\"wp-block-image size-large\"><img loading=\"lazy\" decoding=\"async\" width=\"1024\" height=\"768\" src=\"http:\/\/insideamateurfussball-ffm.de\/wp-content\/uploads\/2025\/11\/fechenheimkosova01-1024x768.jpg\" alt=\"\" class=\"wp-image-29591\" srcset=\"https:\/\/insideamateurfussball-ffm.de\/wp-content\/uploads\/2025\/11\/fechenheimkosova01-1024x768.jpg 1024w, https:\/\/insideamateurfussball-ffm.de\/wp-content\/uploads\/2025\/11\/fechenheimkosova01-300x225.jpg 300w, https:\/\/insideamateurfussball-ffm.de\/wp-content\/uploads\/2025\/11\/fechenheimkosova01-768x576.jpg 768w, https:\/\/insideamateurfussball-ffm.de\/wp-content\/uploads\/2025\/11\/fechenheimkosova01-1536x1152.jpg 1536w, https:\/\/insideamateurfussball-ffm.de\/wp-content\/uploads\/2025\/11\/fechenheimkosova01.jpg 2016w\" sizes=\"auto, (max-width: 1024px) 100vw, 1024px\" \/><\/figure>\n\n\n\n<figure class=\"wp-block-image size-large\"><img loading=\"lazy\" decoding=\"async\" width=\"1024\" height=\"768\" src=\"http:\/\/insideamateurfussball-ffm.de\/wp-content\/uploads\/2025\/11\/fechenheimkosova02-1024x768.jpg\" alt=\"\" class=\"wp-image-29592\" srcset=\"https:\/\/insideamateurfussball-ffm.de\/wp-content\/uploads\/2025\/11\/fechenheimkosova02-1024x768.jpg 1024w, https:\/\/insideamateurfussball-ffm.de\/wp-content\/uploads\/2025\/11\/fechenheimkosova02-300x225.jpg 300w, https:\/\/insideamateurfussball-ffm.de\/wp-content\/uploads\/2025\/11\/fechenheimkosova02-768x576.jpg 768w, https:\/\/insideamateurfussball-ffm.de\/wp-content\/uploads\/2025\/11\/fechenheimkosova02-1536x1152.jpg 1536w, https:\/\/insideamateurfussball-ffm.de\/wp-content\/uploads\/2025\/11\/fechenheimkosova02.jpg 2016w\" sizes=\"auto, (max-width: 1024px) 100vw, 1024px\" \/><\/figure>\n\n\n\n<figure class=\"wp-block-image size-large\"><img loading=\"lazy\" decoding=\"async\" width=\"1024\" height=\"768\" src=\"http:\/\/insideamateurfussball-ffm.de\/wp-content\/uploads\/2025\/11\/fechenheimkosova04-1024x768.jpg\" alt=\"\" class=\"wp-image-29594\" srcset=\"https:\/\/insideamateurfussball-ffm.de\/wp-content\/uploads\/2025\/11\/fechenheimkosova04-1024x768.jpg 1024w, https:\/\/insideamateurfussball-ffm.de\/wp-content\/uploads\/2025\/11\/fechenheimkosova04-300x225.jpg 300w, https:\/\/insideamateurfussball-ffm.de\/wp-content\/uploads\/2025\/11\/fechenheimkosova04-768x576.jpg 768w, https:\/\/insideamateurfussball-ffm.de\/wp-content\/uploads\/2025\/11\/fechenheimkosova04-1536x1152.jpg 1536w, https:\/\/insideamateurfussball-ffm.de\/wp-content\/uploads\/2025\/11\/fechenheimkosova04.jpg 2016w\" sizes=\"auto, (max-width: 1024px) 100vw, 1024px\" \/><\/figure>\n\n\n\n<figure class=\"wp-block-image size-large\"><img loading=\"lazy\" decoding=\"async\" width=\"1024\" height=\"768\" src=\"http:\/\/insideamateurfussball-ffm.de\/wp-content\/uploads\/2025\/11\/fechenheimkosova05-1024x768.jpg\" alt=\"\" class=\"wp-image-29595\" srcset=\"https:\/\/insideamateurfussball-ffm.de\/wp-content\/uploads\/2025\/11\/fechenheimkosova05-1024x768.jpg 1024w, https:\/\/insideamateurfussball-ffm.de\/wp-content\/uploads\/2025\/11\/fechenheimkosova05-300x225.jpg 300w, https:\/\/insideamateurfussball-ffm.de\/wp-content\/uploads\/2025\/11\/fechenheimkosova05-768x576.jpg 768w, https:\/\/insideamateurfussball-ffm.de\/wp-content\/uploads\/2025\/11\/fechenheimkosova05-1536x1152.jpg 1536w, https:\/\/insideamateurfussball-ffm.de\/wp-content\/uploads\/2025\/11\/fechenheimkosova05.jpg 2016w\" sizes=\"auto, (max-width: 1024px) 100vw, 1024px\" \/><\/figure>\n\n\n\n<figure class=\"wp-block-image size-large\"><img loading=\"lazy\" decoding=\"async\" width=\"1024\" height=\"768\" src=\"http:\/\/insideamateurfussball-ffm.de\/wp-content\/uploads\/2025\/11\/fechenheimkosova06-1024x768.jpg\" alt=\"\" class=\"wp-image-29596\" srcset=\"https:\/\/insideamateurfussball-ffm.de\/wp-content\/uploads\/2025\/11\/fechenheimkosova06-1024x768.jpg 1024w, https:\/\/insideamateurfussball-ffm.de\/wp-content\/uploads\/2025\/11\/fechenheimkosova06-300x225.jpg 300w, https:\/\/insideamateurfussball-ffm.de\/wp-content\/uploads\/2025\/11\/fechenheimkosova06-768x576.jpg 768w, https:\/\/insideamateurfussball-ffm.de\/wp-content\/uploads\/2025\/11\/fechenheimkosova06-1536x1152.jpg 1536w, https:\/\/insideamateurfussball-ffm.de\/wp-content\/uploads\/2025\/11\/fechenheimkosova06.jpg 2016w\" sizes=\"auto, (max-width: 1024px) 100vw, 1024px\" \/><\/figure>\n","protected":false},"excerpt":{"rendered":"<p>Im Stadtduell gewann die Spvgg. 03 Fechenheim gegen die personell geschw\u00e4chte Mannschaft des FC Kosova mit 3:0, Trainer Necip Incesu freute sich vor allem \u00fcber das Zu-Null. Spvgg. 03 Fechenheim &#8211; FC Kosova 3:0 (0:0) Nur wenige Zuschauer verirrten sich an die Birsteiner Strasse, bei klirrender K\u00e4lte und rutschigem Rasen brachten die G\u00e4ste die H\u00e4lfte [&hellip;]<\/p>\n","protected":false},"author":3,"featured_media":29593,"comment_status":"closed","ping_status":"open","sticky":true,"template":"","format":"standard","meta":{"footnotes":""},"categories":[13],"tags":[],"class_list":["post-29589","post","type-post","status-publish","format-standard","has-post-thumbnail","hentry","category-gruppenliga-frankfurt-west"],"_links":{"self":[{"href":"https:\/\/insideamateurfussball-ffm.de\/index.php?rest_route=\/wp\/v2\/posts\/29589","targetHints":{"allow":["GET"]}}],"collection":[{"href":"https:\/\/insideamateurfussball-ffm.de\/index.php?rest_route=\/wp\/v2\/posts"}],"about":[{"href":"https:\/\/insideamateurfussball-ffm.de\/index.php?rest_route=\/wp\/v2\/types\/post"}],"author":[{"embeddable":true,"href":"https:\/\/insideamateurfussball-ffm.de\/index.php?rest_route=\/wp\/v2\/users\/3"}],"replies":[{"embeddable":true,"href":"https:\/\/insideamateurfussball-ffm.de\/index.php?rest_route=%2Fwp%2Fv2%2Fcomments&post=29589"}],"version-history":[{"count":2,"href":"https:\/\/insideamateurfussball-ffm.de\/index.php?rest_route=\/wp\/v2\/posts\/29589\/revisions"}],"predecessor-version":[{"id":29598,"href":"https:\/\/insideamateurfussball-ffm.de\/index.php?rest_route=\/wp\/v2\/posts\/29589\/revisions\/29598"}],"wp:featuredmedia":[{"embeddable":true,"href":"https:\/\/insideamateurfussball-ffm.de\/index.php?rest_route=\/wp\/v2\/media\/29593"}],"wp:attachment":[{"href":"https:\/\/insideamateurfussball-ffm.de\/index.php?rest_route=%2Fwp%2Fv2%2Fmedia&parent=29589"}],"wp:term":[{"taxonomy":"category","embeddable":true,"href":"https:\/\/insideamateurfussball-ffm.de\/index.php?rest_route=%2Fwp%2Fv2%2Fcategories&post=29589"},{"taxonomy":"post_tag","embeddable":true,"href":"https:\/\/insideamateurfussball-ffm.de\/index.php?rest_route=%2Fwp%2Fv2%2Ftags&post=29589"}],"curies":[{"name":"wp","href":"https:\/\/api.w.org\/{rel}","templated":true}]}}