{"id":29581,"date":"2025-11-24T16:42:39","date_gmt":"2025-11-24T15:42:39","guid":{"rendered":"https:\/\/insideamateurfussball-ffm.de\/?p=29581"},"modified":"2025-11-28T16:43:20","modified_gmt":"2025-11-28T15:43:20","slug":"rot-weiss-wieder-tabellenfuehrer","status":"publish","type":"post","link":"https:\/\/insideamateurfussball-ffm.de\/?p=29581","title":{"rendered":"Rot-Weiss wieder Tabellenf\u00fchrer"},"content":{"rendered":"<h4>Nur eine Woche nach dem Verlust der Tabellenf\u00fchrung konnte sich RW Frankfurt durch einen hart erk\u00e4mpften 2:1-Sieg beim SC Dortelweil die Spitze wieder zur\u00fcckerobern, die Ergebnisse auf den anderen Pl\u00e4tzen halfen dabei.<\/h4>\n<figure id=\"attachment_29220\" aria-describedby=\"caption-attachment-29220\" style=\"width: 2560px\" class=\"wp-caption alignnone\"><img loading=\"lazy\" decoding=\"async\" class=\"wp-image-29220 size-full\" src=\"http:\/\/insideamateurfussball-ffm.de\/wp-content\/uploads\/2025\/11\/SGB-RWFfm_251109-154-scaled.jpg\" alt=\"\" width=\"2560\" height=\"1707\" srcset=\"https:\/\/insideamateurfussball-ffm.de\/wp-content\/uploads\/2025\/11\/SGB-RWFfm_251109-154-scaled.jpg 2560w, https:\/\/insideamateurfussball-ffm.de\/wp-content\/uploads\/2025\/11\/SGB-RWFfm_251109-154-300x200.jpg 300w, https:\/\/insideamateurfussball-ffm.de\/wp-content\/uploads\/2025\/11\/SGB-RWFfm_251109-154-1024x683.jpg 1024w, https:\/\/insideamateurfussball-ffm.de\/wp-content\/uploads\/2025\/11\/SGB-RWFfm_251109-154-768x512.jpg 768w, https:\/\/insideamateurfussball-ffm.de\/wp-content\/uploads\/2025\/11\/SGB-RWFfm_251109-154-1536x1024.jpg 1536w, https:\/\/insideamateurfussball-ffm.de\/wp-content\/uploads\/2025\/11\/SGB-RWFfm_251109-154-2048x1365.jpg 2048w\" sizes=\"auto, (max-width: 2560px) 100vw, 2560px\" \/><figcaption id=\"caption-attachment-29220\" class=\"wp-caption-text\">Abdussamed G\u00fcrsoy (Nr. 9) brachte RW Frankfurt in Dortelweil fr\u00fch in F\u00fchrung. Foto: Archiv Andre Sturmeit<\/figcaption><\/figure>\n<h4>SC Dortelweil &#8211; RW Frankfurt 1:2 (1.1)<\/h4>\n<p><img loading=\"lazy\" decoding=\"async\" class=\"alignnone size-full wp-image-598\" src=\"http:\/\/insideamateurfussball-ffm.de\/wp-content\/uploads\/2022\/06\/Dortelweil.jpg\" alt=\"\" width=\"80\" height=\"80\" \/><img loading=\"lazy\" decoding=\"async\" class=\"alignnone size-full wp-image-29583\" src=\"http:\/\/insideamateurfussball-ffm.de\/wp-content\/uploads\/2025\/11\/logo-rot-weiss.png\" alt=\"\" width=\"80\" height=\"80\" \/><\/p>\n<p>W\u00e4hrend der SC Dortelweil f\u00fcnf Spiele in Folge ungeschlagen blieb, verlor RW Frankfurt am letzten Samstag durch eine ungl\u00fcckliche 1:2-Niederlage in Seligenstadt die Tabellenf\u00fchrung. RW Trainer Ibo Cigdem sagte: \u201eich habe die Mannschaft darauf vorbereitet, dass sie auf einen sich im Aufwind befindlichen Gegner trifft und dass auch die Platzbedingungen nicht gut zu unserem Spiel passen werden, von daher habe ich gefordert, dass man auch mal einen \u201edreckigen\u201c Sieg erringen muss.\u201c<\/p>\n<p>Die G\u00e4ste aus Frankfurt kamen in den ersten 20 Minuten besser ins Spiel und erzielten folgerichtig in der 7.Minute auch das fr\u00fche 1:0, nachdem SC Torwart Yannick R\u00fchl noch einen Schuss von Towa Itamoto parieren konnte, versenkte Abdussamed G\u00fcrsoy den Abpraller zur F\u00fchrung f\u00fcr die Rot-Wei\u00dfen. Danach kamen die kampfstarken Gastgeber auf und belohnten sich mit dem 1:1 durch Moritz Feiler in der 28.Minute, die G\u00e4ste konnten sich gl\u00fccklich sch\u00e4tzen, dass es mit diesem Ergebnis in die Pause ging.<\/p>\n<p>Nach dem Wechsel war die Partie dann ausgeglichener, Trainer Cigdem: \u201ees war klar, wer den einen Fehler mehr macht, verliert die Partie.\u201c Und die G\u00e4ste waren dann das effektivere Team, der nur drei Minuten vorher eingewechselte Cross Idahosa nutzte einen Konter und erzielte in der 73.Minute den 2:1-Siegtreffer. Cigdem weiter: \u201ees war keine gute Partie von uns, aber wir nehmen den Sieg gerne mit und wollen jetzt auch an der Tabellenspitze \u00fcberwintern.\u201c<\/p>\n<p>Durch die Heimniederlage von Seligenstadt gegen Gro\u00df-Gerau und dem spielfreien Wochenende der zweiten Mannschaft von Kickers Offenbach sprangen die Rot-Wei\u00dfen wieder auf Platz 1 und wollen diese Position auch im letzten Spiel vor der Winterpause gegen den SKV RW Darmstadt verteidigen.<\/p>\n<h4>Schiedsrichter: Tim Waldinger (TSV Rauschenberg). Zuschauer: 130.<\/h4>\n<h4>Tore: 0:1 Abdussamed G\u00fcrsoy (7.), 1:1 Moritz Feiler (28.), 1:2 Cross Idahosa (73.)<\/h4>\n","protected":false},"excerpt":{"rendered":"<p>Nur eine Woche nach dem Verlust der Tabellenf\u00fchrung konnte sich RW Frankfurt durch einen hart erk\u00e4mpften 2:1-Sieg beim SC Dortelweil die Spitze wieder zur\u00fcckerobern, die Ergebnisse auf den anderen Pl\u00e4tzen halfen dabei. SC Dortelweil &#8211; RW Frankfurt 1:2 (1.1) W\u00e4hrend der SC Dortelweil f\u00fcnf Spiele in Folge ungeschlagen blieb, verlor RW Frankfurt am letzten Samstag [&hellip;]<\/p>\n","protected":false},"author":3,"featured_media":29220,"comment_status":"closed","ping_status":"open","sticky":true,"template":"","format":"standard","meta":{"footnotes":""},"categories":[10],"tags":[],"class_list":["post-29581","post","type-post","status-publish","format-standard","has-post-thumbnail","hentry","category-verbandsliga-sued"],"_links":{"self":[{"href":"https:\/\/insideamateurfussball-ffm.de\/index.php?rest_route=\/wp\/v2\/posts\/29581","targetHints":{"allow":["GET"]}}],"collection":[{"href":"https:\/\/insideamateurfussball-ffm.de\/index.php?rest_route=\/wp\/v2\/posts"}],"about":[{"href":"https:\/\/insideamateurfussball-ffm.de\/index.php?rest_route=\/wp\/v2\/types\/post"}],"author":[{"embeddable":true,"href":"https:\/\/insideamateurfussball-ffm.de\/index.php?rest_route=\/wp\/v2\/users\/3"}],"replies":[{"embeddable":true,"href":"https:\/\/insideamateurfussball-ffm.de\/index.php?rest_route=%2Fwp%2Fv2%2Fcomments&post=29581"}],"version-history":[{"count":4,"href":"https:\/\/insideamateurfussball-ffm.de\/index.php?rest_route=\/wp\/v2\/posts\/29581\/revisions"}],"predecessor-version":[{"id":29689,"href":"https:\/\/insideamateurfussball-ffm.de\/index.php?rest_route=\/wp\/v2\/posts\/29581\/revisions\/29689"}],"wp:featuredmedia":[{"embeddable":true,"href":"https:\/\/insideamateurfussball-ffm.de\/index.php?rest_route=\/wp\/v2\/media\/29220"}],"wp:attachment":[{"href":"https:\/\/insideamateurfussball-ffm.de\/index.php?rest_route=%2Fwp%2Fv2%2Fmedia&parent=29581"}],"wp:term":[{"taxonomy":"category","embeddable":true,"href":"https:\/\/insideamateurfussball-ffm.de\/index.php?rest_route=%2Fwp%2Fv2%2Fcategories&post=29581"},{"taxonomy":"post_tag","embeddable":true,"href":"https:\/\/insideamateurfussball-ffm.de\/index.php?rest_route=%2Fwp%2Fv2%2Ftags&post=29581"}],"curies":[{"name":"wp","href":"https:\/\/api.w.org\/{rel}","templated":true}]}}