{"id":29569,"date":"2025-11-23T11:19:57","date_gmt":"2025-11-23T10:19:57","guid":{"rendered":"https:\/\/insideamateurfussball-ffm.de\/?p=29569"},"modified":"2025-11-23T11:33:21","modified_gmt":"2025-11-23T10:33:21","slug":"eintracht-ii-70-kantersieg-im-spitzenspiel","status":"publish","type":"post","link":"https:\/\/insideamateurfussball-ffm.de\/?p=29569","title":{"rendered":"Eintracht II: 7:0-Kantersieg im Spitzenspiel"},"content":{"rendered":"<h6><span style=\"font-size: 20px;\">Die U21 von Eintracht Frankfurt hat mit einer beeindruckenden Vorstellung die Tabellenf\u00fchrung in der Hessenliga untermauert. Gegen den zuletzt so formstarken Tabellendritten FC Gie\u00dfen gab es vor 650 Zuschauern bei Temperaturen um den Gefrierpunkt den h\u00f6chsten der bisher acht Heimsiege. Mit 7:0 (2:0) wurde der Mitabsteiger aus der Regionalliga abgefertigt, der insgesamt einen desolaten Auftritt hinlegte.<\/span><\/h6>\n<figure id=\"attachment_29570\" aria-describedby=\"caption-attachment-29570\" style=\"width: 150px\" class=\"wp-caption aligncenter\"><img loading=\"lazy\" decoding=\"async\" class=\"wp-image-29570 size-thumbnail\" src=\"http:\/\/insideamateurfussball-ffm.de\/wp-content\/uploads\/2025\/11\/Gude-t-150x150.jpg\" alt=\"\" width=\"150\" height=\"150\" \/><figcaption id=\"caption-attachment-29570\" class=\"wp-caption-text\">Gude aus dem Sportpark Dreieich. Foto: PA.<\/figcaption><\/figure>\n<h6><span style=\"font-size: 20px;\">Eintracht Frankfurt II &#8211; FC Gie\u00dfen 7:0 (2:0)<\/span><\/h6>\n<p><img loading=\"lazy\" decoding=\"async\" class=\"alignnone size-full wp-image-836\" src=\"http:\/\/insideamateurfussball-ffm.de\/wp-content\/uploads\/2022\/06\/SGE.jpg\" alt=\"\" width=\"79\" height=\"80\" \/><img loading=\"lazy\" decoding=\"async\" class=\"alignnone size-full wp-image-27271\" src=\"http:\/\/insideamateurfussball-ffm.de\/wp-content\/uploads\/2025\/08\/FC-Giessen.png\" alt=\"\" width=\"58\" height=\"80\" \/><\/p>\n<p><span style=\"font-size: 20px;\">Insgeheim hatten sich die G\u00e4ste nach dem 2:0 letzte Woche gegen Eddersheim schon etwas mehr ausgerechnet. Die Gie\u00dfener wollten lange die Null halten, w\u00e4hrend die Hausherren ihre wei\u00dfe Weste vor heimischer Kulisse wahren wollten. Was Ex-Profi Fink dann bei seinem Ex-Verein sah &#8211; von 2006 bis 2009 spielte Fink 87 Bundesliga-Spiele f\u00fcr Frankfurt und ist noch f\u00fcr die Traditionself aktiv &#8211; war so nicht zu erwarten. Die G\u00e4ste waren fast nur defensiv besch\u00e4ftigt, kamen kaum mal \u00fcber die Mittellinie. Die Eintracht spielte von Beginn an zielstrebig nach vorne und ihr gelang schnell ein Doppelschlag.\u00a0<\/span><\/p>\n<p><span style=\"font-size: 20px;\">Nach einem Freisto\u00df von Nico Ochojski scheiterte Jeremiaha Maluze noch an FCG-Torh\u00fcter Bilal Jomaa Zabadne, im Nachschuss dr\u00fcckte Kapit\u00e4n Benjamin Kirchhoff den Ball \u00fcber die Linie (12.). Zwei Minuten sp\u00e4ter schlug die Stunde f\u00fcr St\u00fcrmer Lukas Sonnenwald, der sein Pflichtspieldeb\u00fct gab. Nach seinem Wechsel im Sommer vom Regionalligisten Bahlinger SC hatte sich der 22-j\u00e4hrige im zweiten Testspiel verletzt. Nun staubte Sonnenwald nach einem Kopfball von Sturmpartner Daniel Starodid an den Pfosten zum 2:0 ab (14.). Die etwas 30 mitgereisten und im eigens daf\u00fcr ge\u00f6ffneten G\u00e4steblock untergebrachten G\u00e4stefans sollten noch einen schlimmen Nachmittag verleben. Weitet dr\u00fcckte die Eintracht, Sonnenwald traf den Pfosten (29.). Die G\u00e4ste wussten sich mit der Zeit nur noch mit Foulspielen zu helfen. Da verwunderte es kaum, dass Innenverteidiger Elias Cvrlje nach dem dritten Foulspiel innerhalb kurzer Zeit kurz vor der Pause vorzeitig mit Gelb-Rot zum Duschen geschickt wurde (44.).<\/span><\/p>\n<h6><span style=\"font-size: 20px;\">Zwei Gelb-Rote Karten f\u00fcr Gie\u00dfen<\/span><\/h6>\n<p><span style=\"font-size: 20px;\">Ein Wechsel kurz vor und zwei nach dem Seitenwechsel sollten den Schaden auf Gie\u00dfener Seite in Grenzen halten. Doch der Aufstiegsaspirant zeigte weiter Spielfreude und traf nach Belieben. Auf Zuspiel von Marvin Dills erh\u00f6hte Sonnenwald auf 3:0 (53.) und wurde nach seiner Auswechslung in der 61. Minute mit Standing Ovations bedacht. Zuvor hatte Metehan Yildirim auf Flanke von Ochojski auf 4:0 gestellt (58.). Auch bei Gie\u00dfen gab es derweil einen Deb\u00fctanten, der unter der Woche von Rot-Wei\u00df Erfurt verpflichtete 19-j\u00e4hrige Boris Kehayov wurde nach 63 Minuten eingewechselt. Nachdem Paul W\u00fcnsch die Latte getroffen hatte (73.), erhielt in Davide-Jerome Itter noch ein zweiter Gie\u00dfener wegen Meckerns die Gelb-Rote Karte (78.), sodass die G\u00e4ste die Partie mit neun Mann beendeten und in der Schlussphase noch komplett auseinander fielen. Ochojski (83), der eingewechselte Agyemeng Clement Nana-Sarhene auf Vorarbeit von Maluze (87.) und Daniel Starodid (88.) schossen den Kantersieg heraus. <\/span><\/p>\n<p><span style=\"font-size: 20px;\">Fink stampfte dann mit der Kiste der Materialien deprimiert in die Kabine, w\u00e4hrend Eintracht-Trainer Dennis Schmitt im Presseraum sein Statement abgab: &#8222;Wir haben von der ersten Sekunde an ein gutes Spiel gemacht, die Pause hat den Jungs gut getan, denn wir waren wieder frisch vom Kopf her. In allen Bereichen waren wir hellwach, super aggressiv gegen den Ball, extrem intensiv im Gegenpressing, hatten gute L\u00f6sungen mit Ball&#8220;, analysierte der Coach. &#8222;Es freut uns riesig, dass Lukas Sonnenwald mit zwei Toren zur\u00fcckgekommen ist&#8220;, sagte Schmitt \u00fcber den Mann des Tages. Ein Topst\u00fcrmer mehr, der die Aufstiegschancen weiter erh\u00f6ht. &#8222;Wir brauchen jeden Mann, die Jungs haben hohe Belastungen, denn Mittwoch ist wieder Youth League&#8220;, betonte Schmitt, dem nur 17 Akteure zur Verf\u00fcgung standen.<\/span><\/p>\n<h6>\u00a0<\/h6>\n<h6><span style=\"font-size: 20px;\">Eintracht Frankfurt II: Siljevic; Kirchhoff (76. Nana-Sarhene), Maluze, W\u00fcnsch &#8211; Etse, Ochojski, Dills (62. Bauer), Yildirim (68. Spahn), Feny\u00f6 (68. Gaul Souza) &#8211; Starodid, Sonnenwald (61. Boakye Osei).<\/span><\/h6>\n<h6><span style=\"font-size: 20px;\">FC Gie\u00dfen: Jomaa Zabadne; Itter, Cvrlje, El Haddoudi (46. H\u00e4user), Gegg (71. Wollstadt) &#8211; Duran &#8211; El Chaabi, Kim, Preisig (45.+1 Celik), Njontie (46. Ofori) &#8211; Geisler (63. Kejayov).<\/span><\/h6>\n<h6><span style=\"font-size: 20px;\">Schiedsrichter: Pascal Loschke (Fortuna Kassel). Zuschauer: 650.<\/span><\/h6>\n<h6><span style=\"font-size: 20px;\">Tore: 1:0 Benjamin Kirchhoff (12.), 2:0 Lukas Sonnenwald (14.), 3:0 Lukas Sonnenwald (53.), 4:0 Metehan Yildirim (58.), 5:0 Nico Ochojski (83.), 6:0 Agyemeng Clement Nana-Sarhene (87.), 7:0 Daniel Starodid (88.).<\/span><\/h6>\n<h6><span style=\"font-size: 20px;\">Gelb-Rote Karten: Elias Cvrlje (44.), Davide-Jerome Itter (78.), beide Gie\u00dfen.\u00a0<\/span><\/h6>\n<div>\u00a0<\/div>\n<div>\u00a0<\/div>\n<div>\u00a0<\/div>\n<div>\u00a0<\/div>\n<div>\u00a0<\/div>\n\n\n<p><\/p>\n","protected":false},"excerpt":{"rendered":"<p>Die U21 von Eintracht Frankfurt hat mit einer beeindruckenden Vorstellung die Tabellenf\u00fchrung in der Hessenliga untermauert. Gegen den zuletzt so formstarken Tabellendritten FC Gie\u00dfen gab es vor 650 Zuschauern bei Temperaturen um den Gefrierpunkt den h\u00f6chsten der bisher acht Heimsiege. Mit 7:0 (2:0) wurde der Mitabsteiger aus der Regionalliga abgefertigt, der insgesamt einen desolaten Auftritt [&hellip;]<\/p>\n","protected":false},"author":1,"featured_media":29570,"comment_status":"closed","ping_status":"closed","sticky":true,"template":"","format":"standard","meta":{"footnotes":""},"categories":[8],"tags":[],"class_list":["post-29569","post","type-post","status-publish","format-standard","has-post-thumbnail","hentry","category-hessenliga"],"_links":{"self":[{"href":"https:\/\/insideamateurfussball-ffm.de\/index.php?rest_route=\/wp\/v2\/posts\/29569","targetHints":{"allow":["GET"]}}],"collection":[{"href":"https:\/\/insideamateurfussball-ffm.de\/index.php?rest_route=\/wp\/v2\/posts"}],"about":[{"href":"https:\/\/insideamateurfussball-ffm.de\/index.php?rest_route=\/wp\/v2\/types\/post"}],"author":[{"embeddable":true,"href":"https:\/\/insideamateurfussball-ffm.de\/index.php?rest_route=\/wp\/v2\/users\/1"}],"replies":[{"embeddable":true,"href":"https:\/\/insideamateurfussball-ffm.de\/index.php?rest_route=%2Fwp%2Fv2%2Fcomments&post=29569"}],"version-history":[{"count":2,"href":"https:\/\/insideamateurfussball-ffm.de\/index.php?rest_route=\/wp\/v2\/posts\/29569\/revisions"}],"predecessor-version":[{"id":29572,"href":"https:\/\/insideamateurfussball-ffm.de\/index.php?rest_route=\/wp\/v2\/posts\/29569\/revisions\/29572"}],"wp:featuredmedia":[{"embeddable":true,"href":"https:\/\/insideamateurfussball-ffm.de\/index.php?rest_route=\/wp\/v2\/media\/29570"}],"wp:attachment":[{"href":"https:\/\/insideamateurfussball-ffm.de\/index.php?rest_route=%2Fwp%2Fv2%2Fmedia&parent=29569"}],"wp:term":[{"taxonomy":"category","embeddable":true,"href":"https:\/\/insideamateurfussball-ffm.de\/index.php?rest_route=%2Fwp%2Fv2%2Fcategories&post=29569"},{"taxonomy":"post_tag","embeddable":true,"href":"https:\/\/insideamateurfussball-ffm.de\/index.php?rest_route=%2Fwp%2Fv2%2Ftags&post=29569"}],"curies":[{"name":"wp","href":"https:\/\/api.w.org\/{rel}","templated":true}]}}