{"id":29567,"date":"2025-11-23T10:19:00","date_gmt":"2025-11-23T09:19:00","guid":{"rendered":"https:\/\/insideamateurfussball-ffm.de\/?p=29567"},"modified":"2025-11-23T11:49:13","modified_gmt":"2025-11-23T10:49:13","slug":"absage-burg-graefenrode-gegen-bosnier","status":"publish","type":"post","link":"https:\/\/insideamateurfussball-ffm.de\/?p=29567","title":{"rendered":"Absage Burg-Gr\u00e4fenrode gegen Bosnier"},"content":{"rendered":"<h4>Der von den Gastgebern in einer Vorschau der Wetterauer Zeitung als Vorteil bezeichnete tiefe Platz ist nach dem Frosteinbruch am Samstagabend f\u00fcr unbespielbar erkl\u00e4rt worden, damit hat der Tabellenf\u00fchrer vom SV Bosnien\/Herzegowina an diesem Wochenende spielfrei.<\/h4>\n<figure id=\"attachment_27114\" aria-describedby=\"caption-attachment-27114\" style=\"width: 2016px\" class=\"wp-caption alignnone\"><img loading=\"lazy\" decoding=\"async\" class=\"wp-image-27114 size-full\" src=\"http:\/\/insideamateurfussball-ffm.de\/wp-content\/uploads\/2025\/08\/graefenrodekosova00.jpg\" alt=\"\" width=\"2016\" height=\"1512\" srcset=\"https:\/\/insideamateurfussball-ffm.de\/wp-content\/uploads\/2025\/08\/graefenrodekosova00.jpg 2016w, https:\/\/insideamateurfussball-ffm.de\/wp-content\/uploads\/2025\/08\/graefenrodekosova00-300x225.jpg 300w, https:\/\/insideamateurfussball-ffm.de\/wp-content\/uploads\/2025\/08\/graefenrodekosova00-1024x768.jpg 1024w, https:\/\/insideamateurfussball-ffm.de\/wp-content\/uploads\/2025\/08\/graefenrodekosova00-768x576.jpg 768w, https:\/\/insideamateurfussball-ffm.de\/wp-content\/uploads\/2025\/08\/graefenrodekosova00-1536x1152.jpg 1536w\" sizes=\"auto, (max-width: 2016px) 100vw, 2016px\" \/><figcaption id=\"caption-attachment-27114\" class=\"wp-caption-text\">Hier kann heute nicht gespielt werden. Foto: Archiv MZ<\/figcaption><\/figure>\n<h4>FSG Burg-Gr\u00e4fenrode &#8211; SV Bosnien\/Herzegowina abgesagt<\/h4>\n<p><img loading=\"lazy\" decoding=\"async\" class=\"alignnone size-full wp-image-1337\" src=\"http:\/\/insideamateurfussball-ffm.de\/wp-content\/uploads\/2022\/07\/FSGB.png\" alt=\"\" width=\"80\" height=\"80\" \/><img loading=\"lazy\" decoding=\"async\" class=\"alignnone size-full wp-image-139\" src=\"http:\/\/insideamateurfussball-ffm.de\/wp-content\/uploads\/2022\/05\/Bosnien.jpg\" alt=\"\" width=\"79\" height=\"80\" \/><\/p>\n","protected":false},"excerpt":{"rendered":"<p>Der von den Gastgebern in einer Vorschau der Wetterauer Zeitung als Vorteil bezeichnete tiefe Platz ist nach dem Frosteinbruch am Samstagabend f\u00fcr unbespielbar erkl\u00e4rt worden, damit hat der Tabellenf\u00fchrer vom SV Bosnien\/Herzegowina an diesem Wochenende spielfrei. FSG Burg-Gr\u00e4fenrode &#8211; SV Bosnien\/Herzegowina abgesagt<\/p>\n","protected":false},"author":3,"featured_media":27114,"comment_status":"closed","ping_status":"open","sticky":true,"template":"","format":"standard","meta":{"footnotes":""},"categories":[13],"tags":[],"class_list":["post-29567","post","type-post","status-publish","format-standard","has-post-thumbnail","hentry","category-gruppenliga-frankfurt-west"],"_links":{"self":[{"href":"https:\/\/insideamateurfussball-ffm.de\/index.php?rest_route=\/wp\/v2\/posts\/29567","targetHints":{"allow":["GET"]}}],"collection":[{"href":"https:\/\/insideamateurfussball-ffm.de\/index.php?rest_route=\/wp\/v2\/posts"}],"about":[{"href":"https:\/\/insideamateurfussball-ffm.de\/index.php?rest_route=\/wp\/v2\/types\/post"}],"author":[{"embeddable":true,"href":"https:\/\/insideamateurfussball-ffm.de\/index.php?rest_route=\/wp\/v2\/users\/3"}],"replies":[{"embeddable":true,"href":"https:\/\/insideamateurfussball-ffm.de\/index.php?rest_route=%2Fwp%2Fv2%2Fcomments&post=29567"}],"version-history":[{"count":1,"href":"https:\/\/insideamateurfussball-ffm.de\/index.php?rest_route=\/wp\/v2\/posts\/29567\/revisions"}],"predecessor-version":[{"id":29568,"href":"https:\/\/insideamateurfussball-ffm.de\/index.php?rest_route=\/wp\/v2\/posts\/29567\/revisions\/29568"}],"wp:featuredmedia":[{"embeddable":true,"href":"https:\/\/insideamateurfussball-ffm.de\/index.php?rest_route=\/wp\/v2\/media\/27114"}],"wp:attachment":[{"href":"https:\/\/insideamateurfussball-ffm.de\/index.php?rest_route=%2Fwp%2Fv2%2Fmedia&parent=29567"}],"wp:term":[{"taxonomy":"category","embeddable":true,"href":"https:\/\/insideamateurfussball-ffm.de\/index.php?rest_route=%2Fwp%2Fv2%2Fcategories&post=29567"},{"taxonomy":"post_tag","embeddable":true,"href":"https:\/\/insideamateurfussball-ffm.de\/index.php?rest_route=%2Fwp%2Fv2%2Ftags&post=29567"}],"curies":[{"name":"wp","href":"https:\/\/api.w.org\/{rel}","templated":true}]}}