{"id":29562,"date":"2025-11-21T22:03:00","date_gmt":"2025-11-21T21:03:00","guid":{"rendered":"https:\/\/insideamateurfussball-ffm.de\/?p=29562"},"modified":"2025-11-21T22:06:41","modified_gmt":"2025-11-21T21:06:41","slug":"heddernheim-verteidigt-spitzenposition-in-gruen-weiss","status":"publish","type":"post","link":"https:\/\/insideamateurfussball-ffm.de\/?p=29562","title":{"rendered":"Heddernheim verteidigt Spitzenposition in Gr\u00fcn-Wei\u00df"},"content":{"rendered":"<h6><span style=\"font-size: 20px;\">In einer vorgezogenen Begegnung der Kreisoberliga Frankfurt verteidigte der SV 07 Heddernheim bei Temperaturen um den Gefrierpunkt seine Spitzenposition mit dem 3:2-Heimsieg \u00fcber den abstiegsgef\u00e4hrdeten FC Union Niederrad und hat erstmal vor den Spielen der Konkurrenten drei Punkte Vorsprung.\u00a0<\/span><\/h6>\n<h6><span style=\"font-size: 20px;\" data-wp-editing=\"1\"><img loading=\"lazy\" decoding=\"async\" class=\"alignnone size-large wp-image-29563\" src=\"http:\/\/insideamateurfussball-ffm.de\/wp-content\/uploads\/2025\/11\/Hed-Union-1024x461.jpg\" alt=\"\" width=\"640\" height=\"288\" srcset=\"https:\/\/insideamateurfussball-ffm.de\/wp-content\/uploads\/2025\/11\/Hed-Union-1024x461.jpg 1024w, https:\/\/insideamateurfussball-ffm.de\/wp-content\/uploads\/2025\/11\/Hed-Union-300x135.jpg 300w, https:\/\/insideamateurfussball-ffm.de\/wp-content\/uploads\/2025\/11\/Hed-Union-768x346.jpg 768w, https:\/\/insideamateurfussball-ffm.de\/wp-content\/uploads\/2025\/11\/Hed-Union-1536x692.jpg 1536w, https:\/\/insideamateurfussball-ffm.de\/wp-content\/uploads\/2025\/11\/Hed-Union.jpg 2048w\" sizes=\"auto, (max-width: 640px) 100vw, 640px\" \/>\u00a0<\/span><\/h6>\n<h6><span style=\"font-size: 20px;\">SV 07 Heddernheim &#8211; FC Union Niederrad 3:2 (2:0)<\/span><\/h6>\n<p><img loading=\"lazy\" decoding=\"async\" class=\"alignnone size-full wp-image-302\" src=\"http:\/\/insideamateurfussball-ffm.de\/wp-content\/uploads\/2022\/05\/1sv07_news2_4511-1.jpg\" alt=\"\" width=\"80\" height=\"80\" \/><img loading=\"lazy\" decoding=\"async\" class=\"alignnone size-full wp-image-38\" src=\"http:\/\/insideamateurfussball-ffm.de\/wp-content\/uploads\/2021\/11\/Union-Niederrad.jpg\" alt=\"\" width=\"80\" height=\"80\" \/><\/p>\n<p><span style=\"font-size: 20px;\">Erstmals in dieser Saison tauschten die Heddernheimer die Modefarbe grau gegen die traditionellen Vereinsfarben Gr\u00fcn-Wei\u00df, da die G\u00e4ste in grauer Spielkleidung antraten. Aufgrund eines Staus konnten einige Spieler des FC Union Niederrad nicht rechtzeitig am Sportplatz eintreffen. Daher wurde das Spiel mit einer Verz\u00f6gerung von 15 Minuten angepfiffen. Als Schiedsrichter wurde kurzfristig Maarten Annendijck angesetzt. Der 15-j\u00e4hrige vom SV Blau-Gelb, der auch im KOL-F\u00f6rderkader der Schiedsrichter-Vereinigung ist, leitete das Spiel souver\u00e4n, setzte sich bestimmend gegen die \u00e4lteren Protagonisten durch. Unter den knapp 80 Zuschauern hatten sich trotz der K\u00e4lte zahlreiche Union-Anh\u00e4nger gemischt, gesichtet wurde auch der k\u00fcrzlich erst entlassene Trainer Henrique Amaral, als Betreiber der Union-Gastst\u00e4tte weiter omnipr\u00e4sent. Die Gastgeber wollten im R\u00fcckspiel gegen die Niederr\u00e4der die Tabellenf\u00fchrung best\u00e4tigen und ausbauen. Im Hinspiel hatte Cherano Willef\u00fchr den SVH in der Nachspielzeit erst zum 1:0-Sieg geschossen. Die Niederr\u00e4der ihrerseits wollten den Schwung aus dem 3:1-Sieg bei Makkabi unter der Regie von Interimstrainer Dominik Abdala unterst\u00fctzt von Lasse Schlappkohl an die Br\u00fchlwiese mitnehmen. <\/span><\/p>\n<p><span style=\"font-size: 20px;\">In F\u00fchrung gingen die Heddernheimer, die eine starke Anfangsphase in zwei Tore umm\u00fcnzten. Nach Freisto\u00df Antonie Willef\u00fchr war Deniz Yatci mit dem 1:0 zur Stelle (9.). Zehn Minuten sp\u00e4ter erh\u00f6hte Cherano aus kurzer Distanz ins kurze Eck auf 2:0 (19.) &#8211; der 19. Saisontreffer des Torj\u00e4gers. In der Folge war eine h\u00f6here F\u00fchrung m\u00f6glich, da Niederrad meist nur mit Defensivarbeit besch\u00e4ftigt war. Der seine Gelb-Rot-Sperre abgesessene Dogan Nazim Erbulan traf aus drei Metern den Pfosten (30.). Nach dem Seitenwechsel k\u00f6pfte Ayman Gasoos an die Latte (51.). Die Unioner versuchten durch Wechsel mehr Zugriff zu bekommen, kamen dann Mitte der zweiten Halbzeit durch Standards besser ins Spiel. Bei der besten Chance von Luca Carrogu rettete Erbulan auf der Linie (68.). Nach dem 3:0 durch Luka Filip Brnas (82.) &#8211; der Joker stach wie schon gegen Enkheim drei Minuten nach der Einwechslung &#8211; schien das Spiel entschieden, doch es wurde noch mal hektisch. <\/span><\/p>\n<p><span style=\"font-size: 20px;\">Ein fabriziertes Eigentor in Co-Produktion von Erbulan und Torh\u00fcter Marc Tomczyk l\u00f6ste einen Disput mit Rudelbildung aus, der junge Schiedsrichter rief das DFB-Stopp-Konzept aus. In der Nachspielzeit verk\u00fcrzte Union-Kapit\u00e4n Kai Grossheim zum 3:2 (90.\/+2) und pl\u00f6tzlich wurde es nochmal eng. Doch mit zwei weiteren Spielerwechseln brachten die Gastgeber den Sieg clever \u00fcber die Zeit. &#8222;Wenn man vorne nach dem 3:0 weitere M\u00f6glichkeiten nicht nutzt, kann es immer mal passieren, dass von den unz\u00e4hligen Freist\u00f6\u00dfen und Ecken mal einer rein geht und dann zittern wir dem Abpfiff entgegen. Wir hatten das Spiel unter Kontrolle, hatten nur eine kleine Schw\u00e4chephase, als die Union besser aufkam. Nach dem Sieg am Sonntag wollten wir unbedingt nachlegen, das war f\u00fcr uns sehr wichtig&#8220;, sagte SVH-Trainer Andreas Berggold. Nun bleiben zehn Tage Zeit, sich auf das n\u00e4chste Spitzenspiel gegen den BSC Schwarz-Wei\u00df 19 vorzubereiten. &#8222;Alle zwei Wochen haben wir ein Spitzenspiel, es ist alles noch verdammt eng. Die ersten f\u00fcnf, sechs Mannschaften haben nur einen Abstand von drei Punkten. Der BSC war zwei Monate ungeschlagen, das wird ein tolles, spannendes Spiel. Wir hoffen auf besseres Wetter und dass viele Leute dieses Spiel auf dem Sportplatz verfolgen k\u00f6nnen.&#8220; <\/span><\/p>\n<p><span style=\"font-size: 20px;\">Auf Seiten der Union erkannte Pr\u00e4sident Khalid Lamjahed an: &#8222;Heddernheim hat am Anfang gepresst, damit kamen wir nicht zurecht. Folgerichtig sind die zwei Tore gefallen, in der Folgezeit haben wir uns etwas gefangen und das Spiel ausgeglichener gestaltet. Heddernheim \u00fcber Standards brandgef\u00e4hrlich, daraus resultierte einige Kopfb\u00e4lle an die Latte. Zweite Halbzeit haben wir mehr oder weniger das Spiel gemacht ohne nennenswerte Chancen zu erspielen. Nach dem 3:1 haben wir ein Powerplay gestartet. Mit etwas Gl\u00fcck h\u00e4tten wir einen Punkt mitgenommen, was aber vom Spielverlauf her nicht verdient w\u00e4re. Wir wussten, dass es in Heddernheim schwer wird. F\u00fcr uns war es wichtig, dass die Mannschaft sich zeigt. Wenn wir auf der Leistung der letzten halben Stunde aufbauen, holen wir unsere Punkte gegen andere Gegner.&#8220; Am 30. November besteht dazu bei der SG Harheim die Chance.\u00a0<\/span><\/p>\n\n\n<figure class=\"wp-block-pullquote\"><blockquote><p><strong>&#8222;Nach dem Sieg am Sonntag wollten wir unbedingt nachlegen, das war f\u00fcr uns sehr wichtig.&#8220;<\/strong><\/p><cite><strong>Heddernheims Trainer Andreas Berggold<\/strong><\/cite><\/blockquote><\/figure>\n\n\n<h6><span style=\"font-size: 20px;\">Schiedsrichter: Maarten Annendijck (SV Blau-Gelb). Zuschauer: 78. <\/span><\/h6>\n<h6><span style=\"font-size: 20px;\">Tore: 1:0 Deniz Yatci (9.), 2:0 Cherano Willef\u00fchr (19.), 3:0 Luka Filip Brnas (82.), 3:1 Marc Tomczyk (85.\/Eigentor), 3:2 Kai Grossheim (90.\/+2).<\/span><\/h6>","protected":false},"excerpt":{"rendered":"<p>In einer vorgezogenen Begegnung der Kreisoberliga Frankfurt verteidigte der SV 07 Heddernheim bei Temperaturen um den Gefrierpunkt seine Spitzenposition mit dem 3:2-Heimsieg \u00fcber den abstiegsgef\u00e4hrdeten FC Union Niederrad und hat erstmal vor den Spielen der Konkurrenten drei Punkte Vorsprung.\u00a0 \u00a0 SV 07 Heddernheim &#8211; FC Union Niederrad 3:2 (2:0) Erstmals in dieser Saison tauschten die [&hellip;]<\/p>\n","protected":false},"author":1,"featured_media":29563,"comment_status":"closed","ping_status":"closed","sticky":true,"template":"","format":"standard","meta":{"footnotes":""},"categories":[2],"tags":[],"class_list":["post-29562","post","type-post","status-publish","format-standard","has-post-thumbnail","hentry","category-kreisoberliga-frankfurt"],"_links":{"self":[{"href":"https:\/\/insideamateurfussball-ffm.de\/index.php?rest_route=\/wp\/v2\/posts\/29562","targetHints":{"allow":["GET"]}}],"collection":[{"href":"https:\/\/insideamateurfussball-ffm.de\/index.php?rest_route=\/wp\/v2\/posts"}],"about":[{"href":"https:\/\/insideamateurfussball-ffm.de\/index.php?rest_route=\/wp\/v2\/types\/post"}],"author":[{"embeddable":true,"href":"https:\/\/insideamateurfussball-ffm.de\/index.php?rest_route=\/wp\/v2\/users\/1"}],"replies":[{"embeddable":true,"href":"https:\/\/insideamateurfussball-ffm.de\/index.php?rest_route=%2Fwp%2Fv2%2Fcomments&post=29562"}],"version-history":[{"count":3,"href":"https:\/\/insideamateurfussball-ffm.de\/index.php?rest_route=\/wp\/v2\/posts\/29562\/revisions"}],"predecessor-version":[{"id":29566,"href":"https:\/\/insideamateurfussball-ffm.de\/index.php?rest_route=\/wp\/v2\/posts\/29562\/revisions\/29566"}],"wp:featuredmedia":[{"embeddable":true,"href":"https:\/\/insideamateurfussball-ffm.de\/index.php?rest_route=\/wp\/v2\/media\/29563"}],"wp:attachment":[{"href":"https:\/\/insideamateurfussball-ffm.de\/index.php?rest_route=%2Fwp%2Fv2%2Fmedia&parent=29562"}],"wp:term":[{"taxonomy":"category","embeddable":true,"href":"https:\/\/insideamateurfussball-ffm.de\/index.php?rest_route=%2Fwp%2Fv2%2Fcategories&post=29562"},{"taxonomy":"post_tag","embeddable":true,"href":"https:\/\/insideamateurfussball-ffm.de\/index.php?rest_route=%2Fwp%2Fv2%2Ftags&post=29562"}],"curies":[{"name":"wp","href":"https:\/\/api.w.org\/{rel}","templated":true}]}}