{"id":29560,"date":"2025-11-21T14:53:22","date_gmt":"2025-11-21T13:53:22","guid":{"rendered":"https:\/\/insideamateurfussball-ffm.de\/?p=29560"},"modified":"2025-11-21T14:53:22","modified_gmt":"2025-11-21T13:53:22","slug":"absage-kaichen-tuerkguecue","status":"publish","type":"post","link":"https:\/\/insideamateurfussball-ffm.de\/?p=29560","title":{"rendered":"Absage Kaichen &#8211; T\u00fcrkg\u00fcc\u00fc"},"content":{"rendered":"<h4>Das f\u00fcr heute Abend angesetzte R\u00fcckspiel zwischen den abstiegsbedrohten Mannschaften des FC Kaichen und T\u00fcrkg\u00fcc\u00fc Frankfurt wurde wie erwartet wegen Unbespielbarkeit des Platzes abgesagt.<\/h4>\n<figure id=\"attachment_27104\" aria-describedby=\"caption-attachment-27104\" style=\"width: 886px\" class=\"wp-caption alignnone\"><img loading=\"lazy\" decoding=\"async\" class=\"wp-image-27104 size-full\" src=\"http:\/\/insideamateurfussball-ffm.de\/wp-content\/uploads\/2025\/08\/kaichen10.jpg\" alt=\"\" width=\"886\" height=\"621\" srcset=\"https:\/\/insideamateurfussball-ffm.de\/wp-content\/uploads\/2025\/08\/kaichen10.jpg 886w, https:\/\/insideamateurfussball-ffm.de\/wp-content\/uploads\/2025\/08\/kaichen10-300x210.jpg 300w, https:\/\/insideamateurfussball-ffm.de\/wp-content\/uploads\/2025\/08\/kaichen10-768x538.jpg 768w\" sizes=\"auto, (max-width: 886px) 100vw, 886px\" \/><figcaption id=\"caption-attachment-27104\" class=\"wp-caption-text\">Heute kein R\u00fcckspiel FC Kaichen &#8211; T\u00fcrkg\u00fcc\u00fc Frankfurt. Foto: Archiv Mithat G\u00fcrser<\/figcaption><\/figure>\n<p>FC Kaichen &#8211; T\u00fcrkg\u00fcc\u00fc Frankfurt abgesagt<\/p>\n<p><img loading=\"lazy\" decoding=\"async\" class=\"alignnone size-full wp-image-20254\" src=\"http:\/\/insideamateurfussball-ffm.de\/wp-content\/uploads\/2024\/08\/o-kaichen.jpeg\" alt=\"\" width=\"88\" height=\"99\" \/><img loading=\"lazy\" decoding=\"async\" class=\"alignnone size-full wp-image-17\" src=\"http:\/\/insideamateurfussball-ffm.de\/wp-content\/uploads\/2021\/11\/Tuerkguecue.jpg\" alt=\"\" width=\"72\" height=\"80\" \/><\/p>\n\n\n<p><\/p>\n","protected":false},"excerpt":{"rendered":"<p>Das f\u00fcr heute Abend angesetzte R\u00fcckspiel zwischen den abstiegsbedrohten Mannschaften des FC Kaichen und T\u00fcrkg\u00fcc\u00fc Frankfurt wurde wie erwartet wegen Unbespielbarkeit des Platzes abgesagt. FC Kaichen &#8211; T\u00fcrkg\u00fcc\u00fc Frankfurt abgesagt<\/p>\n","protected":false},"author":3,"featured_media":27104,"comment_status":"closed","ping_status":"open","sticky":true,"template":"","format":"standard","meta":{"footnotes":""},"categories":[13],"tags":[],"class_list":["post-29560","post","type-post","status-publish","format-standard","has-post-thumbnail","hentry","category-gruppenliga-frankfurt-west"],"_links":{"self":[{"href":"https:\/\/insideamateurfussball-ffm.de\/index.php?rest_route=\/wp\/v2\/posts\/29560","targetHints":{"allow":["GET"]}}],"collection":[{"href":"https:\/\/insideamateurfussball-ffm.de\/index.php?rest_route=\/wp\/v2\/posts"}],"about":[{"href":"https:\/\/insideamateurfussball-ffm.de\/index.php?rest_route=\/wp\/v2\/types\/post"}],"author":[{"embeddable":true,"href":"https:\/\/insideamateurfussball-ffm.de\/index.php?rest_route=\/wp\/v2\/users\/3"}],"replies":[{"embeddable":true,"href":"https:\/\/insideamateurfussball-ffm.de\/index.php?rest_route=%2Fwp%2Fv2%2Fcomments&post=29560"}],"version-history":[{"count":1,"href":"https:\/\/insideamateurfussball-ffm.de\/index.php?rest_route=\/wp\/v2\/posts\/29560\/revisions"}],"predecessor-version":[{"id":29561,"href":"https:\/\/insideamateurfussball-ffm.de\/index.php?rest_route=\/wp\/v2\/posts\/29560\/revisions\/29561"}],"wp:featuredmedia":[{"embeddable":true,"href":"https:\/\/insideamateurfussball-ffm.de\/index.php?rest_route=\/wp\/v2\/media\/27104"}],"wp:attachment":[{"href":"https:\/\/insideamateurfussball-ffm.de\/index.php?rest_route=%2Fwp%2Fv2%2Fmedia&parent=29560"}],"wp:term":[{"taxonomy":"category","embeddable":true,"href":"https:\/\/insideamateurfussball-ffm.de\/index.php?rest_route=%2Fwp%2Fv2%2Fcategories&post=29560"},{"taxonomy":"post_tag","embeddable":true,"href":"https:\/\/insideamateurfussball-ffm.de\/index.php?rest_route=%2Fwp%2Fv2%2Ftags&post=29560"}],"curies":[{"name":"wp","href":"https:\/\/api.w.org\/{rel}","templated":true}]}}