{"id":29538,"date":"2025-11-19T16:24:14","date_gmt":"2025-11-19T15:24:14","guid":{"rendered":"https:\/\/insideamateurfussball-ffm.de\/?p=29538"},"modified":"2025-11-19T16:27:15","modified_gmt":"2025-11-19T15:27:15","slug":"fotos-bornheim-ii-auf-dem-weg-zum-wiederaufstieg","status":"publish","type":"post","link":"https:\/\/insideamateurfussball-ffm.de\/?p=29538","title":{"rendered":"Fotos: Bornheim II auf dem Weg zum Wiederaufstieg"},"content":{"rendered":"<h6><span style=\"font-size: 20px;\">Die SG Bornheim\/Gr\u00fcn-Wei\u00df II f\u00fchrt die Tabelle der Kreisliga A Frankfurt (Gruppe 2) nach 16 Spielen mit 41 Punkten und damit vier Z\u00e4hlern Vorsprung auf TuS Nieder-Eschbach an. Am Sonntag gab es gegen den FC Serkeftin 92 einen 5:2-Heimsieg.\u00a0<\/span><\/h6>\n<figure id=\"attachment_29539\" aria-describedby=\"caption-attachment-29539\" style=\"width: 150px\" class=\"wp-caption aligncenter\"><img loading=\"lazy\" decoding=\"async\" class=\"wp-image-29539 size-thumbnail\" src=\"http:\/\/insideamateurfussball-ffm.de\/wp-content\/uploads\/2025\/11\/SGBII-FCSerkeftin92_251116-52-150x150.jpg\" alt=\"\" width=\"150\" height=\"150\" \/><figcaption id=\"caption-attachment-29539\" class=\"wp-caption-text\">Die G\u00e4ste in gr\u00fcn-gelb unterlagen in Bornheim. Foto: Andre Sturmeit.<\/figcaption><\/figure>\n<h6><span style=\"font-size: 20px;\">SG Bornheim\/Gr\u00fcn-Wei\u00df &#8211; FC Serkeftin 92 5:2 (2:0)<\/span><\/h6>\n<p><img loading=\"lazy\" decoding=\"async\" class=\"alignnone size-full wp-image-119\" src=\"http:\/\/insideamateurfussball-ffm.de\/wp-content\/uploads\/2022\/05\/Bornheim.jpg\" alt=\"\" width=\"80\" height=\"80\" \/><img loading=\"lazy\" decoding=\"async\" class=\"alignnone size-full wp-image-1217\" src=\"http:\/\/insideamateurfussball-ffm.de\/wp-content\/uploads\/2022\/07\/Serkeftin.jpg\" alt=\"\" width=\"77\" height=\"80\" \/><\/p>\n<p><span style=\"font-size: 20px;\">Gegen den Tabellenelften konnten die Bornheimer den n\u00e4chsten Schritt auf dem Weg zum direkten Wiederaufstieg in die Kreisoberliga machen. \u00dcberragender Mann war Mittelfeldspieler Tomislav Cudina mit drei Toren, der vor der Saison vom SV 07 Heddernheim zu seinem Jugendverein nach Bornheim zur\u00fcckkehrte. Unser Fotograf Andre Sturmeit weilte schon zum Vorspiel auf der Anlage und hat uns die Bildergalerie zum Spiel zur Verf\u00fcgung gestellt. Nachfolgend die Statistik und die Bilder.\u00a0<\/span><\/p>\n<h6><strong><span style=\"font-size: 20px;\">Schiedsrichter: Yuvraj Ghotra (SV Zeilsheim). <\/span><\/strong><\/h6>\n<h6><strong><span style=\"font-size: 20px;\">Tore: 1:0 Tomislav Cudina (20.), 2:0 Jan Freisinger (24.), 2:1 Sercan Demir (52.), 3:1 Kevin Hofacker (55.), 4:1, 5:1 Tomislav Cudina (72.\/76.), 5:2 Mahmud Aden Abdifitah (84.).\u00a0<\/span><\/strong><\/h6>\n\n\n<figure class=\"wp-block-image size-large\"><img loading=\"lazy\" decoding=\"async\" width=\"1024\" height=\"683\" src=\"https:\/\/insideamateurfussball-ffm.de\/wp-content\/uploads\/2025\/11\/SGBII-FCSerkeftin92_251116-52-1-1024x683.jpg\" alt=\"\" class=\"wp-image-29540\" srcset=\"https:\/\/insideamateurfussball-ffm.de\/wp-content\/uploads\/2025\/11\/SGBII-FCSerkeftin92_251116-52-1-1024x683.jpg 1024w, https:\/\/insideamateurfussball-ffm.de\/wp-content\/uploads\/2025\/11\/SGBII-FCSerkeftin92_251116-52-1-300x200.jpg 300w, https:\/\/insideamateurfussball-ffm.de\/wp-content\/uploads\/2025\/11\/SGBII-FCSerkeftin92_251116-52-1-768x512.jpg 768w, https:\/\/insideamateurfussball-ffm.de\/wp-content\/uploads\/2025\/11\/SGBII-FCSerkeftin92_251116-52-1-1536x1024.jpg 1536w, https:\/\/insideamateurfussball-ffm.de\/wp-content\/uploads\/2025\/11\/SGBII-FCSerkeftin92_251116-52-1-2048x1365.jpg 2048w\" sizes=\"auto, (max-width: 1024px) 100vw, 1024px\" \/><\/figure>\n\n\n\n<figure class=\"wp-block-image size-large\"><img loading=\"lazy\" decoding=\"async\" width=\"1024\" height=\"683\" src=\"https:\/\/insideamateurfussball-ffm.de\/wp-content\/uploads\/2025\/11\/SGBII-FCSerkeftin92_251116-2-1024x683.jpg\" alt=\"\" class=\"wp-image-29541\" srcset=\"https:\/\/insideamateurfussball-ffm.de\/wp-content\/uploads\/2025\/11\/SGBII-FCSerkeftin92_251116-2-1024x683.jpg 1024w, https:\/\/insideamateurfussball-ffm.de\/wp-content\/uploads\/2025\/11\/SGBII-FCSerkeftin92_251116-2-300x200.jpg 300w, https:\/\/insideamateurfussball-ffm.de\/wp-content\/uploads\/2025\/11\/SGBII-FCSerkeftin92_251116-2-768x512.jpg 768w, https:\/\/insideamateurfussball-ffm.de\/wp-content\/uploads\/2025\/11\/SGBII-FCSerkeftin92_251116-2-1536x1024.jpg 1536w, https:\/\/insideamateurfussball-ffm.de\/wp-content\/uploads\/2025\/11\/SGBII-FCSerkeftin92_251116-2-2048x1365.jpg 2048w\" sizes=\"auto, (max-width: 1024px) 100vw, 1024px\" \/><\/figure>\n\n\n\n<figure class=\"wp-block-image size-large\"><img loading=\"lazy\" decoding=\"async\" width=\"1024\" height=\"683\" src=\"https:\/\/insideamateurfussball-ffm.de\/wp-content\/uploads\/2025\/11\/SGBII-FCSerkeftin92_251116-58-1024x683.jpg\" alt=\"\" class=\"wp-image-29542\" srcset=\"https:\/\/insideamateurfussball-ffm.de\/wp-content\/uploads\/2025\/11\/SGBII-FCSerkeftin92_251116-58-1024x683.jpg 1024w, https:\/\/insideamateurfussball-ffm.de\/wp-content\/uploads\/2025\/11\/SGBII-FCSerkeftin92_251116-58-300x200.jpg 300w, https:\/\/insideamateurfussball-ffm.de\/wp-content\/uploads\/2025\/11\/SGBII-FCSerkeftin92_251116-58-768x512.jpg 768w, https:\/\/insideamateurfussball-ffm.de\/wp-content\/uploads\/2025\/11\/SGBII-FCSerkeftin92_251116-58-1536x1024.jpg 1536w, https:\/\/insideamateurfussball-ffm.de\/wp-content\/uploads\/2025\/11\/SGBII-FCSerkeftin92_251116-58-2048x1365.jpg 2048w\" sizes=\"auto, (max-width: 1024px) 100vw, 1024px\" \/><\/figure>\n\n\n\n<figure class=\"wp-block-image size-large\"><img loading=\"lazy\" decoding=\"async\" width=\"1024\" height=\"683\" src=\"https:\/\/insideamateurfussball-ffm.de\/wp-content\/uploads\/2025\/11\/SGBII-FCSerkeftin92_251116-13-1024x683.jpg\" alt=\"\" class=\"wp-image-29543\" srcset=\"https:\/\/insideamateurfussball-ffm.de\/wp-content\/uploads\/2025\/11\/SGBII-FCSerkeftin92_251116-13-1024x683.jpg 1024w, https:\/\/insideamateurfussball-ffm.de\/wp-content\/uploads\/2025\/11\/SGBII-FCSerkeftin92_251116-13-300x200.jpg 300w, https:\/\/insideamateurfussball-ffm.de\/wp-content\/uploads\/2025\/11\/SGBII-FCSerkeftin92_251116-13-768x512.jpg 768w, https:\/\/insideamateurfussball-ffm.de\/wp-content\/uploads\/2025\/11\/SGBII-FCSerkeftin92_251116-13-1536x1024.jpg 1536w, https:\/\/insideamateurfussball-ffm.de\/wp-content\/uploads\/2025\/11\/SGBII-FCSerkeftin92_251116-13-2048x1365.jpg 2048w\" sizes=\"auto, (max-width: 1024px) 100vw, 1024px\" \/><\/figure>\n\n\n\n<figure class=\"wp-block-image size-large\"><img loading=\"lazy\" decoding=\"async\" width=\"1024\" height=\"683\" src=\"https:\/\/insideamateurfussball-ffm.de\/wp-content\/uploads\/2025\/11\/SGBII-FCSerkeftin92_251116-61-1024x683.jpg\" alt=\"\" class=\"wp-image-29544\" srcset=\"https:\/\/insideamateurfussball-ffm.de\/wp-content\/uploads\/2025\/11\/SGBII-FCSerkeftin92_251116-61-1024x683.jpg 1024w, https:\/\/insideamateurfussball-ffm.de\/wp-content\/uploads\/2025\/11\/SGBII-FCSerkeftin92_251116-61-300x200.jpg 300w, https:\/\/insideamateurfussball-ffm.de\/wp-content\/uploads\/2025\/11\/SGBII-FCSerkeftin92_251116-61-768x512.jpg 768w, https:\/\/insideamateurfussball-ffm.de\/wp-content\/uploads\/2025\/11\/SGBII-FCSerkeftin92_251116-61-1536x1024.jpg 1536w, https:\/\/insideamateurfussball-ffm.de\/wp-content\/uploads\/2025\/11\/SGBII-FCSerkeftin92_251116-61-2048x1365.jpg 2048w\" sizes=\"auto, (max-width: 1024px) 100vw, 1024px\" \/><\/figure>\n\n\n\n<figure class=\"wp-block-image size-large\"><img loading=\"lazy\" decoding=\"async\" width=\"1024\" height=\"683\" src=\"https:\/\/insideamateurfussball-ffm.de\/wp-content\/uploads\/2025\/11\/SGBII-FCSerkeftin92_251116-22-1024x683.jpg\" alt=\"\" class=\"wp-image-29545\" srcset=\"https:\/\/insideamateurfussball-ffm.de\/wp-content\/uploads\/2025\/11\/SGBII-FCSerkeftin92_251116-22-1024x683.jpg 1024w, https:\/\/insideamateurfussball-ffm.de\/wp-content\/uploads\/2025\/11\/SGBII-FCSerkeftin92_251116-22-300x200.jpg 300w, https:\/\/insideamateurfussball-ffm.de\/wp-content\/uploads\/2025\/11\/SGBII-FCSerkeftin92_251116-22-768x512.jpg 768w, https:\/\/insideamateurfussball-ffm.de\/wp-content\/uploads\/2025\/11\/SGBII-FCSerkeftin92_251116-22-1536x1024.jpg 1536w, https:\/\/insideamateurfussball-ffm.de\/wp-content\/uploads\/2025\/11\/SGBII-FCSerkeftin92_251116-22-2048x1365.jpg 2048w\" sizes=\"auto, (max-width: 1024px) 100vw, 1024px\" \/><\/figure>\n\n\n\n<figure class=\"wp-block-image size-large\"><img loading=\"lazy\" decoding=\"async\" width=\"1024\" height=\"683\" src=\"https:\/\/insideamateurfussball-ffm.de\/wp-content\/uploads\/2025\/11\/SGBII-FCSerkeftin92_251116-65-1024x683.jpg\" alt=\"\" class=\"wp-image-29546\" srcset=\"https:\/\/insideamateurfussball-ffm.de\/wp-content\/uploads\/2025\/11\/SGBII-FCSerkeftin92_251116-65-1024x683.jpg 1024w, https:\/\/insideamateurfussball-ffm.de\/wp-content\/uploads\/2025\/11\/SGBII-FCSerkeftin92_251116-65-300x200.jpg 300w, https:\/\/insideamateurfussball-ffm.de\/wp-content\/uploads\/2025\/11\/SGBII-FCSerkeftin92_251116-65-768x512.jpg 768w, https:\/\/insideamateurfussball-ffm.de\/wp-content\/uploads\/2025\/11\/SGBII-FCSerkeftin92_251116-65-1536x1024.jpg 1536w, https:\/\/insideamateurfussball-ffm.de\/wp-content\/uploads\/2025\/11\/SGBII-FCSerkeftin92_251116-65-2048x1365.jpg 2048w\" sizes=\"auto, (max-width: 1024px) 100vw, 1024px\" \/><\/figure>\n\n\n\n<figure class=\"wp-block-image size-large\"><img loading=\"lazy\" decoding=\"async\" width=\"1024\" height=\"683\" src=\"https:\/\/insideamateurfussball-ffm.de\/wp-content\/uploads\/2025\/11\/SGBII-FCSerkeftin92_251116-35-1024x683.jpg\" alt=\"\" class=\"wp-image-29547\" srcset=\"https:\/\/insideamateurfussball-ffm.de\/wp-content\/uploads\/2025\/11\/SGBII-FCSerkeftin92_251116-35-1024x683.jpg 1024w, https:\/\/insideamateurfussball-ffm.de\/wp-content\/uploads\/2025\/11\/SGBII-FCSerkeftin92_251116-35-300x200.jpg 300w, https:\/\/insideamateurfussball-ffm.de\/wp-content\/uploads\/2025\/11\/SGBII-FCSerkeftin92_251116-35-768x512.jpg 768w, https:\/\/insideamateurfussball-ffm.de\/wp-content\/uploads\/2025\/11\/SGBII-FCSerkeftin92_251116-35-1536x1024.jpg 1536w, https:\/\/insideamateurfussball-ffm.de\/wp-content\/uploads\/2025\/11\/SGBII-FCSerkeftin92_251116-35-2048x1365.jpg 2048w\" sizes=\"auto, (max-width: 1024px) 100vw, 1024px\" \/><\/figure>\n\n\n\n<figure class=\"wp-block-image size-large\"><img loading=\"lazy\" decoding=\"async\" width=\"1024\" height=\"683\" src=\"https:\/\/insideamateurfussball-ffm.de\/wp-content\/uploads\/2025\/11\/SGBII-FCSerkeftin92_251116-78-1024x683.jpg\" alt=\"\" class=\"wp-image-29548\" srcset=\"https:\/\/insideamateurfussball-ffm.de\/wp-content\/uploads\/2025\/11\/SGBII-FCSerkeftin92_251116-78-1024x683.jpg 1024w, https:\/\/insideamateurfussball-ffm.de\/wp-content\/uploads\/2025\/11\/SGBII-FCSerkeftin92_251116-78-300x200.jpg 300w, https:\/\/insideamateurfussball-ffm.de\/wp-content\/uploads\/2025\/11\/SGBII-FCSerkeftin92_251116-78-768x512.jpg 768w, https:\/\/insideamateurfussball-ffm.de\/wp-content\/uploads\/2025\/11\/SGBII-FCSerkeftin92_251116-78-1536x1024.jpg 1536w, https:\/\/insideamateurfussball-ffm.de\/wp-content\/uploads\/2025\/11\/SGBII-FCSerkeftin92_251116-78-2048x1365.jpg 2048w\" sizes=\"auto, (max-width: 1024px) 100vw, 1024px\" \/><\/figure>\n\n\n\n<figure class=\"wp-block-image size-large\"><img loading=\"lazy\" decoding=\"async\" width=\"1024\" height=\"683\" src=\"https:\/\/insideamateurfussball-ffm.de\/wp-content\/uploads\/2025\/11\/SGBII-FCSerkeftin92_251116-41-1024x683.jpg\" alt=\"\" class=\"wp-image-29549\" srcset=\"https:\/\/insideamateurfussball-ffm.de\/wp-content\/uploads\/2025\/11\/SGBII-FCSerkeftin92_251116-41-1024x683.jpg 1024w, https:\/\/insideamateurfussball-ffm.de\/wp-content\/uploads\/2025\/11\/SGBII-FCSerkeftin92_251116-41-300x200.jpg 300w, https:\/\/insideamateurfussball-ffm.de\/wp-content\/uploads\/2025\/11\/SGBII-FCSerkeftin92_251116-41-768x512.jpg 768w, https:\/\/insideamateurfussball-ffm.de\/wp-content\/uploads\/2025\/11\/SGBII-FCSerkeftin92_251116-41-1536x1024.jpg 1536w, https:\/\/insideamateurfussball-ffm.de\/wp-content\/uploads\/2025\/11\/SGBII-FCSerkeftin92_251116-41-2048x1365.jpg 2048w\" sizes=\"auto, (max-width: 1024px) 100vw, 1024px\" \/><\/figure>\n\n\n\n<figure class=\"wp-block-image size-large\"><img loading=\"lazy\" decoding=\"async\" width=\"1024\" height=\"683\" src=\"https:\/\/insideamateurfussball-ffm.de\/wp-content\/uploads\/2025\/11\/SGBII-FCSerkeftin92_251116-83-1024x683.jpg\" alt=\"\" class=\"wp-image-29550\" srcset=\"https:\/\/insideamateurfussball-ffm.de\/wp-content\/uploads\/2025\/11\/SGBII-FCSerkeftin92_251116-83-1024x683.jpg 1024w, https:\/\/insideamateurfussball-ffm.de\/wp-content\/uploads\/2025\/11\/SGBII-FCSerkeftin92_251116-83-300x200.jpg 300w, https:\/\/insideamateurfussball-ffm.de\/wp-content\/uploads\/2025\/11\/SGBII-FCSerkeftin92_251116-83-768x512.jpg 768w, https:\/\/insideamateurfussball-ffm.de\/wp-content\/uploads\/2025\/11\/SGBII-FCSerkeftin92_251116-83-1536x1024.jpg 1536w, https:\/\/insideamateurfussball-ffm.de\/wp-content\/uploads\/2025\/11\/SGBII-FCSerkeftin92_251116-83-2048x1365.jpg 2048w\" sizes=\"auto, (max-width: 1024px) 100vw, 1024px\" \/><\/figure>\n","protected":false},"excerpt":{"rendered":"<p>Die SG Bornheim\/Gr\u00fcn-Wei\u00df II f\u00fchrt die Tabelle der Kreisliga A Frankfurt (Gruppe 2) nach 16 Spielen mit 41 Punkten und damit vier Z\u00e4hlern Vorsprung auf TuS Nieder-Eschbach an. Am Sonntag gab es gegen den FC Serkeftin 92 einen 5:2-Heimsieg.\u00a0 SG Bornheim\/Gr\u00fcn-Wei\u00df &#8211; FC Serkeftin 92 5:2 (2:0) Gegen den Tabellenelften konnten die Bornheimer den n\u00e4chsten [&hellip;]<\/p>\n","protected":false},"author":1,"featured_media":29539,"comment_status":"closed","ping_status":"closed","sticky":true,"template":"","format":"standard","meta":{"footnotes":""},"categories":[14],"tags":[],"class_list":["post-29538","post","type-post","status-publish","format-standard","has-post-thumbnail","hentry","category-kreisliga-a2"],"_links":{"self":[{"href":"https:\/\/insideamateurfussball-ffm.de\/index.php?rest_route=\/wp\/v2\/posts\/29538","targetHints":{"allow":["GET"]}}],"collection":[{"href":"https:\/\/insideamateurfussball-ffm.de\/index.php?rest_route=\/wp\/v2\/posts"}],"about":[{"href":"https:\/\/insideamateurfussball-ffm.de\/index.php?rest_route=\/wp\/v2\/types\/post"}],"author":[{"embeddable":true,"href":"https:\/\/insideamateurfussball-ffm.de\/index.php?rest_route=\/wp\/v2\/users\/1"}],"replies":[{"embeddable":true,"href":"https:\/\/insideamateurfussball-ffm.de\/index.php?rest_route=%2Fwp%2Fv2%2Fcomments&post=29538"}],"version-history":[{"count":3,"href":"https:\/\/insideamateurfussball-ffm.de\/index.php?rest_route=\/wp\/v2\/posts\/29538\/revisions"}],"predecessor-version":[{"id":29554,"href":"https:\/\/insideamateurfussball-ffm.de\/index.php?rest_route=\/wp\/v2\/posts\/29538\/revisions\/29554"}],"wp:featuredmedia":[{"embeddable":true,"href":"https:\/\/insideamateurfussball-ffm.de\/index.php?rest_route=\/wp\/v2\/media\/29539"}],"wp:attachment":[{"href":"https:\/\/insideamateurfussball-ffm.de\/index.php?rest_route=%2Fwp%2Fv2%2Fmedia&parent=29538"}],"wp:term":[{"taxonomy":"category","embeddable":true,"href":"https:\/\/insideamateurfussball-ffm.de\/index.php?rest_route=%2Fwp%2Fv2%2Fcategories&post=29538"},{"taxonomy":"post_tag","embeddable":true,"href":"https:\/\/insideamateurfussball-ffm.de\/index.php?rest_route=%2Fwp%2Fv2%2Ftags&post=29538"}],"curies":[{"name":"wp","href":"https:\/\/api.w.org\/{rel}","templated":true}]}}