{"id":29504,"date":"2025-11-18T17:42:18","date_gmt":"2025-11-18T16:42:18","guid":{"rendered":"https:\/\/insideamateurfussball-ffm.de\/?p=29504"},"modified":"2025-11-18T17:42:18","modified_gmt":"2025-11-18T16:42:18","slug":"heddernheim-nach-41-zurueck-an-der-spitze","status":"publish","type":"post","link":"https:\/\/insideamateurfussball-ffm.de\/?p=29504","title":{"rendered":"Heddernheim nach 4:1 zur\u00fcck an der Spitze"},"content":{"rendered":"<h5><span style=\"font-size: 16px;\">Zwei Wochen nach dem Verlust der Tabellenf\u00fchrung \u00fcbernahm der SV 07 Heddernheim mit dem 4:1 \u00fcber Germania Enkheim wieder die Spitzenposition und kann diese schon am Donnerstag im vorgezogenen Heimspiel gegen den FC Union Niederrad (20.15 Uhr) ausbauen.\u00a0<\/span><\/h5>\n<figure id=\"attachment_29505\" aria-describedby=\"caption-attachment-29505\" style=\"width: 652px\" class=\"wp-caption alignleft\"><img loading=\"lazy\" decoding=\"async\" class=\"wp-image-29505\" src=\"http:\/\/insideamateurfussball-ffm.de\/wp-content\/uploads\/2025\/11\/Hed-Enk-1024x768.jpg\" alt=\"\" width=\"652\" height=\"489\" srcset=\"https:\/\/insideamateurfussball-ffm.de\/wp-content\/uploads\/2025\/11\/Hed-Enk-1024x768.jpg 1024w, https:\/\/insideamateurfussball-ffm.de\/wp-content\/uploads\/2025\/11\/Hed-Enk-300x225.jpg 300w, https:\/\/insideamateurfussball-ffm.de\/wp-content\/uploads\/2025\/11\/Hed-Enk-768x576.jpg 768w, https:\/\/insideamateurfussball-ffm.de\/wp-content\/uploads\/2025\/11\/Hed-Enk-1536x1152.jpg 1536w, https:\/\/insideamateurfussball-ffm.de\/wp-content\/uploads\/2025\/11\/Hed-Enk.jpg 2048w\" sizes=\"auto, (max-width: 652px) 100vw, 652px\" \/><figcaption id=\"caption-attachment-29505\" class=\"wp-caption-text\">Jubel in Heddernheim in der Saisonfarbe grau, Foto: PA.<\/figcaption><\/figure>\n<h5><span style=\"font-size: 16px;\">SV 07 Heddernheim &#8211; FC Germania Enkheim 4:1 (1:1)<\/span><\/h5>\n<p><img loading=\"lazy\" decoding=\"async\" class=\"alignnone size-full wp-image-302\" src=\"http:\/\/insideamateurfussball-ffm.de\/wp-content\/uploads\/2022\/05\/1sv07_news2_4511-1.jpg\" alt=\"\" width=\"80\" height=\"80\" \/><img loading=\"lazy\" decoding=\"async\" class=\"alignnone size-full wp-image-1748\" src=\"http:\/\/insideamateurfussball-ffm.de\/wp-content\/uploads\/2022\/07\/Enkheim-1.jpg\" alt=\"\" width=\"63\" height=\"80\" \/><\/p>\n<p><span style=\"font-size: 16px;\">Die Br\u00fchlwiese war an diesem wohl letzten milden Novembersonntag stark frequentiert. In einem spannenden Vorspiel der B-Klasse hatte die heimische Reserve nach 3:0-F\u00fchrung noch 3:4 gegen den FC Corumspor verloren, der sehr viele Anh\u00e4nger mitbrachte. <\/span><\/p>\n<p><span style=\"font-size: 16px;\">Neben vielen heimischen Zuschauern brachte auch Enkheim eine beachtliche Zahl an Zuschauern mit und nebenher wurde ein Leistungsvergleich der F-Jugend auf dem Rasenplatz ausgetragen. Die in wei\u00df gekleideten G\u00e4ste hatten in der ersten halben Stunde die Mehrzahl an Chancen, machten aber zu wenig daraus. So scheiterte Lars Trams in aussichtsreicher Position an SVH-Torh\u00fcter Marc Tomczyk (3.), Torsch\u00fcsse von Eray Aksoy (13.) und Mihajlo Atanaskovic (18.) verfehlten das Ziel knapp. Ibrahim Camara schoss den Ball sogar am leeren Tor vorbei (21.). Die erste Chance der Hausherren erst nach 23 Minuten: Kadir Mengunogul traf aus drei Metern den Pfosten. Die F\u00fchrung der G\u00e4ste durch Aksoy war folgerichtig (26.), doch Heddernheim antwortete postwendend per Kopfball durch Torj\u00e4ger Cherano Willef\u00fchr (27.).<\/span><\/p>\n<ul>\n<li><strong><span style=\"font-size: 16px;\">Joker Brnas sticht sofort zum 4:1<\/span><\/strong><\/li>\n<\/ul>\n<p><span style=\"font-size: 16px;\">So blieb es bei dieser Topkulisse bis zur Halbzeit. Nach dem Seitenwechsel verst\u00e4rkten die Gastgeber auf &#8222;ihr Tor&#8220; den Druck. Christos Papadopoulos mit einem Kracher aus 40 Metern an die Latte (51.), dann gab es nach einem Schuss von Giuliano Amante Handelfmeter, den der wiedergenesene Kapit\u00e4n Antonie Willef\u00fchr sicher verwandelte (57.). Auf Zuspiel von Papadopoulos erh\u00f6hte Cherano auf 3:1 &#8211; sein 18. Saisontreffer (68.). Der eingewechselte Joker Luka Filip Brnas stach sofort &#8211; er markierte das 4:1 (78.). Andreas Berggold, seit fast neun Jahren ununterbrochen der Trainer in Heddernheim, war begeistert: &#8222;Nach dem 3:3 gegen GSU war ich gespannt, wie die Mannschaft das weggesteckt hat. Ganz ehrlich: Ich wusste nicht, was uns heute erwartet. Die Mannschaft hat konzentriert gearbeitet, auch wenn das Ergebnis ein, zwei Tore zu hoch ausgefallen ist. Enkheim hatte die besseren Torchancen in Durchgang eins bedingt durch unsere Abstimmungsfehler. Das 1:1 war gerecht zur Pause. Zweite H\u00e4lfte haben wir es besser gemacht, haben taktisch umgestellt. Unser Sieg ist gl\u00fccklich, denn so deutlich war es nicht.&#8220; <\/span><\/p>\n<p><span style=\"font-size: 16px;\">Heddernheim bleibt oben dabei, auch wenn &#8222;alles so eng beieinander ist, da wiederhole ich mich Woche f\u00fcr Woche. Keiner kann sich so richtig absetzen. Vielleicht k\u00f6nnen am letzten Spieltag noch f\u00fcnf Mannschaften Meister werden oder Zweiter. Wir freuen uns, dass wir oben dabei sind und wollen dran bleiben. Daf\u00fcr m\u00fcssen wir konstanter Spiele in Folge gewinnen, dann kann man sich vielleicht mal absetzen.&#8220; Gegner Union Niederrad am Donnerstag werde kein Selbstl\u00e4ufer: &#8222;Union Niederrad hat eine starke Mannschaft, steht zu Unrecht da unten. Der Trainerwechsel kann positive Effekte bringen. Wir schauen aber auf uns, wollen unser Spiel durchbringen und weiter punkten.&#8220; Enkheims Trainer Antonio D\u00b4Andrea meinte nach dem Abpfiff: &#8220; Nach einer ordentlichen ersten Halbzeit mit drei &#8211; vier hundertprozentigen Chancen gehen wir mit 1:1 in die Halbzeit. Heddernheim kommt besser auf und geht durch einen Elfmeter in F\u00fchrung. Danach haben wir die Ordnung verloren und Heddernheim die Chancen eiskalt genutzt.&#8220; Sein Team erwartet am Sonntag Schlusslicht GSU Hellas um 15 Uhr.\u00a0\u00a0<\/span><\/p>\n<ul>\n<li><strong><span style=\"font-size: 16px;\">Schiedsrichter: Patrick Holzhacker (Teutonia Hausen). <\/span><\/strong><\/li>\n<li><strong><span style=\"font-size: 16px;\">Zuschauer: 138. <\/span><\/strong><\/li>\n<li><strong><span style=\"font-size: 16px;\">Tore: 0:1 Eray Aksoy (26.), 1:1 Cherano Willef\u00fchr (27.), 2:1 Antonie Willef\u00fchr (57.\/Handelfmeter), 3:1 Cherano Willef\u00fchr (68.), 4:1 Luka Filip Brnas (78.).<\/span><\/strong><\/li>\n<\/ul>\n","protected":false},"excerpt":{"rendered":"<p>Zwei Wochen nach dem Verlust der Tabellenf\u00fchrung \u00fcbernahm der SV 07 Heddernheim mit dem 4:1 \u00fcber Germania Enkheim wieder die Spitzenposition und kann diese schon am Donnerstag im vorgezogenen Heimspiel gegen den FC Union Niederrad (20.15 Uhr) ausbauen.\u00a0 SV 07 Heddernheim &#8211; FC Germania Enkheim 4:1 (1:1) Die Br\u00fchlwiese war an diesem wohl letzten milden [&hellip;]<\/p>\n","protected":false},"author":1,"featured_media":29505,"comment_status":"closed","ping_status":"closed","sticky":true,"template":"","format":"standard","meta":{"footnotes":""},"categories":[2],"tags":[],"class_list":["post-29504","post","type-post","status-publish","format-standard","has-post-thumbnail","hentry","category-kreisoberliga-frankfurt"],"_links":{"self":[{"href":"https:\/\/insideamateurfussball-ffm.de\/index.php?rest_route=\/wp\/v2\/posts\/29504","targetHints":{"allow":["GET"]}}],"collection":[{"href":"https:\/\/insideamateurfussball-ffm.de\/index.php?rest_route=\/wp\/v2\/posts"}],"about":[{"href":"https:\/\/insideamateurfussball-ffm.de\/index.php?rest_route=\/wp\/v2\/types\/post"}],"author":[{"embeddable":true,"href":"https:\/\/insideamateurfussball-ffm.de\/index.php?rest_route=\/wp\/v2\/users\/1"}],"replies":[{"embeddable":true,"href":"https:\/\/insideamateurfussball-ffm.de\/index.php?rest_route=%2Fwp%2Fv2%2Fcomments&post=29504"}],"version-history":[{"count":2,"href":"https:\/\/insideamateurfussball-ffm.de\/index.php?rest_route=\/wp\/v2\/posts\/29504\/revisions"}],"predecessor-version":[{"id":29509,"href":"https:\/\/insideamateurfussball-ffm.de\/index.php?rest_route=\/wp\/v2\/posts\/29504\/revisions\/29509"}],"wp:featuredmedia":[{"embeddable":true,"href":"https:\/\/insideamateurfussball-ffm.de\/index.php?rest_route=\/wp\/v2\/media\/29505"}],"wp:attachment":[{"href":"https:\/\/insideamateurfussball-ffm.de\/index.php?rest_route=%2Fwp%2Fv2%2Fmedia&parent=29504"}],"wp:term":[{"taxonomy":"category","embeddable":true,"href":"https:\/\/insideamateurfussball-ffm.de\/index.php?rest_route=%2Fwp%2Fv2%2Fcategories&post=29504"},{"taxonomy":"post_tag","embeddable":true,"href":"https:\/\/insideamateurfussball-ffm.de\/index.php?rest_route=%2Fwp%2Fv2%2Ftags&post=29504"}],"curies":[{"name":"wp","href":"https:\/\/api.w.org\/{rel}","templated":true}]}}