{"id":2948,"date":"2022-10-03T00:44:26","date_gmt":"2022-10-02T22:44:26","guid":{"rendered":"http:\/\/insideamateurfussball-ffm.de\/?p=2948"},"modified":"2025-01-09T15:47:58","modified_gmt":"2025-01-09T14:47:58","slug":"griesheim-02-kommt-ueber-22-nicht-hinaus","status":"publish","type":"post","link":"https:\/\/insideamateurfussball-ffm.de\/?p=2948","title":{"rendered":"Griesheim 02 kommt \u00fcber 2:2 nicht hinaus"},"content":{"rendered":"<h5><span style=\"font-size: 16px;\">Die Spvgg. 02 Griesheim kam am Sonntag in der Kreisoberliga Frankfurt gegen Union Niederrad nicht \u00fcber ein 2:2 (1:1) hinaus. Die Griesheimer bleiben damit hinter dem FC Tempo auf Rang zwei, der ja zur Teilnahme an der Relegation zur Gruppenliga Frankfurt West berechtigt. Die G\u00e4ste standen sogar kurz vor dem Ausw\u00e4rtssieg an der Eichenstra\u00dfe, kassierten aber in der Nachspielzeit den bitteren Ausgleich.\u00a0<\/span><\/h5>\n<figure id=\"attachment_2949\" aria-describedby=\"caption-attachment-2949\" style=\"width: 313px\" class=\"wp-caption alignnone\"><img loading=\"lazy\" decoding=\"async\" class=\"wp-image-2949\" src=\"http:\/\/insideamateurfussball-ffm.de\/wp-content\/uploads\/2022\/10\/gr5-1-300x191.jpg\" alt=\"\" width=\"313\" height=\"199\" \/><figcaption id=\"caption-attachment-2949\" class=\"wp-caption-text\">Die Spvgg. 02 Griesheim vor dem Heimspiel gegen Union Niederrad. Foto: Mithat G\u00fcrser.<\/figcaption><\/figure>\n<h5><span style=\"font-size: 16px;\">Spvgg. 02 Griesheim &#8211; Union Niederrad 2:2 (1:1)<\/span><\/h5>\n<p><img loading=\"lazy\" decoding=\"async\" class=\"alignnone size-full wp-image-287\" src=\"http:\/\/insideamateurfussball-ffm.de\/wp-content\/uploads\/2022\/05\/SpVgg._02_Griesheim_02.jpg\" alt=\"\" width=\"100\" height=\"100\" \/><img loading=\"lazy\" decoding=\"async\" class=\"alignnone size-full wp-image-38\" src=\"http:\/\/insideamateurfussball-ffm.de\/wp-content\/uploads\/2021\/11\/Union-Niederrad.jpg\" alt=\"\" width=\"80\" height=\"80\" \/><\/p>\n<p><span style=\"font-size: 16px; color: #999999;\">Griesheim ging schnell durch Michael Ofosu in F\u00fchrung (3.), doch die Niederr\u00e4der hatten mit dem Bosnier Emir Drino einen Unterschiedsspieler in ihren Reihen. Der Routinier sorgte in Abschnitt eins f\u00fcr den Ausgleich (22.) und brachte die Union eine Viertelstunde vor Schluss mit einem Volleyschuss in F\u00fchrung (74.). Die Platzherren warfen in der Schlussphase alles nach vorne, um die drohende Heimniederlage abzuwenden. <\/span><\/p>\n<p><span style=\"font-size: 16px; color: #999999;\">In der Nachspielzeit segelte noch einmal ein Eckball in den Niederr\u00e4der Strafraum und Ante Peko k\u00f6pfte zum 2:2 ein (90.\/+2). Griesheimss Trainer Marco Santonastaso zeigte sich nach dem Abpfiff entt\u00e4uscht: &#8222;Wir haben wesentlich besser Fu\u00dfball gespielt als Niederrad, deren Ausgleich aus einem Zufall heraus entstand.&#8220;<\/span><\/p>\n<blockquote>\n<h5><span style=\"font-size: 16px;\">&#8222;Wir haben Griesheim einen Tick st\u00e4rker erwartet&#8220; (Union-Vorsitzender Khalid Lamjahed)<\/span><\/h5>\n<\/blockquote>\n<p><span style=\"font-size: 16px; color: #999999;\">Vorne habe nach der Auswechslung von Shootingstar Tcha Djobo Fayisal nach einer halben Stunde die Durchschlagskraft gefehlt. &#8222;Wir spielten die zweite Halbzeit auf ein Tor, haben uns nicht belohnt und so unn\u00f6tige Punkte verloren&#8220;, erkl\u00e4rte Santonastaso. Trotz des sp\u00e4ten Ausgleichs sei man unter dem Strich entt\u00e4uscht gewesen. Union-Vorsitzender Khalid Lamjahed berichtete: &#8222;Es war kein hochklassiges Spiel. Wir haben Griesheim einen Tick st\u00e4rker erwartet und haben an unserer Chance geschnuppert, hier etwas mizunehmen.&#8220; <\/span><\/p>\n<p><span style=\"font-size: 16px; color: #999999;\">Die G\u00e4ste boten den Torh\u00fcter der Dritten Mannschaft Loris Udovicic auf, der normalerweise C-Klasse spielt. &#8222;Das waren zwei verlorene Punkte, die wir h\u00e4tten ergattern m\u00fcssen. Das sind Punkte, die uns hinten stehen lassen. Wenn wir unsere Leistung weiter bringen, werden die Punkte kommen&#8220;, sagte Lamjahed.\u00a0\u00a0<\/span><\/p>\n<h5><span style=\"font-size: 16px;\">Schiedsrichter: Rolf Seifert (Altenstadt). Zuschauer: 150. <\/span><\/h5>\n<h5><span style=\"font-size: 16px;\">Tore: 1:0 Michael Ofosu (3.), 1:1, 1:2 Emir Drino (22.\/74.), 2:2 Ante Peko (90.\/+2).\u00a0<\/span><\/h5>\n<p><span style=\"font-size: 16px; color: #ffcc99;\">Vielen Dank an Mithat G\u00fcrser f\u00fcr die Bildergalerie!\u00a0<\/span><\/p>\n\n\n<figure class=\"wp-block-gallery has-nested-images columns-default is-cropped wp-block-gallery-1 is-layout-flex wp-block-gallery-is-layout-flex\">\n<figure class=\"wp-block-image size-large is-style-default\"><img decoding=\"async\" data-id=\"2950\" src=\"http:\/\/insideamateurfussball-ffm.de\/wp-content\/uploads\/2022\/10\/gr10-1.jpg\" alt=\"\" class=\"wp-image-2950\"\/><\/figure>\n<\/figure>\n\n\n\n<div class=\"wp-block-columns is-layout-flex wp-container-core-columns-is-layout-28f84493 wp-block-columns-is-layout-flex\">\n<div class=\"wp-block-column is-layout-flow wp-block-column-is-layout-flow\">\n<figure class=\"wp-block-image size-full is-style-default\"><img decoding=\"async\" src=\"http:\/\/insideamateurfussball-ffm.de\/wp-content\/uploads\/2022\/10\/gr15.jpg\" alt=\"\" class=\"wp-image-2951\"\/><\/figure>\n<\/div>\n\n\n\n<div class=\"wp-block-column is-layout-flow wp-block-column-is-layout-flow\">\n<figure class=\"wp-block-image size-full is-style-default\"><img decoding=\"async\" src=\"http:\/\/insideamateurfussball-ffm.de\/wp-content\/uploads\/2022\/10\/gries3.jpg\" alt=\"\" class=\"wp-image-2952\"\/><\/figure>\n<\/div>\n\n\n\n<div class=\"wp-block-column is-layout-flow wp-block-column-is-layout-flow\">\n<figure class=\"wp-block-image size-full is-style-default\"><img decoding=\"async\" src=\"http:\/\/insideamateurfussball-ffm.de\/wp-content\/uploads\/2022\/10\/nied4.jpg\" alt=\"\" class=\"wp-image-2953\"\/><\/figure>\n<\/div>\n<\/div>\n\n\n\n<div class=\"wp-block-columns is-layout-flex wp-container-core-columns-is-layout-28f84493 wp-block-columns-is-layout-flex\">\n<div class=\"wp-block-column is-layout-flow wp-block-column-is-layout-flow\">\n<figure class=\"wp-block-image size-full is-style-default\"><img decoding=\"async\" src=\"http:\/\/insideamateurfussball-ffm.de\/wp-content\/uploads\/2022\/10\/gr4-1.jpg\" alt=\"\" class=\"wp-image-2954\"\/><\/figure>\n<\/div>\n\n\n\n<div class=\"wp-block-column is-layout-flow wp-block-column-is-layout-flow\">\n<figure class=\"wp-block-image size-full is-style-default\"><img decoding=\"async\" src=\"http:\/\/insideamateurfussball-ffm.de\/wp-content\/uploads\/2022\/10\/gr9.jpg\" alt=\"\" class=\"wp-image-2955\"\/><\/figure>\n<\/div>\n\n\n\n<div class=\"wp-block-column is-layout-flow wp-block-column-is-layout-flow\">\n<figure class=\"wp-block-image size-full is-style-default\"><img decoding=\"async\" src=\"http:\/\/insideamateurfussball-ffm.de\/wp-content\/uploads\/2022\/10\/gr14.jpg\" alt=\"\" class=\"wp-image-2956\"\/><\/figure>\n<\/div>\n<\/div>\n\n\n\n<div class=\"wp-block-columns is-layout-flex wp-container-core-columns-is-layout-28f84493 wp-block-columns-is-layout-flex\">\n<div class=\"wp-block-column is-layout-flow wp-block-column-is-layout-flow\">\n<figure class=\"wp-block-image size-full is-style-default\"><img loading=\"lazy\" decoding=\"async\" width=\"1022\" height=\"680\" src=\"http:\/\/insideamateurfussball-ffm.de\/wp-content\/uploads\/2022\/10\/griesheim-regen.jpg\" alt=\"\" class=\"wp-image-2957\" srcset=\"https:\/\/insideamateurfussball-ffm.de\/wp-content\/uploads\/2022\/10\/griesheim-regen.jpg 1022w, https:\/\/insideamateurfussball-ffm.de\/wp-content\/uploads\/2022\/10\/griesheim-regen-300x200.jpg 300w, https:\/\/insideamateurfussball-ffm.de\/wp-content\/uploads\/2022\/10\/griesheim-regen-768x511.jpg 768w\" sizes=\"auto, (max-width: 1022px) 100vw, 1022px\" \/><\/figure>\n<\/div>\n\n\n\n<div class=\"wp-block-column is-layout-flow wp-block-column-is-layout-flow\">\n<figure class=\"wp-block-image size-full is-style-default\"><img decoding=\"async\" src=\"http:\/\/insideamateurfussball-ffm.de\/wp-content\/uploads\/2022\/10\/nider2.jpg\" alt=\"\" class=\"wp-image-2958\"\/><\/figure>\n<\/div>\n\n\n\n<div class=\"wp-block-column is-layout-flow wp-block-column-is-layout-flow\">\n<figure class=\"wp-block-image size-large is-style-default\"><img decoding=\"async\" src=\"http:\/\/insideamateurfussball-ffm.de\/wp-content\/uploads\/2022\/10\/gr3-1-1024x689.jpg\" alt=\"\" class=\"wp-image-2959\"\/><\/figure>\n<\/div>\n<\/div>\n\n\n\n<div class=\"wp-block-columns is-layout-flex wp-container-core-columns-is-layout-28f84493 wp-block-columns-is-layout-flex\">\n<div class=\"wp-block-column is-layout-flow wp-block-column-is-layout-flow\">\n<figure class=\"wp-block-image size-full is-style-default\"><img decoding=\"async\" src=\"http:\/\/insideamateurfussball-ffm.de\/wp-content\/uploads\/2022\/10\/gr8-1.jpg\" alt=\"\" class=\"wp-image-2960\"\/><\/figure>\n<\/div>\n\n\n\n<div class=\"wp-block-column is-layout-flow wp-block-column-is-layout-flow\">\n<figure class=\"wp-block-image size-full is-style-default\"><img decoding=\"async\" src=\"http:\/\/insideamateurfussball-ffm.de\/wp-content\/uploads\/2022\/10\/gr13.jpg\" alt=\"\" class=\"wp-image-2961\"\/><\/figure>\n<\/div>\n\n\n\n<div class=\"wp-block-column is-layout-flow wp-block-column-is-layout-flow\">\n<figure class=\"wp-block-image size-full is-style-default\"><img decoding=\"async\" src=\"http:\/\/insideamateurfussball-ffm.de\/wp-content\/uploads\/2022\/10\/gr18.jpg\" alt=\"\" class=\"wp-image-2962\"\/><\/figure>\n<\/div>\n<\/div>\n\n\n\n<figure class=\"wp-block-image size-full is-style-default\"><img decoding=\"async\" src=\"http:\/\/insideamateurfussball-ffm.de\/wp-content\/uploads\/2022\/10\/nider1.jpg\" alt=\"\" class=\"wp-image-2963\"\/><\/figure>\n\n\n\n<figure class=\"wp-block-image size-full is-style-default\"><img decoding=\"async\" src=\"http:\/\/insideamateurfussball-ffm.de\/wp-content\/uploads\/2022\/10\/gr2-1.jpg\" alt=\"\" class=\"wp-image-2964\"\/><\/figure>\n","protected":false},"excerpt":{"rendered":"<p>Die Spvgg. 02 Griesheim kam am Sonntag in der Kreisoberliga Frankfurt gegen Union Niederrad nicht \u00fcber ein 2:2 (1:1) hinaus. Die Griesheimer bleiben damit hinter dem FC Tempo auf Rang zwei, der ja zur Teilnahme an der Relegation zur Gruppenliga Frankfurt West berechtigt. Die G\u00e4ste standen sogar kurz vor dem Ausw\u00e4rtssieg an der Eichenstra\u00dfe, kassierten [&hellip;]<\/p>\n","protected":false},"author":1,"featured_media":0,"comment_status":"open","ping_status":"open","sticky":false,"template":"","format":"standard","meta":{"footnotes":""},"categories":[2],"tags":[],"class_list":["post-2948","post","type-post","status-publish","format-standard","hentry","category-kreisoberliga-frankfurt"],"_links":{"self":[{"href":"https:\/\/insideamateurfussball-ffm.de\/index.php?rest_route=\/wp\/v2\/posts\/2948","targetHints":{"allow":["GET"]}}],"collection":[{"href":"https:\/\/insideamateurfussball-ffm.de\/index.php?rest_route=\/wp\/v2\/posts"}],"about":[{"href":"https:\/\/insideamateurfussball-ffm.de\/index.php?rest_route=\/wp\/v2\/types\/post"}],"author":[{"embeddable":true,"href":"https:\/\/insideamateurfussball-ffm.de\/index.php?rest_route=\/wp\/v2\/users\/1"}],"replies":[{"embeddable":true,"href":"https:\/\/insideamateurfussball-ffm.de\/index.php?rest_route=%2Fwp%2Fv2%2Fcomments&post=2948"}],"version-history":[{"count":1,"href":"https:\/\/insideamateurfussball-ffm.de\/index.php?rest_route=\/wp\/v2\/posts\/2948\/revisions"}],"predecessor-version":[{"id":2965,"href":"https:\/\/insideamateurfussball-ffm.de\/index.php?rest_route=\/wp\/v2\/posts\/2948\/revisions\/2965"}],"wp:attachment":[{"href":"https:\/\/insideamateurfussball-ffm.de\/index.php?rest_route=%2Fwp%2Fv2%2Fmedia&parent=2948"}],"wp:term":[{"taxonomy":"category","embeddable":true,"href":"https:\/\/insideamateurfussball-ffm.de\/index.php?rest_route=%2Fwp%2Fv2%2Fcategories&post=2948"},{"taxonomy":"post_tag","embeddable":true,"href":"https:\/\/insideamateurfussball-ffm.de\/index.php?rest_route=%2Fwp%2Fv2%2Ftags&post=2948"}],"curies":[{"name":"wp","href":"https:\/\/api.w.org\/{rel}","templated":true}]}}