{"id":29475,"date":"2025-11-17T21:57:12","date_gmt":"2025-11-17T20:57:12","guid":{"rendered":"https:\/\/insideamateurfussball-ffm.de\/?p=29475"},"modified":"2025-11-17T21:57:12","modified_gmt":"2025-11-17T20:57:12","slug":"spiel-auf-topniveau-gudesding-stuerzt-bsc-von-der-spitze","status":"publish","type":"post","link":"https:\/\/insideamateurfussball-ffm.de\/?p=29475","title":{"rendered":"&#8222;Spiel auf Topniveau&#8220; &#8211; Gudesding st\u00fcrzt BSC von der Spitze"},"content":{"rendered":"<h5><span style=\"font-size: 16px;\">Der FC Gudesding erzielte in der Nachspielzeit den 3:2-Siegtreffer gegen den BSC Schwarz-Wei\u00df 19 und st\u00fcrzte dadurch den Rosegger-Club, der dadurch die erste Niederlage seit dem 31. August quittierte von der Tabellenspitze. Die &#8222;Guden&#8220; verbesserten sich auf Rang acht und liegen in der megaengen Klassifikation nur sechs Punkte hinter der Tabellenspitze.\u00a0<\/span><\/h5>\n<figure id=\"attachment_29476\" aria-describedby=\"caption-attachment-29476\" style=\"width: 654px\" class=\"wp-caption alignleft\"><img loading=\"lazy\" decoding=\"async\" class=\"wp-image-29476\" src=\"http:\/\/insideamateurfussball-ffm.de\/wp-content\/uploads\/2025\/11\/Guztz-1024x576.jpg\" alt=\"\" width=\"654\" height=\"368\" srcset=\"https:\/\/insideamateurfussball-ffm.de\/wp-content\/uploads\/2025\/11\/Guztz-1024x576.jpg 1024w, https:\/\/insideamateurfussball-ffm.de\/wp-content\/uploads\/2025\/11\/Guztz-300x169.jpg 300w, https:\/\/insideamateurfussball-ffm.de\/wp-content\/uploads\/2025\/11\/Guztz-768x432.jpg 768w, https:\/\/insideamateurfussball-ffm.de\/wp-content\/uploads\/2025\/11\/Guztz-1536x864.jpg 1536w, https:\/\/insideamateurfussball-ffm.de\/wp-content\/uploads\/2025\/11\/Guztz.jpg 2048w\" sizes=\"auto, (max-width: 654px) 100vw, 654px\" \/><figcaption id=\"caption-attachment-29476\" class=\"wp-caption-text\">Neuerdings hat der FC Gudesding Gefallen daran gefunden, unserer Redaktion ein Siegerfoto zu schicken. Zur Nachahmung empfohlen. Foto: Einsendung Verein.\u00a0\u00a0<\/figcaption><\/figure>\n<h5><span style=\"font-size: 16px;\">FC Gudesding &#8211; BSC Schwarz-Wei\u00df 19 3:2 (2:2)<\/span><\/h5>\n<p><img loading=\"lazy\" decoding=\"async\" class=\"alignnone size-full wp-image-10\" src=\"http:\/\/insideamateurfussball-ffm.de\/wp-content\/uploads\/2021\/11\/Gudesding.jpg\" alt=\"\" width=\"64\" height=\"80\" \/><img loading=\"lazy\" decoding=\"async\" class=\"alignnone size-full wp-image-285\" src=\"http:\/\/insideamateurfussball-ffm.de\/wp-content\/uploads\/2022\/05\/BSC-19.jpg\" alt=\"\" width=\"80\" height=\"61\" \/><\/p>\n<p><span style=\"font-size: 16px;\">Gudesding-Trainer Maik Rudolf hatte &#8222;ein KOL-Spiel der Extraklasse&#8220; gesehen. &#8222;Beide Mannschaften haben Werbung f\u00fcr diese Liga betrieben&#8220;, sagte der Coach. <\/span><\/p>\n<p><span style=\"font-size: 16px;\">&#8222;Das Spiel stand auf einem absoluten Topniveau&#8220;, bekr\u00e4ftigte der h\u00f6herklassig erfahrene Trainer. Bereits zu Beginn war Gudesding durch Fabian Lifka in F\u00fchrung gegangen (2.). Danach hatten die Gastgeber im Ostpark mehr Spielanteile, doch der spielstarke BSC kam durch St\u00fcrmer Bilal Chaikhoun zum Ausgleich (12.). Die erneute F\u00fchrung von Gudesding durch Mutaz Husain (33.) egalisierte wiederum Chaikhoun in der Nachspielzeit mit einem Freisto\u00df der ersten Halbzeit mit seinem f\u00fcnften Saisontreffer (45.+1). Nach dem Seitenwechsel hatten die G\u00e4ste mehr Spielanteile und M\u00f6glichkeiten. Den entscheidenden Treffer markierte aber Maximilian Bamberg in der Nachspielzeit per Kopfball nach einer Ecke (90.\/+5).<\/span><\/p>\n<p><span style=\"font-size: 16px;\">Rudolf lobte noch den Schiedsrichter f\u00fcr &#8222;seine souver\u00e4ne und hervorragende Spielleitung. Er hat sich dem Topniveau angepasst.&#8220; BSC-Trainer Eleyas Kahsay war nach dem Ende der Erfolgsserie und dem R\u00fcckfall auf Rang zwei, was f\u00fcr den BSC immer noch mehr bedeutet, als jemals erwartet worden war, nicht b\u00f6se: &#8222;Der Platz an der Sonne kam zu fr\u00fch f\u00fcr uns. Wir sind noch nicht so weit, werden aber nicht aufgeben und jeden Gegner \u00e4rgern.&#8220; Zum Spiel sagte der Coach: &#8222;Gudesding hat uns direkt in den ersten Minuten durch Ballverlust im Zentrum und Kommunikationsfehler in der Abwehr sehr fr\u00fch kalt erwischt.&#8220; Die zweite Halbzeit sei dann ein typisches Unentschieden-Spiel gewesen. Umstritten war aus BSC-Sicht ein erst gegebener Strafsto\u00df, der dann in einen Freisto\u00df mit Gelber Karte umgewandelt worden sei. <\/span><\/p>\n<p><span style=\"font-size: 16px;\">&#8222;Aus unserer Sicht war das Elfmeter und Rot. Sehr \u00e4rgerlich, denn so w\u00e4re das Spiel zu unseren Gunsten ausgegangen. Und somit haben wir in der Nachspielzeit dann durch einen Eckball geschlafen und das 3:2 kassiert&#8220;, bedauerte Kahsay. &#8222;Sehr bitter f\u00fcr uns, da wir diesmal wirklich keine Ruhe ausgestrahlt hatten und leider einen Fehler zuviel gemacht haben, womit Gudesding den Sieg am Ende auch verdient hat&#8220;, gab Kahsay am Ende fairerweise zu. Beide Teams sehen sich wie alle an diesem Spieltag schon in drei Wochen, am 7. Dezember wieder &#8211; sofern es die Witterung bis dahin zul\u00e4sst. Denn dann steht der eigentliche 1. Spieltag, der vom August in den Dezember verschoben wurde, auf dem Spielplan. N\u00e4chsten Sonntag f\u00e4hrt Gudesding dann zur SG Westend (14.30 Uhr). Zeitgleich erwartet der BSC im Rosegger-Platzderby Concordia Eschersheim.\u00a0<\/span><\/p>\n<p><span style=\"font-size: 16px;\"> \u00a0 \u00a0\u00a0<\/span><\/p>\n\n\n<figure class=\"wp-block-pullquote\"><blockquote><p><strong>&#8222;Gudesding hat uns direkt in den ersten Minuten durch Ballverlust im Zentrum und Kommunikationsfehler in der Abwehr sehr fr\u00fch kalt erwischt.&#8220;<\/strong><\/p><cite><strong>BSC-TRAINER Eleyas Kahsay<\/strong><\/cite><\/blockquote><\/figure>\n\n\n<ul>\n<li><strong><span style=\"font-size: 16px;\">Schiedsrichter: Cedrick Djeuta Nana (SV Darmstadt 98). <\/span><\/strong><\/li>\n<li><strong><span style=\"font-size: 16px;\">Zuschauer: 90. <\/span><\/strong><\/li>\n<li><strong><span style=\"font-size: 16px;\">Tore: 1:0 Fabian Lifka (2.), 1:1 Bilal Chaikhoun (12.), 2:1 Mutaz Husain (33.), 2:2 Bilal Chaikhoun (45.\/+1), 3:2 Maximilian Bamberg (90.\/+5).\u00a0 \u00a0<\/span><\/strong><\/li>\n<\/ul>","protected":false},"excerpt":{"rendered":"<p>Der FC Gudesding erzielte in der Nachspielzeit den 3:2-Siegtreffer gegen den BSC Schwarz-Wei\u00df 19 und st\u00fcrzte dadurch den Rosegger-Club, der dadurch die erste Niederlage seit dem 31. August quittierte von der Tabellenspitze. Die &#8222;Guden&#8220; verbesserten sich auf Rang acht und liegen in der megaengen Klassifikation nur sechs Punkte hinter der Tabellenspitze.\u00a0 FC Gudesding &#8211; BSC [&hellip;]<\/p>\n","protected":false},"author":1,"featured_media":29476,"comment_status":"closed","ping_status":"closed","sticky":true,"template":"","format":"standard","meta":{"footnotes":""},"categories":[2],"tags":[],"class_list":["post-29475","post","type-post","status-publish","format-standard","has-post-thumbnail","hentry","category-kreisoberliga-frankfurt"],"_links":{"self":[{"href":"https:\/\/insideamateurfussball-ffm.de\/index.php?rest_route=\/wp\/v2\/posts\/29475","targetHints":{"allow":["GET"]}}],"collection":[{"href":"https:\/\/insideamateurfussball-ffm.de\/index.php?rest_route=\/wp\/v2\/posts"}],"about":[{"href":"https:\/\/insideamateurfussball-ffm.de\/index.php?rest_route=\/wp\/v2\/types\/post"}],"author":[{"embeddable":true,"href":"https:\/\/insideamateurfussball-ffm.de\/index.php?rest_route=\/wp\/v2\/users\/1"}],"replies":[{"embeddable":true,"href":"https:\/\/insideamateurfussball-ffm.de\/index.php?rest_route=%2Fwp%2Fv2%2Fcomments&post=29475"}],"version-history":[{"count":1,"href":"https:\/\/insideamateurfussball-ffm.de\/index.php?rest_route=\/wp\/v2\/posts\/29475\/revisions"}],"predecessor-version":[{"id":29477,"href":"https:\/\/insideamateurfussball-ffm.de\/index.php?rest_route=\/wp\/v2\/posts\/29475\/revisions\/29477"}],"wp:featuredmedia":[{"embeddable":true,"href":"https:\/\/insideamateurfussball-ffm.de\/index.php?rest_route=\/wp\/v2\/media\/29476"}],"wp:attachment":[{"href":"https:\/\/insideamateurfussball-ffm.de\/index.php?rest_route=%2Fwp%2Fv2%2Fmedia&parent=29475"}],"wp:term":[{"taxonomy":"category","embeddable":true,"href":"https:\/\/insideamateurfussball-ffm.de\/index.php?rest_route=%2Fwp%2Fv2%2Fcategories&post=29475"},{"taxonomy":"post_tag","embeddable":true,"href":"https:\/\/insideamateurfussball-ffm.de\/index.php?rest_route=%2Fwp%2Fv2%2Ftags&post=29475"}],"curies":[{"name":"wp","href":"https:\/\/api.w.org\/{rel}","templated":true}]}}