{"id":29472,"date":"2025-11-17T21:11:26","date_gmt":"2025-11-17T20:11:26","guid":{"rendered":"https:\/\/insideamateurfussball-ffm.de\/?p=29472"},"modified":"2025-11-17T21:11:26","modified_gmt":"2025-11-17T20:11:26","slug":"roedelheim-gegen-croatia-trotz-neuem-coach-huberman-erfolgreich","status":"publish","type":"post","link":"https:\/\/insideamateurfussball-ffm.de\/?p=29472","title":{"rendered":"R\u00f6delheim gegen Croatia trotz neuem Coach Huberman erfolgreich"},"content":{"rendered":"<h5><span style=\"font-size: 16px;\">Obwohl noch zwei Hinrundenspiele im Dezember auf dem Plan stehen, begann am Sonntag bereits die R\u00fcckrunde in der Kreisoberliga Frankfurt. Dabei gewann der 1. R\u00f6delheimer FC 02 mit 4:3 gegen den FC Croatia, bei dem der neue Trainer Jorge Huberman jetzt doch sein Deb\u00fct an der Seitenlinie gab. Wie immer schickte uns RFC-Pressesprecher Volker Flauaus einen detaillierten Spielbericht aus R\u00f6delheimer Sicht.\u00a0\u00a0<\/span><\/h5>\n<figure id=\"attachment_29473\" aria-describedby=\"caption-attachment-29473\" style=\"width: 653px\" class=\"wp-caption alignleft\"><img loading=\"lazy\" decoding=\"async\" class=\"wp-image-29473\" src=\"http:\/\/insideamateurfussball-ffm.de\/wp-content\/uploads\/2025\/11\/Roe-Croa-1024x683.jpg\" alt=\"\" width=\"653\" height=\"435\" srcset=\"https:\/\/insideamateurfussball-ffm.de\/wp-content\/uploads\/2025\/11\/Roe-Croa-1024x683.jpg 1024w, https:\/\/insideamateurfussball-ffm.de\/wp-content\/uploads\/2025\/11\/Roe-Croa-300x200.jpg 300w, https:\/\/insideamateurfussball-ffm.de\/wp-content\/uploads\/2025\/11\/Roe-Croa-768x512.jpg 768w, https:\/\/insideamateurfussball-ffm.de\/wp-content\/uploads\/2025\/11\/Roe-Croa-1536x1024.jpg 1536w, https:\/\/insideamateurfussball-ffm.de\/wp-content\/uploads\/2025\/11\/Roe-Croa.jpg 2048w\" sizes=\"auto, (max-width: 653px) 100vw, 653px\" \/><figcaption id=\"caption-attachment-29473\" class=\"wp-caption-text\">R\u00f6delheim in gelb-wei\u00df kommt hier zum Torschuss gegen Croatia-Torh\u00fcter Antonio Galic. Foto: Dago Reinprecht.\u00a0\u00a0<\/figcaption><\/figure>\n<h5><span style=\"font-size: 16px;\">1. R\u00f6delheimer FC 02 &#8211; FC Croatia 4:3 (3:1)<\/span><\/h5>\n<p><img loading=\"lazy\" decoding=\"async\" class=\"alignnone size-full wp-image-932\" src=\"http:\/\/insideamateurfussball-ffm.de\/wp-content\/uploads\/2022\/06\/Roedelheim.jpg\" alt=\"\" width=\"80\" height=\"73\" \/><img loading=\"lazy\" decoding=\"async\" class=\"alignnone size-full wp-image-29\" src=\"http:\/\/insideamateurfussball-ffm.de\/wp-content\/uploads\/2021\/11\/croatia.jpg\" alt=\"\" width=\"63\" height=\"80\" \/><\/p>\n<p><span style=\"font-size: 16px;\">Wieder einmal zwei grundverschiedene Halbzeiten sahen die RFC-Fans bei Sonnenschein und fr\u00fchlingshaften Temperaturen im November. Konnten die G\u00e4ste mit einem fr\u00fchen Tor in der 7. Minute durch einen Schuss in den Winkel von Mate Pehar in F\u00fchrung gehen, \u00fcbernahm der Club sofort danach die Regie und inszenierte die Angriffe \u00fcberwiegend \u00fcber die rechte Seite mit den starken Tilmann Striet, Mert \u00d6zbek und Ali Osman. So dauerte es auch nur bis zur 12. Minute als Ali Osman der Ausgleich gelang. Weiter ging es nur in eine Richtung, n\u00e4mlich auf das Tor der G\u00e4ste und nach einer sch\u00f6nen Kombination \u00fcber mehrere Stationen brachte Adam Zazoua den Ball scharf und flach in die Mitte, so dass Niklas Vogt in der 30. Minute keine M\u00fche hatte, zur F\u00fchrung einzuschieben. <\/span><\/p>\n<p><span style=\"font-size: 16px;\">Nur vier Minuten sp\u00e4ter h\u00e4tte sich auch Zazoua in die Torsch\u00fctzenliste eintragen k\u00f6nnen, doch er schoss nach toller Vorarbeit durch Niklas Vogt v\u00f6llig unbedr\u00e4ngt aus f\u00fcnf Metern den Torwart Antonio Galic an. Und weiter bestimmte der Club das Geschehen, kombinierte sicher und gekonnt und belohnte sich mit dem Halbzeitpfiff mit dem dritten Treffer. Ertap Turgut flankte von der linken Au\u00dfenbahn, Niklas Vogt sprang h\u00f6her als sein Gegenspieler und k\u00f6pfte mit Hilfe des Innenpfosten zur beruhigenden 3:1 F\u00fchrung ein (45.\/+1). Es sah also wirklich danach aus, dass der Club die bis dahin harmlosen G\u00e4ste w\u00fcrde klar besiegen k\u00f6nnen, doch es gab ja noch eine zweite Halbzeit. Einer der Protagonisten dieser zweiten Halbzeit sollte Paskal Marinic werden, der in der ersten Halbzeit im Deckungsverbund sicher seinen Mann stand. Zuerst war er in der Offensive fast erfolgreich, denn kurz nach der Pause zog er aus ca. 25 Metern \u201evoll ab\u201c und sein Kracher, der f\u00fcr Croatia-Keeper Antonio Galic unhaltbar gewesen w\u00e4re, landete an der Latte. Die nachsetzenden Niklas Vogt und Adam Zazoua konnten den Ball auch nicht \u00fcber die Linie bringen. Kurz danach konnte Marinic seinen Gegenspieler nur mit Hilfe des Ziehen am Trikot b\u00e4ndigen, die Gelbe Karte war die logische Konsequenz.<\/span><\/p>\n<ul>\n<li><strong><span style=\"font-size: 16px;\">Marinic zu ungest\u00fcm im Zweikampf &#8211; Gelb-Rot!<\/span><\/strong><\/li>\n<\/ul>\n<p><span style=\"font-size: 16px;\">Dann waren aber erst einmal wieder andere Spieler an der Reihe, Ante Strjic vollendete trocken nach einer sehenswerten Kombination zum Anschlusstreffer in der 50. Minute. Kaum hatte der Stadionsprecher das Mikrofon zur Durchsage in der Hand, hatte die gesamte Abwehr von Croatia einen Blackout und lud Niklas Vogt zur freien \u201eDurchreise\u201c ein. Niklas nahm dies dankend an und lie\u00df Galic mit genauem Flachschuss in der 55. Minute keine Chance. Der alte Abstand von zwei Toren war wieder hergestellt. Doch schon f\u00fcnf Minuten sp\u00e4ter ging Marinic zu ungest\u00fcm in den Zweikampf und handelte sich die zweite Gelbe Karte ein, folgerichtig dann Gelb-Rot (60.). Croatia witterte Morgenluft, verst\u00e4rkte die Angriffsbem\u00fchungen und erzielte auch in der 66. Minute durch Pehar den erneuten Anschlusstreffer. Jetzt war es ein Spiel auf ein Tor des Clubs, doch durch unb\u00e4ndigen Kampf, vielbeiniger Abwehr, einem starken R\u00fcckhalt Theo Wedel im Tor, dem Pfosten und dem Qu\u00e4ntchen Gl\u00fcck lie\u00df man kein weiteres Tor zu. Bei einem der ganz seltenen Konter verpasste Ertap Turgut die endg\u00fcltige Entscheidung und so musste man bis zum Ende der Nachspielzeit erheblich zittern bis dieser eminent wichtige Sieg unter Dach und Fach war. Am n\u00e4chsten Wochenende ist man spielfrei und muss erst am Sonntag, 30.11.2025 um 14.30 Uhr zum R\u00fcckrundenspiel beim FC Gudesding antreten. <\/span><\/p>\n<p><span style=\"font-size: 16px;\">Aus Sicht des FC Croatia war der neue Trainer Jorge Huberman am Freitagabend vom Vorstand in das Amt gehoben worden, nachdem der ehemalige Coach des FC Kosova schon vor f\u00fcnf Wochen Interesse an der Amts\u00fcbernahme bekundet hatte, aber im Zuge des Spielerstreiks bei Croatia erstmal auf Abstand gegangen war. V\u00f6llig \u00fcberraschend tauchte Huberman am Sonntag auf dem Spielberichtsbogen des FC Croatia als \u00dcbungsleiter auf. Der Verein und auch Huberman selbst hielten es offenbar nicht f\u00fcr n\u00f6tig, uns im Vorfeld \u00fcber seine Installierung zu informieren, um eine entsprechende Meldung zu publizieren. Uns gegen\u00fcber teilte Huberman mit, es sei Aufgabe des Vereins, dies zu vermelden. Er selbst konzentriere sich auf seine Trainert\u00e4tigkeit und stehe nicht wie bei Kosova geschehen auch als Pressesprecher bereit. Daf\u00fcr gibt es bei Croatia schon Stanislav Konta, der zum Spiel aus seiner Sicht berichtete: &#8222;Wir haben die erste Halbzeit verschlafen, aber sind in F\u00fchrung gegangen und haben dann einen dummen Fehler gemacht zum 1:1. Nach der Pause haben wir besser gespielt, wir haben Druck gemacht, aber das vierte Tor wollte nicht fallen. Die zweite Halbzeit geht an uns, die erste an R\u00f6delheim.&#8220; Zur Installierung des neuen Trainers: &#8222;Huberman ist seit Freitagabend Trainer &#8211; so hat der Vorstand entschieden.&#8220; Seine Heimpremiere gibt der Argentinier am kommenden Sonntag gegen die Spvgg. 02 Griesheim (14.30 Uhr).\u00a0\u00a0<\/span><\/p>\n<ul>\n<li><strong><span style=\"font-size: 16px;\">Schiedsrichter: Adriatik Kaba (SG Egelsbach). <\/span><\/strong><\/li>\n<li><strong><span style=\"font-size: 16px;\">Zuschauer: 60. <\/span><\/strong><\/li>\n<li><strong><span style=\"font-size: 16px;\">Tore: 0:1 Mate Pehar (7.), 1:1 Ali Osman (12.), 2:1, 3:1 Niklas Vogt (30.\/45.+1), 3:2 Ante Strljic (50.), 4:2 Niklas Vogt (55.), 4:3 Mate Pehar (66.).\u00a0 \u00a0<\/span><\/strong><\/li>\n<\/ul>\n","protected":false},"excerpt":{"rendered":"<p>Obwohl noch zwei Hinrundenspiele im Dezember auf dem Plan stehen, begann am Sonntag bereits die R\u00fcckrunde in der Kreisoberliga Frankfurt. Dabei gewann der 1. R\u00f6delheimer FC 02 mit 4:3 gegen den FC Croatia, bei dem der neue Trainer Jorge Huberman jetzt doch sein Deb\u00fct an der Seitenlinie gab. Wie immer schickte uns RFC-Pressesprecher Volker Flauaus [&hellip;]<\/p>\n","protected":false},"author":1,"featured_media":29473,"comment_status":"closed","ping_status":"closed","sticky":true,"template":"","format":"standard","meta":{"footnotes":""},"categories":[2],"tags":[],"class_list":["post-29472","post","type-post","status-publish","format-standard","has-post-thumbnail","hentry","category-kreisoberliga-frankfurt"],"_links":{"self":[{"href":"https:\/\/insideamateurfussball-ffm.de\/index.php?rest_route=\/wp\/v2\/posts\/29472","targetHints":{"allow":["GET"]}}],"collection":[{"href":"https:\/\/insideamateurfussball-ffm.de\/index.php?rest_route=\/wp\/v2\/posts"}],"about":[{"href":"https:\/\/insideamateurfussball-ffm.de\/index.php?rest_route=\/wp\/v2\/types\/post"}],"author":[{"embeddable":true,"href":"https:\/\/insideamateurfussball-ffm.de\/index.php?rest_route=\/wp\/v2\/users\/1"}],"replies":[{"embeddable":true,"href":"https:\/\/insideamateurfussball-ffm.de\/index.php?rest_route=%2Fwp%2Fv2%2Fcomments&post=29472"}],"version-history":[{"count":1,"href":"https:\/\/insideamateurfussball-ffm.de\/index.php?rest_route=\/wp\/v2\/posts\/29472\/revisions"}],"predecessor-version":[{"id":29474,"href":"https:\/\/insideamateurfussball-ffm.de\/index.php?rest_route=\/wp\/v2\/posts\/29472\/revisions\/29474"}],"wp:featuredmedia":[{"embeddable":true,"href":"https:\/\/insideamateurfussball-ffm.de\/index.php?rest_route=\/wp\/v2\/media\/29473"}],"wp:attachment":[{"href":"https:\/\/insideamateurfussball-ffm.de\/index.php?rest_route=%2Fwp%2Fv2%2Fmedia&parent=29472"}],"wp:term":[{"taxonomy":"category","embeddable":true,"href":"https:\/\/insideamateurfussball-ffm.de\/index.php?rest_route=%2Fwp%2Fv2%2Fcategories&post=29472"},{"taxonomy":"post_tag","embeddable":true,"href":"https:\/\/insideamateurfussball-ffm.de\/index.php?rest_route=%2Fwp%2Fv2%2Ftags&post=29472"}],"curies":[{"name":"wp","href":"https:\/\/api.w.org\/{rel}","templated":true}]}}