{"id":29469,"date":"2025-11-15T19:55:27","date_gmt":"2025-11-15T18:55:27","guid":{"rendered":"https:\/\/insideamateurfussball-ffm.de\/?p=29469"},"modified":"2025-11-17T20:31:09","modified_gmt":"2025-11-17T19:31:09","slug":"dortelweil-souveraen-beim-tabellenletzten","status":"publish","type":"post","link":"https:\/\/insideamateurfussball-ffm.de\/?p=29469","title":{"rendered":"Dortelweil souver\u00e4n beim Tabellenletzten"},"content":{"rendered":"<h5><span style=\"font-size: 16px;\">Im ersten R\u00fcckrundenspiel gewann der SC Dortelweil souver\u00e4n mit 3:0 beim Schlusslicht 1. FCA Darmstadt und festigte mit 26 Punkten Rang elf in der Tabelle.\u00a0<\/span><\/h5>\n<h5><span style=\"font-size: 16px;\" data-wp-editing=\"1\"><img loading=\"lazy\" decoding=\"async\" class=\"alignnone size-large wp-image-26810\" src=\"http:\/\/insideamateurfussball-ffm.de\/wp-content\/uploads\/2025\/07\/mannschaftdortelweil-1024x683.jpg\" alt=\"\" width=\"640\" height=\"427\" srcset=\"https:\/\/insideamateurfussball-ffm.de\/wp-content\/uploads\/2025\/07\/mannschaftdortelweil-1024x683.jpg 1024w, https:\/\/insideamateurfussball-ffm.de\/wp-content\/uploads\/2025\/07\/mannschaftdortelweil-300x200.jpg 300w, https:\/\/insideamateurfussball-ffm.de\/wp-content\/uploads\/2025\/07\/mannschaftdortelweil-768x512.jpg 768w, https:\/\/insideamateurfussball-ffm.de\/wp-content\/uploads\/2025\/07\/mannschaftdortelweil.jpg 1536w\" sizes=\"auto, (max-width: 640px) 100vw, 640px\" \/>\u00a0<\/span><\/h5>\n<h5><span style=\"font-size: 16px;\">1. FCA Darmstadt &#8211; SC Dortelweil 0:3 (0:1)<\/span><\/h5>\n<p><img loading=\"lazy\" decoding=\"async\" class=\"alignnone size-full wp-image-10166\" src=\"http:\/\/insideamateurfussball-ffm.de\/wp-content\/uploads\/2023\/06\/FCADA.jpg\" alt=\"\" width=\"78\" height=\"80\" \/><img loading=\"lazy\" decoding=\"async\" class=\"alignnone size-full wp-image-598\" src=\"http:\/\/insideamateurfussball-ffm.de\/wp-content\/uploads\/2022\/06\/Dortelweil.jpg\" alt=\"\" width=\"80\" height=\"80\" \/><\/p>\n<p><span style=\"font-size: 16px;\">Erst am 2. Oktober war das Hinspiel in Dortelweil mit einem \u00fcberraschenden 1:1 \u00fcber die B\u00fchne gegangen, sechs Wochen sp\u00e4ter trafen sich beide Vereine zum R\u00fcckspiel in Arheilgen. Heraus kam das f\u00fcnfte ungeschlagene Spiel der Wetterauer, dazu blieb SCD-Torh\u00fcter Yannick R\u00fchl zum zweiten Mal in Folge ohne Gegentor. <\/span><\/p>\n<p><span style=\"font-size: 16px;\">Dortelweil ging schon in der ersten Spielminute durch Adonai Tsehaye in F\u00fchrung. Auf dem schwer bespielbaren Rasenplatz am Gehmer Weg waren die G\u00e4ste klar dominant, vergaben aber bis zur Pause weitere klare Gelegenheiten. <\/span><\/p>\n<p><span style=\"font-size: 16px;\">Nach dem Seitenwechsel erh\u00f6hte Dominik Schlatter nach einer Ecke per Kopfball auf 2:0 (49.). Als Marvin Strenger einen Konter zum 3:0 vollendete (65.), war die Begegnung endg\u00fcltig entschieden. &#8222;Wir haben die Bedingungen gut angenommen und spielerisch auch auf schwierigem Gel\u00e4uf \u00fcberzeugt\u201c, bilanzierte Dortelweils Co-Trainer Stefan Geppert. <\/span><\/p>\n<p><span style=\"font-size: 16px;\">N\u00e4chsten Sonntag erwartet Dortelweil dann Rot-Weiss Frankfurt zum R\u00fcckspiel (15.30 Uhr).\u00a0<\/span><\/p>\n<ul>\n<li><span style=\"font-size: 16px;\"><strong>Schiedsrichter: Gahis Safi (TSG Ober-W\u00f6llstadt). <\/strong><\/span><\/li>\n<li><span style=\"font-size: 16px;\"><strong>Zuschauer: 40. <\/strong><\/span><\/li>\n<li><span style=\"font-size: 16px;\"><strong>Tore: 0:1 Adonai Tsehaye (1.), 0:2 Dominik Schlatter (49.), 0:3 Marvin Strenger (65.).<\/strong>\u00a0<\/span><\/li>\n<\/ul>\n","protected":false},"excerpt":{"rendered":"<p>Im ersten R\u00fcckrundenspiel gewann der SC Dortelweil souver\u00e4n mit 3:0 beim Schlusslicht 1. FCA Darmstadt und festigte mit 26 Punkten Rang elf in der Tabelle.\u00a0 \u00a0 1. FCA Darmstadt &#8211; SC Dortelweil 0:3 (0:1) Erst am 2. Oktober war das Hinspiel in Dortelweil mit einem \u00fcberraschenden 1:1 \u00fcber die B\u00fchne gegangen, sechs Wochen sp\u00e4ter trafen [&hellip;]<\/p>\n","protected":false},"author":1,"featured_media":26810,"comment_status":"closed","ping_status":"closed","sticky":true,"template":"","format":"standard","meta":{"footnotes":""},"categories":[10],"tags":[],"class_list":["post-29469","post","type-post","status-publish","format-standard","has-post-thumbnail","hentry","category-verbandsliga-sued"],"_links":{"self":[{"href":"https:\/\/insideamateurfussball-ffm.de\/index.php?rest_route=\/wp\/v2\/posts\/29469","targetHints":{"allow":["GET"]}}],"collection":[{"href":"https:\/\/insideamateurfussball-ffm.de\/index.php?rest_route=\/wp\/v2\/posts"}],"about":[{"href":"https:\/\/insideamateurfussball-ffm.de\/index.php?rest_route=\/wp\/v2\/types\/post"}],"author":[{"embeddable":true,"href":"https:\/\/insideamateurfussball-ffm.de\/index.php?rest_route=\/wp\/v2\/users\/1"}],"replies":[{"embeddable":true,"href":"https:\/\/insideamateurfussball-ffm.de\/index.php?rest_route=%2Fwp%2Fv2%2Fcomments&post=29469"}],"version-history":[{"count":2,"href":"https:\/\/insideamateurfussball-ffm.de\/index.php?rest_route=\/wp\/v2\/posts\/29469\/revisions"}],"predecessor-version":[{"id":29471,"href":"https:\/\/insideamateurfussball-ffm.de\/index.php?rest_route=\/wp\/v2\/posts\/29469\/revisions\/29471"}],"wp:featuredmedia":[{"embeddable":true,"href":"https:\/\/insideamateurfussball-ffm.de\/index.php?rest_route=\/wp\/v2\/media\/26810"}],"wp:attachment":[{"href":"https:\/\/insideamateurfussball-ffm.de\/index.php?rest_route=%2Fwp%2Fv2%2Fmedia&parent=29469"}],"wp:term":[{"taxonomy":"category","embeddable":true,"href":"https:\/\/insideamateurfussball-ffm.de\/index.php?rest_route=%2Fwp%2Fv2%2Fcategories&post=29469"},{"taxonomy":"post_tag","embeddable":true,"href":"https:\/\/insideamateurfussball-ffm.de\/index.php?rest_route=%2Fwp%2Fv2%2Ftags&post=29469"}],"curies":[{"name":"wp","href":"https:\/\/api.w.org\/{rel}","templated":true}]}}