{"id":29460,"date":"2025-11-17T18:49:07","date_gmt":"2025-11-17T17:49:07","guid":{"rendered":"https:\/\/insideamateurfussball-ffm.de\/?p=29460"},"modified":"2025-11-17T18:49:07","modified_gmt":"2025-11-17T17:49:07","slug":"kosova-verliert-spiel-und-drei-spieler-durch-gelb-rote-karten","status":"publish","type":"post","link":"https:\/\/insideamateurfussball-ffm.de\/?p=29460","title":{"rendered":"Kosova verliert Spiel und drei Spieler durch gelb-rote Karten"},"content":{"rendered":"<h4>In einem fairen Spiel unterlag der FC Kosova dem FC Karben am Ende mit 1:2, in den letzten 20 Minuten sorgte der Schiedsrichter durch drei gelb-rote Karten f\u00fcr Missstimmung bei den Gastgebern.<\/h4>\n<figure id=\"attachment_28367\" aria-describedby=\"caption-attachment-28367\" style=\"width: 2016px\" class=\"wp-caption alignnone\"><img loading=\"lazy\" decoding=\"async\" class=\"wp-image-28367 size-full\" src=\"http:\/\/insideamateurfussball-ffm.de\/wp-content\/uploads\/2025\/10\/karbenfechenheim02.jpg\" alt=\"\" width=\"2016\" height=\"1512\" srcset=\"https:\/\/insideamateurfussball-ffm.de\/wp-content\/uploads\/2025\/10\/karbenfechenheim02.jpg 2016w, https:\/\/insideamateurfussball-ffm.de\/wp-content\/uploads\/2025\/10\/karbenfechenheim02-300x225.jpg 300w, https:\/\/insideamateurfussball-ffm.de\/wp-content\/uploads\/2025\/10\/karbenfechenheim02-1024x768.jpg 1024w, https:\/\/insideamateurfussball-ffm.de\/wp-content\/uploads\/2025\/10\/karbenfechenheim02-768x576.jpg 768w, https:\/\/insideamateurfussball-ffm.de\/wp-content\/uploads\/2025\/10\/karbenfechenheim02-1536x1152.jpg 1536w\" sizes=\"auto, (max-width: 2016px) 100vw, 2016px\" \/><figcaption id=\"caption-attachment-28367\" class=\"wp-caption-text\">Nach vier Niederlagen siegte der FC Karben beim FC Kosova. Foto: Archiv<\/figcaption><\/figure>\n<h4>FC Kosova &#8211; FC Karben 1:2 (1:2)<\/h4>\n<p><img loading=\"lazy\" decoding=\"async\" class=\"alignnone size-full wp-image-9\" src=\"http:\/\/insideamateurfussball-ffm.de\/wp-content\/uploads\/2021\/11\/Kosova.jpg\" alt=\"\" width=\"65\" height=\"80\" \/><img loading=\"lazy\" decoding=\"async\" class=\"alignnone size-full wp-image-2525\" src=\"http:\/\/insideamateurfussball-ffm.de\/wp-content\/uploads\/2022\/09\/karben.jpg\" alt=\"\" width=\"65\" height=\"80\" \/><\/p>\n<p>Spiel verloren, Torj\u00e4ger Flakron Thaci mit Verdacht auf Achillessehnenriss verloren, und zuletzt noch drei Spieler durch gelb-rote Karten verloren, Kosovas Trainer Erc\u00fcment Sahin war nach dem Spiel \u201esauer, sprachlos und traurig\u201c, vor allen Dingen auch \u00fcber die Schiedsrichterleistung gegen Ende der Partie. Die G\u00e4ste aus Karben, die nach 4 Niederlagen in Folge etwas den Anschluss nach oben verloren hatten, gingen in der 5.Minute durch ein Tor von Paul Pucher fr\u00fch in F\u00fchrung. Doch nur zwei Minuten sp\u00e4ter gelang Faton Ademi der Ausgleich zum 1:1, nach einer Flanke von Flakron Thaci war er per Kopf zur Stelle.<\/p>\n<p>In der 41.Minute war es erneut Pucher, der die G\u00e4ste mit 2:1 in F\u00fchrung brachte. Kurz vor der Halbzeit eine erste Entscheidung des Schiedsrichters, die Trainer Sahin bem\u00e4ngelte: \u201eFlakron l\u00e4uft auf das Tor zu und bekommt einen Tritt in die Achillessehne, der Schiedsrichter entscheidet auf Schwalbe und gelb, w\u00e4hrend unser Spieler mit dem Krankenwagen ins Krankenhaus gefahren werden muss mit Verdacht auf Riss der Achillessehne.\u201c<\/p>\n<p>Auch in der zweiten Halbzeit hatte die Mannschaft des FC Kosova mehrere Chancen zum Ausgleich, sogar in Unterzahl, denn in der 80.Minute bekam Faton Ademi erst die gelbe Karte, dann auf Nachfrage, warum er gelb gesehen habe, die gelb-rote Karte. In der ersten Minute der Nachspielzeit ereilte Isaac Ayew dasselbe Schicksal, auch er musste mit gelb-rot den Platz verlassen. Und damit nicht genug, der Schiedsrichter lie\u00df lange nachspielen und in der 11.Minute der Nachspielzeit verteilte er noch zwei gelbe Karten gegen den FC Kosova und schickte auch Denis Memedi mit gelb-rot vom Platz.<\/p>\n<p>Trainer Sahin: \u201ewir hatten weitestgehend die Spielkontrolle, haben aber vorne die Dinger nicht gemacht und dem Gegner durch eigene Fehler die Tore geschenkt. Es war ein faires Spiel, ich wei\u00df nicht, was wir verbrochen haben, dass uns die Schiedsrichter so bestrafen. Ich wei\u00df noch nicht, ob ich f\u00fcr das n\u00e4chste Spiel 11 Spieler habe, aber wir wollen auch da gewinnen, wir waren sieben Pflichtspiele lang ungeschlagen.\u201c Der FC Kosova muss am n\u00e4chsten Wochenende zur Spvgg. 03 Fechenheim, ehe vor der Winterpause noch das Spiel gegen den VfL Germania 94 folgt.<\/p>\n<h4>Schiedsrichter: Ehsan Amirian (1.SC Klarenthal). Zuschauer: 160.<\/h4>\n<h4>Tore: 0:1 Paul Pucher (5.), 1:1 Faton Ademi (7.), 1:2 Paul Pucher (41.)<\/h4>\n","protected":false},"excerpt":{"rendered":"<p>In einem fairen Spiel unterlag der FC Kosova dem FC Karben am Ende mit 1:2, in den letzten 20 Minuten sorgte der Schiedsrichter durch drei gelb-rote Karten f\u00fcr Missstimmung bei den Gastgebern. FC Kosova &#8211; FC Karben 1:2 (1:2) Spiel verloren, Torj\u00e4ger Flakron Thaci mit Verdacht auf Achillessehnenriss verloren, und zuletzt noch drei Spieler durch [&hellip;]<\/p>\n","protected":false},"author":3,"featured_media":28367,"comment_status":"closed","ping_status":"open","sticky":true,"template":"","format":"standard","meta":{"footnotes":""},"categories":[13],"tags":[],"class_list":["post-29460","post","type-post","status-publish","format-standard","has-post-thumbnail","hentry","category-gruppenliga-frankfurt-west"],"_links":{"self":[{"href":"https:\/\/insideamateurfussball-ffm.de\/index.php?rest_route=\/wp\/v2\/posts\/29460","targetHints":{"allow":["GET"]}}],"collection":[{"href":"https:\/\/insideamateurfussball-ffm.de\/index.php?rest_route=\/wp\/v2\/posts"}],"about":[{"href":"https:\/\/insideamateurfussball-ffm.de\/index.php?rest_route=\/wp\/v2\/types\/post"}],"author":[{"embeddable":true,"href":"https:\/\/insideamateurfussball-ffm.de\/index.php?rest_route=\/wp\/v2\/users\/3"}],"replies":[{"embeddable":true,"href":"https:\/\/insideamateurfussball-ffm.de\/index.php?rest_route=%2Fwp%2Fv2%2Fcomments&post=29460"}],"version-history":[{"count":2,"href":"https:\/\/insideamateurfussball-ffm.de\/index.php?rest_route=\/wp\/v2\/posts\/29460\/revisions"}],"predecessor-version":[{"id":29462,"href":"https:\/\/insideamateurfussball-ffm.de\/index.php?rest_route=\/wp\/v2\/posts\/29460\/revisions\/29462"}],"wp:featuredmedia":[{"embeddable":true,"href":"https:\/\/insideamateurfussball-ffm.de\/index.php?rest_route=\/wp\/v2\/media\/28367"}],"wp:attachment":[{"href":"https:\/\/insideamateurfussball-ffm.de\/index.php?rest_route=%2Fwp%2Fv2%2Fmedia&parent=29460"}],"wp:term":[{"taxonomy":"category","embeddable":true,"href":"https:\/\/insideamateurfussball-ffm.de\/index.php?rest_route=%2Fwp%2Fv2%2Fcategories&post=29460"},{"taxonomy":"post_tag","embeddable":true,"href":"https:\/\/insideamateurfussball-ffm.de\/index.php?rest_route=%2Fwp%2Fv2%2Ftags&post=29460"}],"curies":[{"name":"wp","href":"https:\/\/api.w.org\/{rel}","templated":true}]}}