{"id":29447,"date":"2025-11-17T18:42:10","date_gmt":"2025-11-17T17:42:10","guid":{"rendered":"https:\/\/insideamateurfussball-ffm.de\/?p=29447"},"modified":"2025-11-17T18:42:10","modified_gmt":"2025-11-17T17:42:10","slug":"oberrad-souveraen-gegen-wehrheim","status":"publish","type":"post","link":"https:\/\/insideamateurfussball-ffm.de\/?p=29447","title":{"rendered":"Oberrad souver\u00e4n gegen Wehrheim"},"content":{"rendered":"<h4>Die Spvgg. 05 Oberrad untermauert seine Ambitionen auf den Relegationsplatz und festigte Platz 2 mit einem souver\u00e4nen 3:1-Sieg gegen den Aufsteiger SG Wehrheim\/Pfaffenwiesbach.<\/h4>\n<figure id=\"attachment_29456\" aria-describedby=\"caption-attachment-29456\" style=\"width: 2016px\" class=\"wp-caption alignnone\"><img loading=\"lazy\" decoding=\"async\" class=\"wp-image-29456 size-full\" src=\"http:\/\/insideamateurfussball-ffm.de\/wp-content\/uploads\/2025\/11\/oberradwehrheim08.jpg\" alt=\"\" width=\"2016\" height=\"1512\" srcset=\"https:\/\/insideamateurfussball-ffm.de\/wp-content\/uploads\/2025\/11\/oberradwehrheim08.jpg 2016w, https:\/\/insideamateurfussball-ffm.de\/wp-content\/uploads\/2025\/11\/oberradwehrheim08-300x225.jpg 300w, https:\/\/insideamateurfussball-ffm.de\/wp-content\/uploads\/2025\/11\/oberradwehrheim08-1024x768.jpg 1024w, https:\/\/insideamateurfussball-ffm.de\/wp-content\/uploads\/2025\/11\/oberradwehrheim08-768x576.jpg 768w, https:\/\/insideamateurfussball-ffm.de\/wp-content\/uploads\/2025\/11\/oberradwehrheim08-1536x1152.jpg 1536w\" sizes=\"auto, (max-width: 2016px) 100vw, 2016px\" \/><figcaption id=\"caption-attachment-29456\" class=\"wp-caption-text\">Sergen Bajraktar war der Torsch\u00fctze zum 1.0 f\u00fcr die Spvgg. 05 Oberrad. Foto: MZ<\/figcaption><\/figure>\n<h4>Spvgg. 05 Oberrad &#8211; SG Wehrheim\/Pfaffenwiesbach 3:1 (1:0)<\/h4>\n<p><img loading=\"lazy\" decoding=\"async\" class=\"alignnone size-full wp-image-137\" src=\"http:\/\/insideamateurfussball-ffm.de\/wp-content\/uploads\/2022\/05\/Oberrad05.jpg\" alt=\"\" width=\"79\" height=\"80\" \/><img loading=\"lazy\" decoding=\"async\" class=\"alignnone size-full wp-image-27000\" src=\"http:\/\/insideamateurfussball-ffm.de\/wp-content\/uploads\/2025\/08\/logowehrheim.jpeg\" alt=\"\" width=\"80\" height=\"80\" \/><\/p>\n<p>Die Spvgg. 05 Oberrad ging als klarer Favorit in die Partie gegen die SG Wehrheim\/Pfaffenwiesbach, deren Trainer J\u00f6rg Loutchan vor dem Spiel konstatierte: \u201ewir sind derzeit nicht wettbewerbstauglich, weil wir heute sogar 8 Ausf\u00e4lle aus der Stammelf haben\u201c. Und Oberrad legte nach 5 Minuten Anlaufzeit los wie die Feuerwehr und erspielte sich Chance um Chance, in der 10.Minute war Sergen Bayraktar mit einem Kopfball zum 1:0 erfolgreich. Doch als es nach einer Viertelstunde immer noch \u201enur\u201c 1:0 stand, lie\u00dfen die Angriffe der Gastgeber nach und die G\u00e4ste aus Wehrheim, die viel eigenen Anhang mitgebracht hatten, kamen selbst zu ein\/zwei kleineren Chancen, die Oberrads Torh\u00fcter Paul Harbrecht aber nicht ins Schwitzen brachten. So ging es mit dem knappen 1:0 in die Pause.<\/p>\n<p>Auch nach der Pause \u00e4nderte sich das Bild nicht, Oberrad mit mehr Ballbesitz und Chancen, aber auch mit vielen Abspielfehlern im letzten Drittel. So musste ein Strafsto\u00df f\u00fcr die Vorentscheidung herhalten, in der 57.Minute verwandelte Ersan Rovcanin einen an ihn selbst verschuldeten Foulelfmeter zum 2:0. Die G\u00e4ste waren kurz konsterniert und Adrian Chao Alvarez k\u00f6pfte in der 61.Minute nach einem Eckball zum 3:0 in die Maschen. Wehrheim stemmte sich gegen eine h\u00f6here Niederlage mit viel Einsatz und wurde in der 90.Minute sogar mit dem Ehrentreffer belohnt, Maximilian Tichy tauchte nach einem Oberr\u00e4der Abwehrfehler frei vor Harbrecht auf und besorgte den 1:3-Endstand. Der Anhang der G\u00e4ste bedachte die Mannschaft nach dem Spiel mit viel Applaus.<\/p>\n<p>Oberrads Trainer Maximilian Schmidt nach dem Spiel: \u201ewir sind erst einmal happy, dass wir drei Punkte geholt haben. Ich glaube, das Spiel war am Ende einseitiger, als es das Ergebnis aussagt. H\u00e4tten wir am Anfang unsere Chancen besser genutzt, dann w\u00e4ren wir auch schneller dahingekommen, das Spiel zu entscheiden. Am Ende des Tages haben wir dann einen Elfmeter gebraucht, um das 2:0 zu machen und das Spiel zu entscheiden, das ist schon ein bisschen schade. Wir sind gl\u00fccklich, drei Punkte, das ist es, worauf es ankommt, und ich bin sehr zufrieden damit.\u201c<\/p>\n<p>In den letzten beiden Spielen vor der Winterpause gilt es, beim VfL Germania 94 und gegen den FC Olympia Fauerbach den zweiten Tabellenplatz zu festigen.<\/p>\n<h4>Schiedsrichter: Thomas Vogel (TSV Gro\u00dfen-Linden). Zuschauer: 80.<\/h4>\n<h4>Tore: 1:0 Sergen Bayraktar (10.), 2:0 Ersan Rovcanin (57., Elfmeter), 3:0 Adrian Chao Alvarez (61.), 3:1 Maximilian Tichy (90.)<\/h4>\n\n\n<figure class=\"wp-block-image size-large\"><img loading=\"lazy\" decoding=\"async\" width=\"1024\" height=\"768\" src=\"http:\/\/insideamateurfussball-ffm.de\/wp-content\/uploads\/2025\/11\/oberradwehrheim00-1024x768.jpg\" alt=\"\" class=\"wp-image-29448\" srcset=\"https:\/\/insideamateurfussball-ffm.de\/wp-content\/uploads\/2025\/11\/oberradwehrheim00-1024x768.jpg 1024w, https:\/\/insideamateurfussball-ffm.de\/wp-content\/uploads\/2025\/11\/oberradwehrheim00-300x225.jpg 300w, https:\/\/insideamateurfussball-ffm.de\/wp-content\/uploads\/2025\/11\/oberradwehrheim00-768x576.jpg 768w, https:\/\/insideamateurfussball-ffm.de\/wp-content\/uploads\/2025\/11\/oberradwehrheim00-1536x1152.jpg 1536w, https:\/\/insideamateurfussball-ffm.de\/wp-content\/uploads\/2025\/11\/oberradwehrheim00.jpg 2016w\" sizes=\"auto, (max-width: 1024px) 100vw, 1024px\" \/><\/figure>\n\n\n\n<figure class=\"wp-block-image size-large\"><img loading=\"lazy\" decoding=\"async\" width=\"1024\" height=\"768\" src=\"http:\/\/insideamateurfussball-ffm.de\/wp-content\/uploads\/2025\/11\/oberradwehrheim01-1024x768.jpg\" alt=\"\" class=\"wp-image-29449\" srcset=\"https:\/\/insideamateurfussball-ffm.de\/wp-content\/uploads\/2025\/11\/oberradwehrheim01-1024x768.jpg 1024w, https:\/\/insideamateurfussball-ffm.de\/wp-content\/uploads\/2025\/11\/oberradwehrheim01-300x225.jpg 300w, https:\/\/insideamateurfussball-ffm.de\/wp-content\/uploads\/2025\/11\/oberradwehrheim01-768x576.jpg 768w, https:\/\/insideamateurfussball-ffm.de\/wp-content\/uploads\/2025\/11\/oberradwehrheim01-1536x1152.jpg 1536w, https:\/\/insideamateurfussball-ffm.de\/wp-content\/uploads\/2025\/11\/oberradwehrheim01.jpg 2016w\" sizes=\"auto, (max-width: 1024px) 100vw, 1024px\" \/><\/figure>\n\n\n\n<figure class=\"wp-block-image size-large\"><img loading=\"lazy\" decoding=\"async\" width=\"1024\" height=\"768\" src=\"http:\/\/insideamateurfussball-ffm.de\/wp-content\/uploads\/2025\/11\/oberradwehrheim02-1024x768.jpg\" alt=\"\" class=\"wp-image-29450\" srcset=\"https:\/\/insideamateurfussball-ffm.de\/wp-content\/uploads\/2025\/11\/oberradwehrheim02-1024x768.jpg 1024w, https:\/\/insideamateurfussball-ffm.de\/wp-content\/uploads\/2025\/11\/oberradwehrheim02-300x225.jpg 300w, https:\/\/insideamateurfussball-ffm.de\/wp-content\/uploads\/2025\/11\/oberradwehrheim02-768x576.jpg 768w, https:\/\/insideamateurfussball-ffm.de\/wp-content\/uploads\/2025\/11\/oberradwehrheim02-1536x1152.jpg 1536w, https:\/\/insideamateurfussball-ffm.de\/wp-content\/uploads\/2025\/11\/oberradwehrheim02.jpg 2016w\" sizes=\"auto, (max-width: 1024px) 100vw, 1024px\" \/><\/figure>\n\n\n\n<figure class=\"wp-block-image size-large\"><img loading=\"lazy\" decoding=\"async\" width=\"1024\" height=\"768\" src=\"http:\/\/insideamateurfussball-ffm.de\/wp-content\/uploads\/2025\/11\/oberradwehrheim03-1024x768.jpg\" alt=\"\" class=\"wp-image-29451\" srcset=\"https:\/\/insideamateurfussball-ffm.de\/wp-content\/uploads\/2025\/11\/oberradwehrheim03-1024x768.jpg 1024w, https:\/\/insideamateurfussball-ffm.de\/wp-content\/uploads\/2025\/11\/oberradwehrheim03-300x225.jpg 300w, https:\/\/insideamateurfussball-ffm.de\/wp-content\/uploads\/2025\/11\/oberradwehrheim03-768x576.jpg 768w, https:\/\/insideamateurfussball-ffm.de\/wp-content\/uploads\/2025\/11\/oberradwehrheim03-1536x1152.jpg 1536w, https:\/\/insideamateurfussball-ffm.de\/wp-content\/uploads\/2025\/11\/oberradwehrheim03.jpg 2016w\" sizes=\"auto, (max-width: 1024px) 100vw, 1024px\" \/><\/figure>\n\n\n\n<figure class=\"wp-block-image size-large\"><img loading=\"lazy\" decoding=\"async\" width=\"1024\" height=\"768\" src=\"http:\/\/insideamateurfussball-ffm.de\/wp-content\/uploads\/2025\/11\/oberradwehrheim04-1024x768.jpg\" alt=\"\" class=\"wp-image-29452\" srcset=\"https:\/\/insideamateurfussball-ffm.de\/wp-content\/uploads\/2025\/11\/oberradwehrheim04-1024x768.jpg 1024w, https:\/\/insideamateurfussball-ffm.de\/wp-content\/uploads\/2025\/11\/oberradwehrheim04-300x225.jpg 300w, https:\/\/insideamateurfussball-ffm.de\/wp-content\/uploads\/2025\/11\/oberradwehrheim04-768x576.jpg 768w, https:\/\/insideamateurfussball-ffm.de\/wp-content\/uploads\/2025\/11\/oberradwehrheim04-1536x1152.jpg 1536w, https:\/\/insideamateurfussball-ffm.de\/wp-content\/uploads\/2025\/11\/oberradwehrheim04.jpg 2016w\" sizes=\"auto, (max-width: 1024px) 100vw, 1024px\" \/><\/figure>\n\n\n\n<figure class=\"wp-block-image size-large\"><img loading=\"lazy\" decoding=\"async\" width=\"1024\" height=\"768\" src=\"http:\/\/insideamateurfussball-ffm.de\/wp-content\/uploads\/2025\/11\/oberradwehrheim05-1024x768.jpg\" alt=\"\" class=\"wp-image-29453\" srcset=\"https:\/\/insideamateurfussball-ffm.de\/wp-content\/uploads\/2025\/11\/oberradwehrheim05-1024x768.jpg 1024w, https:\/\/insideamateurfussball-ffm.de\/wp-content\/uploads\/2025\/11\/oberradwehrheim05-300x225.jpg 300w, https:\/\/insideamateurfussball-ffm.de\/wp-content\/uploads\/2025\/11\/oberradwehrheim05-768x576.jpg 768w, https:\/\/insideamateurfussball-ffm.de\/wp-content\/uploads\/2025\/11\/oberradwehrheim05-1536x1152.jpg 1536w, https:\/\/insideamateurfussball-ffm.de\/wp-content\/uploads\/2025\/11\/oberradwehrheim05.jpg 2016w\" sizes=\"auto, (max-width: 1024px) 100vw, 1024px\" \/><\/figure>\n\n\n\n<figure class=\"wp-block-image size-large\"><img loading=\"lazy\" decoding=\"async\" width=\"1024\" height=\"768\" src=\"http:\/\/insideamateurfussball-ffm.de\/wp-content\/uploads\/2025\/11\/oberradwehrheim09-1024x768.jpg\" alt=\"\" class=\"wp-image-29457\" srcset=\"https:\/\/insideamateurfussball-ffm.de\/wp-content\/uploads\/2025\/11\/oberradwehrheim09-1024x768.jpg 1024w, https:\/\/insideamateurfussball-ffm.de\/wp-content\/uploads\/2025\/11\/oberradwehrheim09-300x225.jpg 300w, https:\/\/insideamateurfussball-ffm.de\/wp-content\/uploads\/2025\/11\/oberradwehrheim09-768x576.jpg 768w, https:\/\/insideamateurfussball-ffm.de\/wp-content\/uploads\/2025\/11\/oberradwehrheim09-1536x1152.jpg 1536w, https:\/\/insideamateurfussball-ffm.de\/wp-content\/uploads\/2025\/11\/oberradwehrheim09.jpg 2016w\" sizes=\"auto, (max-width: 1024px) 100vw, 1024px\" \/><\/figure>\n","protected":false},"excerpt":{"rendered":"<p>Die Spvgg. 05 Oberrad untermauert seine Ambitionen auf den Relegationsplatz und festigte Platz 2 mit einem souver\u00e4nen 3:1-Sieg gegen den Aufsteiger SG Wehrheim\/Pfaffenwiesbach. Spvgg. 05 Oberrad &#8211; SG Wehrheim\/Pfaffenwiesbach 3:1 (1:0) Die Spvgg. 05 Oberrad ging als klarer Favorit in die Partie gegen die SG Wehrheim\/Pfaffenwiesbach, deren Trainer J\u00f6rg Loutchan vor dem Spiel konstatierte: \u201ewir [&hellip;]<\/p>\n","protected":false},"author":3,"featured_media":29456,"comment_status":"closed","ping_status":"open","sticky":true,"template":"","format":"standard","meta":{"footnotes":""},"categories":[13],"tags":[],"class_list":["post-29447","post","type-post","status-publish","format-standard","has-post-thumbnail","hentry","category-gruppenliga-frankfurt-west"],"_links":{"self":[{"href":"https:\/\/insideamateurfussball-ffm.de\/index.php?rest_route=\/wp\/v2\/posts\/29447","targetHints":{"allow":["GET"]}}],"collection":[{"href":"https:\/\/insideamateurfussball-ffm.de\/index.php?rest_route=\/wp\/v2\/posts"}],"about":[{"href":"https:\/\/insideamateurfussball-ffm.de\/index.php?rest_route=\/wp\/v2\/types\/post"}],"author":[{"embeddable":true,"href":"https:\/\/insideamateurfussball-ffm.de\/index.php?rest_route=\/wp\/v2\/users\/3"}],"replies":[{"embeddable":true,"href":"https:\/\/insideamateurfussball-ffm.de\/index.php?rest_route=%2Fwp%2Fv2%2Fcomments&post=29447"}],"version-history":[{"count":2,"href":"https:\/\/insideamateurfussball-ffm.de\/index.php?rest_route=\/wp\/v2\/posts\/29447\/revisions"}],"predecessor-version":[{"id":29459,"href":"https:\/\/insideamateurfussball-ffm.de\/index.php?rest_route=\/wp\/v2\/posts\/29447\/revisions\/29459"}],"wp:featuredmedia":[{"embeddable":true,"href":"https:\/\/insideamateurfussball-ffm.de\/index.php?rest_route=\/wp\/v2\/media\/29456"}],"wp:attachment":[{"href":"https:\/\/insideamateurfussball-ffm.de\/index.php?rest_route=%2Fwp%2Fv2%2Fmedia&parent=29447"}],"wp:term":[{"taxonomy":"category","embeddable":true,"href":"https:\/\/insideamateurfussball-ffm.de\/index.php?rest_route=%2Fwp%2Fv2%2Fcategories&post=29447"},{"taxonomy":"post_tag","embeddable":true,"href":"https:\/\/insideamateurfussball-ffm.de\/index.php?rest_route=%2Fwp%2Fv2%2Ftags&post=29447"}],"curies":[{"name":"wp","href":"https:\/\/api.w.org\/{rel}","templated":true}]}}