{"id":29441,"date":"2025-11-17T18:25:41","date_gmt":"2025-11-17T17:25:41","guid":{"rendered":"https:\/\/insideamateurfussball-ffm.de\/?p=29441"},"modified":"2025-11-17T18:25:41","modified_gmt":"2025-11-17T17:25:41","slug":"bosnien-mit-kantersieg-gegen-stierstadt","status":"publish","type":"post","link":"https:\/\/insideamateurfussball-ffm.de\/?p=29441","title":{"rendered":"Bosnien mit Kantersieg gegen Stierstadt"},"content":{"rendered":"<h4>Der SV Bosnien\/Herzegowina ist in der Gruppenliga auf dem Weg in die Verbandsliga einfach nicht zu bremsen und schickte den Tabellensiebten FV Stierstadt mit einer 6:1-Packung nach Hause.<\/h4>\n<figure id=\"attachment_29240\" aria-describedby=\"caption-attachment-29240\" style=\"width: 886px\" class=\"wp-caption alignnone\"><img loading=\"lazy\" decoding=\"async\" class=\"wp-image-29240 size-full\" src=\"http:\/\/insideamateurfussball-ffm.de\/wp-content\/uploads\/2025\/11\/bosn-kai3.jpg\" alt=\"\" width=\"886\" height=\"631\" srcset=\"https:\/\/insideamateurfussball-ffm.de\/wp-content\/uploads\/2025\/11\/bosn-kai3.jpg 886w, https:\/\/insideamateurfussball-ffm.de\/wp-content\/uploads\/2025\/11\/bosn-kai3-300x214.jpg 300w, https:\/\/insideamateurfussball-ffm.de\/wp-content\/uploads\/2025\/11\/bosn-kai3-768x547.jpg 768w\" sizes=\"auto, (max-width: 886px) 100vw, 886px\" \/><figcaption id=\"caption-attachment-29240\" class=\"wp-caption-text\">Die Mannschaft des SV Bosnien\/Herzegowina ist weiter auf dem Vormarsch in die Verbandsliga. Foto: Archiv: Mithat G\u00fcrser<\/figcaption><\/figure>\n<h4>SV Bosnien\/Herzegowina &#8211; FV Stierstadt 6:1 (2:0)<\/h4>\n<p><img loading=\"lazy\" decoding=\"async\" class=\"alignnone size-full wp-image-139\" src=\"http:\/\/insideamateurfussball-ffm.de\/wp-content\/uploads\/2022\/05\/Bosnien.jpg\" alt=\"\" width=\"79\" height=\"80\" \/><img loading=\"lazy\" decoding=\"async\" class=\"alignnone size-full wp-image-3054\" src=\"http:\/\/insideamateurfussball-ffm.de\/wp-content\/uploads\/2022\/10\/Stierstadt.png\" alt=\"\" width=\"80\" height=\"80\" \/><\/p>\n<p>Derzeit ist der SV Bosnien\/Herzegowina nicht zu stoppen und f\u00fchrt auch nach dem ersten Spieltag der R\u00fcckrunde die Tabelle mit 10 Punkten Vorsprung vor Oberrad an. \u00a0Wer gehofft hatte, dass der FV Stierstadt vielleicht ein Stolperstein sein k\u00f6nnte, sah sich get\u00e4uscht, zu eindeutig und \u00fcberlegen agierte der Tabellenf\u00fchrer und schoss auch 6 Tore. Es dauerte bis zur 31.Minute, ehe Almir Ziga per Kopf nach einer guten Hereingabe die F\u00fchrung erzielen konnte, und nach einem Pfostenschuss von Almir Derdemez in der 37.Minute erh\u00f6hte Boubacar Dialiba Diabang nach einer Ecke ebenfalls per Kopf in der 42.Minute zum 2:0-Pausenstand.<\/p>\n<p>Nach der Pause sorgten die Bosnier schnell f\u00fcr klare Verh\u00e4ltnisse, Hamza Reko in der 47.Minute und Torj\u00e4ger Almir Derdemez in der 54.Minute erh\u00f6hten auf 4:0, wonach Trainer Amir Mustafic wieder einige Wechsel vornehmen konnte. Und zwei eingewechselte Spieler schraubten das Ergebnis dann auf 6:0, erst war Kapit\u00e4n Adis Hasecic in der 66.Minute zum 5:0 erfolgreich, dann konnte sich auch Secouba Diatta in der 82.Minute in die Torsch\u00fctzenliste eintragen lassen, 6 Tore, 6 verschiedene Torsch\u00fctzen, das zeigt auch die Breite und Torgef\u00e4hrlichkeit des gesamten Kaders. In der 90.Minute konnte Stierstadt dann durch Davide Pedergnana noch den Ehrentreffer zum 1:6 erzielen.<\/p>\n<p>Bosniens Pressesprecher Admir Malohodzic war wieder einmal voll des Lobes \u00fcber seine Mannschaft: \u201ewir waren in allen Belangen \u00fcberlegen und waren einfach zu stark f\u00fcr den Gegner. Es ist immer wieder schwierig, die Spannung in der Mannschaft aufrechtzuerhalten, aber wir haben Respekt vor jedem Gegner und hoffen, dass es so weiter geht.\u201c Vor der Winterpause warten jetzt noch zwei Spiele auf die Bosnier, am n\u00e4chsten Sonntag ist man zu Gast bei der FSG Burg-Gr\u00e4fenrode, ehe es Ende November gegen die Spvgg. 03 Fechenheim geht.<\/p>\n<h4>Schiedsrichter: Niklas L\u00f6hr (Baudach). Zuschauer: 110.<\/h4>\n<h4>Tore: 1:0 Almir Ziga (31.), 2:0 Boubacar Dialiba Diabang (42.), 3:0 Hamza Reko (47.), 4:0 Almir Derdemez (54.), 5:0 Adis Hasecic (66.), 6:0 Secouba Diatta (82.), 6:1 Davide Pedergnana (90.)<\/h4>\n","protected":false},"excerpt":{"rendered":"<p>Der SV Bosnien\/Herzegowina ist in der Gruppenliga auf dem Weg in die Verbandsliga einfach nicht zu bremsen und schickte den Tabellensiebten FV Stierstadt mit einer 6:1-Packung nach Hause. SV Bosnien\/Herzegowina &#8211; FV Stierstadt 6:1 (2:0) Derzeit ist der SV Bosnien\/Herzegowina nicht zu stoppen und f\u00fchrt auch nach dem ersten Spieltag der R\u00fcckrunde die Tabelle mit [&hellip;]<\/p>\n","protected":false},"author":3,"featured_media":29240,"comment_status":"closed","ping_status":"open","sticky":true,"template":"","format":"standard","meta":{"footnotes":""},"categories":[13],"tags":[],"class_list":["post-29441","post","type-post","status-publish","format-standard","has-post-thumbnail","hentry","category-gruppenliga-frankfurt-west"],"_links":{"self":[{"href":"https:\/\/insideamateurfussball-ffm.de\/index.php?rest_route=\/wp\/v2\/posts\/29441","targetHints":{"allow":["GET"]}}],"collection":[{"href":"https:\/\/insideamateurfussball-ffm.de\/index.php?rest_route=\/wp\/v2\/posts"}],"about":[{"href":"https:\/\/insideamateurfussball-ffm.de\/index.php?rest_route=\/wp\/v2\/types\/post"}],"author":[{"embeddable":true,"href":"https:\/\/insideamateurfussball-ffm.de\/index.php?rest_route=\/wp\/v2\/users\/3"}],"replies":[{"embeddable":true,"href":"https:\/\/insideamateurfussball-ffm.de\/index.php?rest_route=%2Fwp%2Fv2%2Fcomments&post=29441"}],"version-history":[{"count":2,"href":"https:\/\/insideamateurfussball-ffm.de\/index.php?rest_route=\/wp\/v2\/posts\/29441\/revisions"}],"predecessor-version":[{"id":29443,"href":"https:\/\/insideamateurfussball-ffm.de\/index.php?rest_route=\/wp\/v2\/posts\/29441\/revisions\/29443"}],"wp:featuredmedia":[{"embeddable":true,"href":"https:\/\/insideamateurfussball-ffm.de\/index.php?rest_route=\/wp\/v2\/media\/29240"}],"wp:attachment":[{"href":"https:\/\/insideamateurfussball-ffm.de\/index.php?rest_route=%2Fwp%2Fv2%2Fmedia&parent=29441"}],"wp:term":[{"taxonomy":"category","embeddable":true,"href":"https:\/\/insideamateurfussball-ffm.de\/index.php?rest_route=%2Fwp%2Fv2%2Fcategories&post=29441"},{"taxonomy":"post_tag","embeddable":true,"href":"https:\/\/insideamateurfussball-ffm.de\/index.php?rest_route=%2Fwp%2Fv2%2Ftags&post=29441"}],"curies":[{"name":"wp","href":"https:\/\/api.w.org\/{rel}","templated":true}]}}