{"id":29436,"date":"2025-11-17T16:16:32","date_gmt":"2025-11-17T15:16:32","guid":{"rendered":"https:\/\/insideamateurfussball-ffm.de\/?p=29436"},"modified":"2025-11-17T16:16:32","modified_gmt":"2025-11-17T15:16:32","slug":"zeilsheim-vergass-den-sack-zuzumachen","status":"publish","type":"post","link":"https:\/\/insideamateurfussball-ffm.de\/?p=29436","title":{"rendered":"Zeilsheim verga\u00df den Sack zuzumachen \u00a0"},"content":{"rendered":"<h4>Beim Tabellennachbarn TSF Heuchelheim kam der SV Zeilsheim nur zu einem 2:2-Unentschieden und konnte den Gegner in der Tabelle damit nicht \u00fcberholen, Zeilsheim bleibt weiter in Abstiegsn\u00f6ten.<\/h4>\n<figure id=\"attachment_29437\" aria-describedby=\"caption-attachment-29437\" style=\"width: 1636px\" class=\"wp-caption alignnone\"><img loading=\"lazy\" decoding=\"async\" class=\"wp-image-29437 size-full\" src=\"http:\/\/insideamateurfussball-ffm.de\/wp-content\/uploads\/2025\/11\/17-Andre-Fliess-erzielte-die-Fuehrung-fuer-seinen-SV.jpg\" alt=\"\" width=\"1636\" height=\"1072\" srcset=\"https:\/\/insideamateurfussball-ffm.de\/wp-content\/uploads\/2025\/11\/17-Andre-Fliess-erzielte-die-Fuehrung-fuer-seinen-SV.jpg 1636w, https:\/\/insideamateurfussball-ffm.de\/wp-content\/uploads\/2025\/11\/17-Andre-Fliess-erzielte-die-Fuehrung-fuer-seinen-SV-300x197.jpg 300w, https:\/\/insideamateurfussball-ffm.de\/wp-content\/uploads\/2025\/11\/17-Andre-Fliess-erzielte-die-Fuehrung-fuer-seinen-SV-1024x671.jpg 1024w, https:\/\/insideamateurfussball-ffm.de\/wp-content\/uploads\/2025\/11\/17-Andre-Fliess-erzielte-die-Fuehrung-fuer-seinen-SV-768x503.jpg 768w, https:\/\/insideamateurfussball-ffm.de\/wp-content\/uploads\/2025\/11\/17-Andre-Fliess-erzielte-die-Fuehrung-fuer-seinen-SV-1536x1006.jpg 1536w\" sizes=\"auto, (max-width: 1636px) 100vw, 1636px\" \/><figcaption id=\"caption-attachment-29437\" class=\"wp-caption-text\">Andre Flie\u00df erzielte die F\u00fchrung f\u00fcr seinen SV. Foto: Verein<\/figcaption><\/figure>\n<h4>TSF Heuchelheim &#8211; SV 1919 Zeilsheim \u2013 2:2 (1:0)<\/h4>\n<p><img loading=\"lazy\" decoding=\"async\" class=\"alignnone size-full wp-image-29438\" src=\"http:\/\/insideamateurfussball-ffm.de\/wp-content\/uploads\/2025\/11\/logoheuchelheim.png\" alt=\"\" width=\"80\" height=\"80\" \/><img loading=\"lazy\" decoding=\"async\" class=\"alignnone size-full wp-image-20302\" src=\"http:\/\/insideamateurfussball-ffm.de\/wp-content\/uploads\/2024\/08\/logo-zeilsheim.jpeg\" alt=\"\" width=\"68\" height=\"80\" \/><\/p>\n<p>(Heuchelheim, 16.11.2025). \u201eMit diesem Punkt k\u00f6nnen wir leben, auch wenn der Ausgleich erst in der Schlussphase fiel,&#8220; zog Peter Strauch, der Vorsitzende des SV, Positives aus dem Ausw\u00e4rtsspiel.\u00a0 &#8222;Wir haben auf einem tiefen Rasenplatz richtig gut dagegengehalten und die Mannschaft scheint den \u00a0Abstiegskampf angenommen zu haben.&#8220; <span style=\"font-size: revert; color: initial;\">In den ersten 45 Minuten bot sich zun\u00e4chst ein chanchenarmes Spiel. Zeilsheims beste Chancen ergaben sich f\u00fcr Andr\u00e9 Flie\u00df (16.), als er einen indirekten Freisto\u00df aus 8 m in die Mauer schoss. Kurz danach k\u00f6pfte Dominik Ortega Tapia eine Flanke ans Au\u00dfennetz. Mit dem Pausenpfiff (45.), die \u00fcberraschende F\u00fchrung der Gastgeber. Noel Mehari nutze die Freiheit im Strafraum und erzielte unbedr\u00e4ngt die F\u00fchrung.<\/span><\/p>\n<p>&#8222;Wir sind jedoch richtig gut aus der Halbzeitpause gekommen und haben viel Druck ausge\u00fcbt&#8220;, kommentierte Strauch den Start in die zweite Spielh\u00e4lfte. Dominik Ortega Tapia erzielte nach einer Flanke von Andr\u00e9 Flie\u00df das l\u00e4ngst verdiente 1:1\u00a0 (51.). Nur wenige Minuten sp\u00e4ter stellte Zeilsheims Spielf\u00fchrer Andr\u00e9 Flie\u00df auf 2:1, als er einen Pass von Dusan Crnomut mit der Hacke aus 5 m ins Tor bugsierte. Danach lie\u00dfen die Gr\u00fcnen gute Gelegenheiten durch Ortega, Kristijan Bejic sowie Takuto Tanaka aus und h\u00e4tten das Spiel fr\u00fchzeitig entscheiden k\u00f6nnen, was sich sp\u00e4ter r\u00e4chte. Einen Freisto\u00df am Strafraum drosch Janik Gross fulminant zum 2:2 in den Winkel (88.). Kommende Woche geht es f\u00fcr Zeilsheim zum SV Wiesbaden. &#8222;Da wollen wir ebenfalls Z\u00e4hlbares mitnehmen&#8220;, sagt Strauch.<\/p>\n<p>So spielte der SV: Paul Siegers, Mikael Neway (87. Asgar Said Saddah), Dominique Jordan, Dino Kurbegovic, Leonardo Bianco, Takuto Tanaka, Belal Dashti (70. Oliver Ruklic), Arian Selmani (80. Hiroki Torinomi), Andre Flie\u00df (K) (74. Kristijan Bejic), Dusan Crnomut, Dominik Ortega Tapia (84. Yannik Hennes Lacayo.<\/p>\n<h4>Tore: 1:0 Noel Mehari (45.), 1:1 Dominik Ortega Tapa (53.), 1:2 Andre Flies (56.) 2:2 Janik Gross (88.).<\/h4>\n<h4>Schiedsrichter: Hendrik Ernst.<\/h4>\n\n\n<p><\/p>\n","protected":false},"excerpt":{"rendered":"<p>Beim Tabellennachbarn TSF Heuchelheim kam der SV Zeilsheim nur zu einem 2:2-Unentschieden und konnte den Gegner in der Tabelle damit nicht \u00fcberholen, Zeilsheim bleibt weiter in Abstiegsn\u00f6ten. TSF Heuchelheim &#8211; SV 1919 Zeilsheim \u2013 2:2 (1:0) (Heuchelheim, 16.11.2025). \u201eMit diesem Punkt k\u00f6nnen wir leben, auch wenn der Ausgleich erst in der Schlussphase fiel,&#8220; zog Peter [&hellip;]<\/p>\n","protected":false},"author":3,"featured_media":29437,"comment_status":"closed","ping_status":"open","sticky":true,"template":"","format":"standard","meta":{"footnotes":""},"categories":[32],"tags":[],"class_list":["post-29436","post","type-post","status-publish","format-standard","has-post-thumbnail","hentry","category-verbandsliga-mitte"],"_links":{"self":[{"href":"https:\/\/insideamateurfussball-ffm.de\/index.php?rest_route=\/wp\/v2\/posts\/29436","targetHints":{"allow":["GET"]}}],"collection":[{"href":"https:\/\/insideamateurfussball-ffm.de\/index.php?rest_route=\/wp\/v2\/posts"}],"about":[{"href":"https:\/\/insideamateurfussball-ffm.de\/index.php?rest_route=\/wp\/v2\/types\/post"}],"author":[{"embeddable":true,"href":"https:\/\/insideamateurfussball-ffm.de\/index.php?rest_route=\/wp\/v2\/users\/3"}],"replies":[{"embeddable":true,"href":"https:\/\/insideamateurfussball-ffm.de\/index.php?rest_route=%2Fwp%2Fv2%2Fcomments&post=29436"}],"version-history":[{"count":2,"href":"https:\/\/insideamateurfussball-ffm.de\/index.php?rest_route=\/wp\/v2\/posts\/29436\/revisions"}],"predecessor-version":[{"id":29440,"href":"https:\/\/insideamateurfussball-ffm.de\/index.php?rest_route=\/wp\/v2\/posts\/29436\/revisions\/29440"}],"wp:featuredmedia":[{"embeddable":true,"href":"https:\/\/insideamateurfussball-ffm.de\/index.php?rest_route=\/wp\/v2\/media\/29437"}],"wp:attachment":[{"href":"https:\/\/insideamateurfussball-ffm.de\/index.php?rest_route=%2Fwp%2Fv2%2Fmedia&parent=29436"}],"wp:term":[{"taxonomy":"category","embeddable":true,"href":"https:\/\/insideamateurfussball-ffm.de\/index.php?rest_route=%2Fwp%2Fv2%2Fcategories&post=29436"},{"taxonomy":"post_tag","embeddable":true,"href":"https:\/\/insideamateurfussball-ffm.de\/index.php?rest_route=%2Fwp%2Fv2%2Ftags&post=29436"}],"curies":[{"name":"wp","href":"https:\/\/api.w.org\/{rel}","templated":true}]}}