{"id":29413,"date":"2025-11-17T15:08:55","date_gmt":"2025-11-17T14:08:55","guid":{"rendered":"https:\/\/insideamateurfussball-ffm.de\/?p=29413"},"modified":"2025-11-17T15:08:55","modified_gmt":"2025-11-17T14:08:55","slug":"kalbach-holt-punkt-in-ober-roden","status":"publish","type":"post","link":"https:\/\/insideamateurfussball-ffm.de\/?p=29413","title":{"rendered":"Kalbach holt Punkt in Ober-Roden"},"content":{"rendered":"<h4>Durch zwei Tore von Torj\u00e4ger Achraf Gara Ali startete der FC Kalbach mit einem 2:2-Unentschieden bei Germania Ober-Roden in die R\u00fcckrunde, vergab allerdings auch einen Elfmeter.<\/h4>\n<figure id=\"attachment_21731\" aria-describedby=\"caption-attachment-21731\" style=\"width: 2016px\" class=\"wp-caption alignnone\"><img loading=\"lazy\" decoding=\"async\" class=\"wp-image-21731 size-full\" src=\"http:\/\/insideamateurfussball-ffm.de\/wp-content\/uploads\/2024\/10\/kalbachoberrad07.jpg\" alt=\"\" width=\"2016\" height=\"1512\" srcset=\"https:\/\/insideamateurfussball-ffm.de\/wp-content\/uploads\/2024\/10\/kalbachoberrad07.jpg 2016w, https:\/\/insideamateurfussball-ffm.de\/wp-content\/uploads\/2024\/10\/kalbachoberrad07-300x225.jpg 300w, https:\/\/insideamateurfussball-ffm.de\/wp-content\/uploads\/2024\/10\/kalbachoberrad07-1024x768.jpg 1024w, https:\/\/insideamateurfussball-ffm.de\/wp-content\/uploads\/2024\/10\/kalbachoberrad07-768x576.jpg 768w, https:\/\/insideamateurfussball-ffm.de\/wp-content\/uploads\/2024\/10\/kalbachoberrad07-1536x1152.jpg 1536w\" sizes=\"auto, (max-width: 2016px) 100vw, 2016px\" \/><figcaption id=\"caption-attachment-21731\" class=\"wp-caption-text\">Torj\u00e4ger Achraf Gara Ali trifft wieder, mit seinen zwei Toren bei Germania Ober-Roden sicherte er Kalbach ein Unentschieden. Foto: Archiv<\/figcaption><\/figure>\n<h4>Germania Ober-Roden &#8211; FC Kalbach 2:2 (1:1)<\/h4>\n<p><img loading=\"lazy\" decoding=\"async\" class=\"alignnone size-full wp-image-17592\" src=\"http:\/\/insideamateurfussball-ffm.de\/wp-content\/uploads\/2024\/03\/germania.jpeg\" alt=\"\" width=\"99\" height=\"96\" \/><img loading=\"lazy\" decoding=\"async\" class=\"alignnone size-full wp-image-16\" src=\"http:\/\/insideamateurfussball-ffm.de\/wp-content\/uploads\/2021\/11\/kalbach-wappen.jpg\" alt=\"\" width=\"80\" height=\"80\" \/><\/p>\n<p>Nach dem 1:1 am Donnerstag gegen Gro\u00df-Gerau holte der FC Kalbach zum Start der R\u00fcckrunde erneut einen Punkt, bei Germania Ober-Roden, gegen die man das Hinspiel noch mit 2:3 verloren hatte, gab es ein 2:2. Die Kalbacher kamen auf dem Rasen nur schwer ins Spiel, Ober-Roden war anfangs spielbestimmender und ging in der 27.Minute durch ein Tor von Abdulrahman Sancak mit 1:0 in F\u00fchrung, ein Sonntagsschuss am Sonntagnachmittag. Danach wurden die G\u00e4ste besser und erhielten in der 44.Minute einen Handelfmeter, Achraf Gara Ali, dem man anmerkte, dass nach seinem Tor am Donnerstag scheinbar der Knoten bei ihm geplatzt ist, verwandelte den Strafsto\u00df sicher zum Pausenstand von 1:1.<\/p>\n<p>Auch in die zweite Halbzeit starteten die Gastgeber besser und kamen fr\u00fch durch ein Tor von Marc Z\u00fcge zur erneuten F\u00fchrung von 2:1 (48.), er nutzte eine Unaufmerksamkeit der Kalbacher Abwehr. Trainer Aze Dine Zarioh reagierte und vollzog in der 56.Minute einen Dreifachwechsel, die abstiegsbedrohten G\u00e4ste aus Kalbach waren jetzt ebenb\u00fcrtig und erhielten in der 66.Minute erneut einen Elfmeter, Gara Ali trat wieder an, rutschte beim Versuch weg und schoss \u00fcber das Tor. Aber nur drei Minuten sp\u00e4ter machte der Goalgetter seinen Fehler wieder wett und erzielte den verdienten Ausgleich, bei dem es bis zum Schluss blieb, obwohl die G\u00e4ste bei einer Chance kurz vor dem Abpfiff knapp am Lucky Punch scheiterten.<\/p>\n<p>Vorstandsmitglied Manni Meyer war am Ende zufrieden: \u201eder Punkt ist am Ende verdient, die Mannschaft hat toll gespielt und alles gegeben.\u201c F\u00fcr die Kalbacher folgen bis zur Winterpause noch zwei Heimspiele, am n\u00e4chsten Sonntag geht es gegen den SV Pars Neu-Isenburg, ehe Ende November Tabellenf\u00fchrer Sportfreunde Seligenstadt zu Besuch ist. Zwischen den beiden Spielen findet am Mittwoch noch das Achtelfinale im Kreispokal beim FC Heisenrath Goldstein statt.<\/p>\n<h4>Schiedsrichter: Fabien Mink (TSV 05 Reichenbach). Zuschauer: 150.<\/h4>\n<h4>Tore: 1:0 Abdulrahman Sancak (27.), 1:1 Achraf Gara Ali (44., Elfmeter), 2:1 Marc Z\u00fcge (48.), 2:2 Achraf Gara Ali (69.)<\/h4>\n","protected":false},"excerpt":{"rendered":"<p>Durch zwei Tore von Torj\u00e4ger Achraf Gara Ali startete der FC Kalbach mit einem 2:2-Unentschieden bei Germania Ober-Roden in die R\u00fcckrunde, vergab allerdings auch einen Elfmeter. Germania Ober-Roden &#8211; FC Kalbach 2:2 (1:1) Nach dem 1:1 am Donnerstag gegen Gro\u00df-Gerau holte der FC Kalbach zum Start der R\u00fcckrunde erneut einen Punkt, bei Germania Ober-Roden, gegen [&hellip;]<\/p>\n","protected":false},"author":3,"featured_media":21731,"comment_status":"closed","ping_status":"open","sticky":true,"template":"","format":"standard","meta":{"footnotes":""},"categories":[10],"tags":[],"class_list":["post-29413","post","type-post","status-publish","format-standard","has-post-thumbnail","hentry","category-verbandsliga-sued"],"_links":{"self":[{"href":"https:\/\/insideamateurfussball-ffm.de\/index.php?rest_route=\/wp\/v2\/posts\/29413","targetHints":{"allow":["GET"]}}],"collection":[{"href":"https:\/\/insideamateurfussball-ffm.de\/index.php?rest_route=\/wp\/v2\/posts"}],"about":[{"href":"https:\/\/insideamateurfussball-ffm.de\/index.php?rest_route=\/wp\/v2\/types\/post"}],"author":[{"embeddable":true,"href":"https:\/\/insideamateurfussball-ffm.de\/index.php?rest_route=\/wp\/v2\/users\/3"}],"replies":[{"embeddable":true,"href":"https:\/\/insideamateurfussball-ffm.de\/index.php?rest_route=%2Fwp%2Fv2%2Fcomments&post=29413"}],"version-history":[{"count":2,"href":"https:\/\/insideamateurfussball-ffm.de\/index.php?rest_route=\/wp\/v2\/posts\/29413\/revisions"}],"predecessor-version":[{"id":29415,"href":"https:\/\/insideamateurfussball-ffm.de\/index.php?rest_route=\/wp\/v2\/posts\/29413\/revisions\/29415"}],"wp:featuredmedia":[{"embeddable":true,"href":"https:\/\/insideamateurfussball-ffm.de\/index.php?rest_route=\/wp\/v2\/media\/21731"}],"wp:attachment":[{"href":"https:\/\/insideamateurfussball-ffm.de\/index.php?rest_route=%2Fwp%2Fv2%2Fmedia&parent=29413"}],"wp:term":[{"taxonomy":"category","embeddable":true,"href":"https:\/\/insideamateurfussball-ffm.de\/index.php?rest_route=%2Fwp%2Fv2%2Fcategories&post=29413"},{"taxonomy":"post_tag","embeddable":true,"href":"https:\/\/insideamateurfussball-ffm.de\/index.php?rest_route=%2Fwp%2Fv2%2Ftags&post=29413"}],"curies":[{"name":"wp","href":"https:\/\/api.w.org\/{rel}","templated":true}]}}