{"id":29408,"date":"2025-11-14T17:30:00","date_gmt":"2025-11-14T16:30:00","guid":{"rendered":"https:\/\/insideamateurfussball-ffm.de\/?p=29408"},"modified":"2025-11-15T23:30:38","modified_gmt":"2025-11-15T22:30:38","slug":"nieder-eschbach-ringt-neun-posavina-spieler-nieder","status":"publish","type":"post","link":"https:\/\/insideamateurfussball-ffm.de\/?p=29408","title":{"rendered":"Nieder-Eschbach ringt neun Posavina-Spieler nieder"},"content":{"rendered":"<h5><span style=\"font-size: 16px;\">A-Ligist TuS Nieder-Eschbach hat das Viertelfinale im Kreispokal erreicht. Mit 4:2 nach Verl\u00e4ngerung wurde der klassenh\u00f6here Kreisoberligist FC Posavina aus dem Wettbewerb bef\u00f6rdert. Nicht ohne St\u00f6rger\u00e4usche, die den Schiedsrichter dazu veranlassten einen Sonderbericht nach zwei Platzverweisen f\u00fcr die G\u00e4ste zu verfassen.\u00a0<\/span><\/h5>\n<figure id=\"attachment_29409\" aria-describedby=\"caption-attachment-29409\" style=\"width: 150px\" class=\"wp-caption alignleft\"><img loading=\"lazy\" decoding=\"async\" class=\"wp-image-29409 size-thumbnail\" src=\"http:\/\/insideamateurfussball-ffm.de\/wp-content\/uploads\/2025\/11\/TuS-Nieder-Eschbach-150x150.jpg\" alt=\"\" width=\"150\" height=\"150\" \/><figcaption id=\"caption-attachment-29409\" class=\"wp-caption-text\">Archivbild: PA.\u00a0<\/figcaption><\/figure>\n<h5><span style=\"font-size: 16px;\">TuS Nieder-Eschbach &#8211; FC Posavina 4:2 nach Verl\u00e4ngerung (0:0\/2:2\/3:2)<\/span><\/h5>\n<p><img loading=\"lazy\" decoding=\"async\" class=\"alignnone size-full wp-image-3202\" src=\"http:\/\/insideamateurfussball-ffm.de\/wp-content\/uploads\/2022\/10\/nieder-eschb.png\" alt=\"\" width=\"57\" height=\"80\" \/><img loading=\"lazy\" decoding=\"async\" class=\"alignnone size-full wp-image-22\" src=\"http:\/\/insideamateurfussball-ffm.de\/wp-content\/uploads\/2021\/11\/posavina.jpg\" alt=\"\" width=\"63\" height=\"80\" \/><\/p>\n<p><span style=\"font-size: 16px;\">Der Tabellenzweite der A-Klasse Gruppe 2 bot dem Spitzenteam der Kreisoberliga Paroli, der nach Abzug eines Punktes aufgrund der Nichterf\u00fcllung des Schiedsrichter-Pflichtsolls auf Rang 3 der Kreisoberliga zur\u00fcckfiel. &#8222;Wir haben so agiert, wie man als Underdog gegen einen Favoriten spielen sollte&#8220;, berichtete Nieder-Eschbachs Trainer Michele Raimondi. So ging der Au\u00dfenseiter mit einem torlosen Remis in die Halbzeitpause. Nach dem Seitenwechsel markierte Posavina-Torj\u00e4ger Anto Arlovic die F\u00fchrung der G\u00e4ste unmittelbar nach Wiederanpfiff (46.). <\/span><\/p>\n<p><span style=\"font-size: 16px;\">Die Gastgeber egalisierten durch den erfahrenen St\u00fcrmer Alexandr Railean (55.), der einen Fehler von G\u00e4stekeeper Dario Iljazovic ausnutzte. Der lieferte dann aber mit einem Abschlag die perfekte Vorlage f\u00fcr Okan Tastan, der mit einem Lupfer zum 2:1 vollendete (67.). In der Schlussphase dezimierten sich die G\u00e4ste nach einem r\u00fcden Foulspiel im Mittelfeld an seinem Gegenspieler, der schmerzverzerrt liegen blieb, selbst. Die Folge war die Rote Karte gegen den \u00dcbelt\u00e4ter Antonio Milicevic (88.). <\/span><\/p>\n<p><span style=\"font-size: 16px;\">Dennoch stand Posavina in der Nachspielzeit kurz vor dem Weiterkommen, doch ein Handspiel im Strafraum f\u00fchrte zu einem Handelfmeter, den Railean zum Ausgleich nutzte (90.\/+3). Eine weitere Rote Karte gegen den Posavina-Akteur Daniel Filipovic (90.\/+6) lie\u00df die G\u00e4ste mit neun Mann in die Verl\u00e4ngerung gehen. Mit zwei Spielern mehr spielten die Gastgeber ihre \u00dcberlegenheit in den zus\u00e4tzlichen 30 Minuten aus und kamen nach den Toren von Jannik Lobenstein (97.) und Fidel Zegai (108.) eine Runde weiter. <\/span><\/p>\n<p><span style=\"font-size: 16px;\">Posavina-Pressesprecher Ante Pejic war sauer: &#8222;Nach dem gestrigen Spiel und dem Ausscheiden aus dem Pokal nach der Verl\u00e4ngerung\u2026 \u00fcber die Schiedsrichterleistung wollen wir gar nicht sprechen, es bringt nichts. Schauen wir lieber auf die positiven Momente.&#8220; Der Schiedsrichter von der SG Bornheim\/Gr\u00fcn-Wei\u00df, der namentlich nicht erw\u00e4hnt werden m\u00f6chte, gab an nach dem Spiel von Anh\u00e4ngern der G\u00e4ste bedroht worden zu sein. Nun muss sich das Kreissportgericht unter dem Vorsitz von Swaantje Dirks mit den Vorf\u00e4llen besch\u00e4ftigen.\u00a0<\/span><\/p>\n<p>\u00a0<\/p>\n\n\n<figure class=\"wp-block-pullquote\"><blockquote><p><strong>&#8222;\u00dcber die Schiedsrichterleistung wollen wir gar nicht sprechen, es bringt nichts.&#8220;<\/strong><\/p><cite><strong>Posavina-PresseWart Ante Pejic<\/strong><\/cite><\/blockquote><\/figure>\n\n\n<ul>\n<li><strong><span style=\"font-size: 16px;\">Schiedsrichter: Keine Angabe (SG Bornheim\/Gr\u00fcn-Wei\u00df). <\/span><\/strong><\/li>\n<li><strong><span style=\"font-size: 16px;\">Zuschauer: 60. <\/span><\/strong><\/li>\n<li><strong><span style=\"font-size: 16px;\">Tore: 0:1 Anto Arlovic (46.), 1:1 Alexandr Railean (55.), 1:2 Okan Tastan (67.), 2:2 Alexandr Railean (90.\/+3, Handelfmeter), 3:2 Jannik Lobenstein (97.), 4:2 Fidel Zegai (108.).\u00a0 \u00a0<\/span><\/strong><\/li>\n<\/ul>","protected":false},"excerpt":{"rendered":"<p>A-Ligist TuS Nieder-Eschbach hat das Viertelfinale im Kreispokal erreicht. Mit 4:2 nach Verl\u00e4ngerung wurde der klassenh\u00f6here Kreisoberligist FC Posavina aus dem Wettbewerb bef\u00f6rdert. Nicht ohne St\u00f6rger\u00e4usche, die den Schiedsrichter dazu veranlassten einen Sonderbericht nach zwei Platzverweisen f\u00fcr die G\u00e4ste zu verfassen.\u00a0 TuS Nieder-Eschbach &#8211; FC Posavina 4:2 nach Verl\u00e4ngerung (0:0\/2:2\/3:2) Der Tabellenzweite der A-Klasse Gruppe [&hellip;]<\/p>\n","protected":false},"author":1,"featured_media":29409,"comment_status":"closed","ping_status":"closed","sticky":true,"template":"","format":"standard","meta":{"footnotes":""},"categories":[9],"tags":[],"class_list":["post-29408","post","type-post","status-publish","format-standard","has-post-thumbnail","hentry","category-kreispokal"],"_links":{"self":[{"href":"https:\/\/insideamateurfussball-ffm.de\/index.php?rest_route=\/wp\/v2\/posts\/29408","targetHints":{"allow":["GET"]}}],"collection":[{"href":"https:\/\/insideamateurfussball-ffm.de\/index.php?rest_route=\/wp\/v2\/posts"}],"about":[{"href":"https:\/\/insideamateurfussball-ffm.de\/index.php?rest_route=\/wp\/v2\/types\/post"}],"author":[{"embeddable":true,"href":"https:\/\/insideamateurfussball-ffm.de\/index.php?rest_route=\/wp\/v2\/users\/1"}],"replies":[{"embeddable":true,"href":"https:\/\/insideamateurfussball-ffm.de\/index.php?rest_route=%2Fwp%2Fv2%2Fcomments&post=29408"}],"version-history":[{"count":1,"href":"https:\/\/insideamateurfussball-ffm.de\/index.php?rest_route=\/wp\/v2\/posts\/29408\/revisions"}],"predecessor-version":[{"id":29410,"href":"https:\/\/insideamateurfussball-ffm.de\/index.php?rest_route=\/wp\/v2\/posts\/29408\/revisions\/29410"}],"wp:featuredmedia":[{"embeddable":true,"href":"https:\/\/insideamateurfussball-ffm.de\/index.php?rest_route=\/wp\/v2\/media\/29409"}],"wp:attachment":[{"href":"https:\/\/insideamateurfussball-ffm.de\/index.php?rest_route=%2Fwp%2Fv2%2Fmedia&parent=29408"}],"wp:term":[{"taxonomy":"category","embeddable":true,"href":"https:\/\/insideamateurfussball-ffm.de\/index.php?rest_route=%2Fwp%2Fv2%2Fcategories&post=29408"},{"taxonomy":"post_tag","embeddable":true,"href":"https:\/\/insideamateurfussball-ffm.de\/index.php?rest_route=%2Fwp%2Fv2%2Ftags&post=29408"}],"curies":[{"name":"wp","href":"https:\/\/api.w.org\/{rel}","templated":true}]}}