{"id":29397,"date":"2025-11-15T18:31:08","date_gmt":"2025-11-15T17:31:08","guid":{"rendered":"https:\/\/insideamateurfussball-ffm.de\/?p=29397"},"modified":"2025-11-15T20:43:14","modified_gmt":"2025-11-15T19:43:14","slug":"rw-verliert-nach-12-tabellenfuehrung","status":"publish","type":"post","link":"https:\/\/insideamateurfussball-ffm.de\/?p=29397","title":{"rendered":"RW verliert nach 1:2 Tabellenf\u00fchrung"},"content":{"rendered":"<h4>Im Topspiel verlor Tabellenf\u00fchrer RW Frankfurt beim Tabellenzweiten, den Sportfreunden Seligenstadt, auf dem Kunstrasen mit 1:2 und damit auch die Tabellenf\u00fchrung an den Gegner.<\/h4>\n<figure id=\"attachment_29403\" aria-describedby=\"caption-attachment-29403\" style=\"width: 2016px\" class=\"wp-caption alignnone\"><img loading=\"lazy\" decoding=\"async\" class=\"wp-image-29403 size-full\" src=\"http:\/\/insideamateurfussball-ffm.de\/wp-content\/uploads\/2025\/11\/seligenstadtrw05.jpg\" alt=\"\" width=\"2016\" height=\"1512\" srcset=\"https:\/\/insideamateurfussball-ffm.de\/wp-content\/uploads\/2025\/11\/seligenstadtrw05.jpg 2016w, https:\/\/insideamateurfussball-ffm.de\/wp-content\/uploads\/2025\/11\/seligenstadtrw05-300x225.jpg 300w, https:\/\/insideamateurfussball-ffm.de\/wp-content\/uploads\/2025\/11\/seligenstadtrw05-1024x768.jpg 1024w, https:\/\/insideamateurfussball-ffm.de\/wp-content\/uploads\/2025\/11\/seligenstadtrw05-768x576.jpg 768w, https:\/\/insideamateurfussball-ffm.de\/wp-content\/uploads\/2025\/11\/seligenstadtrw05-1536x1152.jpg 1536w\" sizes=\"auto, (max-width: 2016px) 100vw, 2016px\" \/><figcaption id=\"caption-attachment-29403\" class=\"wp-caption-text\">Die Sportfreunde Seligenstadt feierten nach dem Sieg gegen RW Frankfurt die Tabellenf\u00fchrung. Foto: MZ<\/figcaption><\/figure>\n<h4>Sportfreunde Seligenstadt &#8211; RW Frankfurt 2:1 (1:0)<\/h4>\n<p><img loading=\"lazy\" decoding=\"async\" class=\"alignnone size-full wp-image-2324\" src=\"http:\/\/insideamateurfussball-ffm.de\/wp-content\/uploads\/2022\/08\/Seligen.jpg\" alt=\"\" width=\"72\" height=\"80\" \/><img loading=\"lazy\" decoding=\"async\" class=\"alignnone size-full wp-image-4032\" src=\"http:\/\/insideamateurfussball-ffm.de\/wp-content\/uploads\/2022\/11\/rot-weiss.png\" alt=\"\" width=\"80\" height=\"70\" \/><\/p>\n<p>Schon vor dem Spitzenspiel der Sportfreunde Seligenstadt gegen RW Frankfurt gab es hitzige Diskussionen, da als Spielort der Kunstrasenplatz eingetragen war, wollten die Frankfurter auch auf dem Kunstrasen spielen. Wie uns Seligenstadts Trainer Nico Wegmann nach dem Spiel mitteilte, wird immer der Kunstrasenplatz eingetragen, um diesen zu blockieren, damit nicht auf beiden Pl\u00e4tzen nebeneinander gleichzeitig Spiele stattfinden.<\/p>\n<p>Die Frankfurter begannen \u00fcberlegen auf dem gewohnten Untergrund, schon in der 3.Minute klatschte ein Schuss von Towa Itamoto an die Querlatte und in der 6.Minute konnte Seligenstadts Torh\u00fcter Ricardo D\u00f6bert einen Schuss von Alexander Koziolek gerade noch zur Ecke abwehren. Die erste Viertelstunde geh\u00f6rte klar den G\u00e4sten, danach entwickelte sich so etwas wie Standfu\u00dfball, die Gastgeber zogen sich mit 11 Mann weit in die eigene H\u00e4lfte zur\u00fcck und hatten kein Interesse an Aktionen, w\u00e4hrend RW den Ball hintenrum spielte und versuchte, Seligenstadt aus der Reserve zu locken, von Seligenst\u00e4dter Seite kamen Rufe: \u201edenen f\u00e4llt nichts ein.\u201c<\/p>\n<p>Zwei\/drei Mal versuchte Seligenstadt mit Kontern \u00fcber ihre schnellen St\u00fcrmer zum Erfolg zu kommen, in der 37.Minute schoss Marvin Heinz knapp am Tor vorbei. Danach schenkten sich die G\u00e4ste das 0:1 fast selbst ein, Torwart Daniel Zeaiter spielte im Aufbau den Ball nach au\u00dfen, der R\u00fcckpass ging am Torh\u00fcter vorbei und Egson Gashi sagte in der 38.Minute \u201eDanke\u201c und schob den Ball ins leere Tor. So ging es mit einem gl\u00fccklichen 1:0 f\u00fcr Seligenstadt in die Pause, w\u00e4hrend f\u00fcr die spielstarken G\u00e4ste das Gegentor ein Nackenschlag war.<\/p>\n<p>In der zweiten Halbzeit agierte Seligenstadt offensiver, man hatte das Gef\u00fchl, sie wollten jetzt die Entscheidung erzwingen, in der 56.Minute konnte Zeaiter per Fussabwehr eine Gro\u00dfchance der Gastgeber vereiteln. Aber wie im Hinspiel vor gut drei Wochen offenbarten sich bei den Frankfurtern gegen die gro\u00dfgewachsenen und robusten Seligenst\u00e4dter Spieler Schw\u00e4chen bei Standards, nach einer Ecke in der 58.Minute fiel dann das 2:0. Robin Weber kam aus 8 Metern nach der Hereingabe zum Kopfball und erneut Gashi staubte zwei Meter vor dem Tor ab und dr\u00fcckte den Ball \u00fcber die Linie.<\/p>\n<p>Nach einigen Wechseln auf Frankfurter Seite drehte sich das Spiel wieder und von Seligenstadt war kaum noch etwas zu sehen, in der 77.Minute entschied der Schiedsrichter auf Foulelfmeter f\u00fcr Rot-Wei\u00df. Koziolek lie\u00df sich die Chance nicht nehmen und verk\u00fcrzte auf 1:2, und in der 81.Minute vereitelte Seligenstadts Torh\u00fcter D\u00f6bert nach einem Kopfball von Joel Manuel Tabury Mensah mit einer Glanzparade den Ausgleich. Trotz etlicher Bem\u00fchungen gelang den G\u00e4sten kein Treffer mehr, im Gegenteil, sie verloren in der dritten Minute der Nachspielzeit noch Sinan Salih durch eine unn\u00f6tige rote Karte, Salih wollte von rechts weit au\u00dfen einen Freisto\u00df in den Strafraum schlagen, spielte dann den Ball aber zum im Mittelkreis stehenden Torh\u00fcter Zeaiter, dessen R\u00fcckpass auf Salih zu kurz ausfiel, den dazwischen sprintenden Seligenst\u00e4dter erwischte Salih dann per Foul und wurde wegen Notbremse vom Platz gestellt. Den Sieg und die Tabellenf\u00fchrung feierten die Gastgeber enthusiastisch, sie liegen jetzt zwei vor Punkte vor den Rot-Wei\u00dfen und haben auch das direkte Duell gewonnen.<\/p>\n<p>RW Trainer Ibo Cigdem nach dem Spiel: \u201ewir sind sehr gut ins Spiel gekommen bis zum Gegentor, leider haben wir zu viel drin, mit dem wir den Gegner stark machen, das geh\u00f6rt auch zu dem Lernprozess, Spieler in dem Alter m\u00fcssen diesen einen Fehler machen. Das ist schwierig gegen solche Mannschaften, wir k\u00f6nnen immer wieder anlaufen, man kann aber nicht immer wieder ein 1:0 aufholen. Wir m\u00fcssen uns damit besch\u00e4ftigen, dass wir dem Gegner nicht aus dem Nichts etwas herschenken. Das ist ein Reifeprozess f\u00fcr das Gesamtpaket, wenn wir das ablegen, werden wir noch eine gewisse Klasse st\u00e4rker. Leider haben wir das 2:2 nicht gemacht, jetzt hei\u00dft es Mund abputzen und weiter geht es n\u00e4chste Woche.\u201c<\/p>\n<p>Seligenstadts Trainer Nico Wegmann, der bereits vor dem Spiel den Wunsch auf ein Statement nach dem Spiel ge\u00e4u\u00dfert hatte, sagte: \u201ees wurde jetzt genug thematisiert, wir freuen uns nach dem Spiel auf den Sieg, wir haben anscheinend destruktiv gespielt und haben es leidenschaftlich verteidigt. Wir sind \u00fcber die Standards gekommen und haben die Tore gemacht. Das war der Unterschied, egal, wie die Intensit\u00e4t war. Es war ein bisschen \u00e4rgerlich, dass man davor abspricht, das Spiel auf dem Rasen stattfinden zu lassen, und es dann auf den Kunstrasen zu verlegen am Spieltag, aber es ist, wie es ist, drei Punkte.\u201c<\/p>\n<p>Vor der Winterpause warten auf die Rot-Wei\u00dfen jetzt noch die schweren Spiele beim SC Dortelweil und gegen RW Darmstadt.<\/p>\n<h4>Schiedsrichter: Simon Henninger (TuS Hornau). Zuschauer:200.<\/h4>\n<h4>Tore: 1:0 Egson Gashi (38.), 2:0 Egson Gashi (58.), 2:1 Alexander Koziolek (78., Elfmeter)<\/h4>\n\n\n<figure class=\"wp-block-image size-large\"><img loading=\"lazy\" decoding=\"async\" width=\"1024\" height=\"768\" src=\"http:\/\/insideamateurfussball-ffm.de\/wp-content\/uploads\/2025\/11\/seligenstadtrw00-1024x768.jpg\" alt=\"\" class=\"wp-image-29398\" srcset=\"https:\/\/insideamateurfussball-ffm.de\/wp-content\/uploads\/2025\/11\/seligenstadtrw00-1024x768.jpg 1024w, https:\/\/insideamateurfussball-ffm.de\/wp-content\/uploads\/2025\/11\/seligenstadtrw00-300x225.jpg 300w, https:\/\/insideamateurfussball-ffm.de\/wp-content\/uploads\/2025\/11\/seligenstadtrw00-768x576.jpg 768w, https:\/\/insideamateurfussball-ffm.de\/wp-content\/uploads\/2025\/11\/seligenstadtrw00-1536x1152.jpg 1536w, https:\/\/insideamateurfussball-ffm.de\/wp-content\/uploads\/2025\/11\/seligenstadtrw00.jpg 2016w\" sizes=\"auto, (max-width: 1024px) 100vw, 1024px\" \/><\/figure>\n\n\n\n<figure class=\"wp-block-image size-large\"><img loading=\"lazy\" decoding=\"async\" width=\"1024\" height=\"768\" src=\"http:\/\/insideamateurfussball-ffm.de\/wp-content\/uploads\/2025\/11\/seligenstadtrw01-1024x768.jpg\" alt=\"\" class=\"wp-image-29399\" srcset=\"https:\/\/insideamateurfussball-ffm.de\/wp-content\/uploads\/2025\/11\/seligenstadtrw01-1024x768.jpg 1024w, https:\/\/insideamateurfussball-ffm.de\/wp-content\/uploads\/2025\/11\/seligenstadtrw01-300x225.jpg 300w, https:\/\/insideamateurfussball-ffm.de\/wp-content\/uploads\/2025\/11\/seligenstadtrw01-768x576.jpg 768w, https:\/\/insideamateurfussball-ffm.de\/wp-content\/uploads\/2025\/11\/seligenstadtrw01-1536x1152.jpg 1536w, https:\/\/insideamateurfussball-ffm.de\/wp-content\/uploads\/2025\/11\/seligenstadtrw01.jpg 2016w\" sizes=\"auto, (max-width: 1024px) 100vw, 1024px\" \/><\/figure>\n\n\n\n<figure class=\"wp-block-image size-large\"><img loading=\"lazy\" decoding=\"async\" width=\"1024\" height=\"768\" src=\"http:\/\/insideamateurfussball-ffm.de\/wp-content\/uploads\/2025\/11\/seligenstadtrw02-1024x768.jpg\" alt=\"\" class=\"wp-image-29400\" srcset=\"https:\/\/insideamateurfussball-ffm.de\/wp-content\/uploads\/2025\/11\/seligenstadtrw02-1024x768.jpg 1024w, https:\/\/insideamateurfussball-ffm.de\/wp-content\/uploads\/2025\/11\/seligenstadtrw02-300x225.jpg 300w, https:\/\/insideamateurfussball-ffm.de\/wp-content\/uploads\/2025\/11\/seligenstadtrw02-768x576.jpg 768w, https:\/\/insideamateurfussball-ffm.de\/wp-content\/uploads\/2025\/11\/seligenstadtrw02-1536x1152.jpg 1536w, https:\/\/insideamateurfussball-ffm.de\/wp-content\/uploads\/2025\/11\/seligenstadtrw02.jpg 2016w\" sizes=\"auto, (max-width: 1024px) 100vw, 1024px\" \/><\/figure>\n\n\n\n<figure class=\"wp-block-image size-large\"><img loading=\"lazy\" decoding=\"async\" width=\"1024\" height=\"768\" src=\"http:\/\/insideamateurfussball-ffm.de\/wp-content\/uploads\/2025\/11\/seligenstadtrw03-1024x768.jpg\" alt=\"\" class=\"wp-image-29401\" srcset=\"https:\/\/insideamateurfussball-ffm.de\/wp-content\/uploads\/2025\/11\/seligenstadtrw03-1024x768.jpg 1024w, https:\/\/insideamateurfussball-ffm.de\/wp-content\/uploads\/2025\/11\/seligenstadtrw03-300x225.jpg 300w, https:\/\/insideamateurfussball-ffm.de\/wp-content\/uploads\/2025\/11\/seligenstadtrw03-768x576.jpg 768w, https:\/\/insideamateurfussball-ffm.de\/wp-content\/uploads\/2025\/11\/seligenstadtrw03-1536x1152.jpg 1536w, https:\/\/insideamateurfussball-ffm.de\/wp-content\/uploads\/2025\/11\/seligenstadtrw03.jpg 2016w\" sizes=\"auto, (max-width: 1024px) 100vw, 1024px\" \/><\/figure>\n\n\n\n<figure class=\"wp-block-image size-large\"><img loading=\"lazy\" decoding=\"async\" width=\"1024\" height=\"768\" src=\"http:\/\/insideamateurfussball-ffm.de\/wp-content\/uploads\/2025\/11\/seligenstadtrw04-1024x768.jpg\" alt=\"\" class=\"wp-image-29402\" srcset=\"https:\/\/insideamateurfussball-ffm.de\/wp-content\/uploads\/2025\/11\/seligenstadtrw04-1024x768.jpg 1024w, https:\/\/insideamateurfussball-ffm.de\/wp-content\/uploads\/2025\/11\/seligenstadtrw04-300x225.jpg 300w, https:\/\/insideamateurfussball-ffm.de\/wp-content\/uploads\/2025\/11\/seligenstadtrw04-768x576.jpg 768w, https:\/\/insideamateurfussball-ffm.de\/wp-content\/uploads\/2025\/11\/seligenstadtrw04-1536x1152.jpg 1536w, https:\/\/insideamateurfussball-ffm.de\/wp-content\/uploads\/2025\/11\/seligenstadtrw04.jpg 2016w\" sizes=\"auto, (max-width: 1024px) 100vw, 1024px\" \/><\/figure>\n\n\n\n<figure class=\"wp-block-image size-large\"><img loading=\"lazy\" decoding=\"async\" width=\"1024\" height=\"768\" src=\"http:\/\/insideamateurfussball-ffm.de\/wp-content\/uploads\/2025\/11\/seligenstadtrw06-1024x768.jpg\" alt=\"\" class=\"wp-image-29404\" srcset=\"https:\/\/insideamateurfussball-ffm.de\/wp-content\/uploads\/2025\/11\/seligenstadtrw06-1024x768.jpg 1024w, https:\/\/insideamateurfussball-ffm.de\/wp-content\/uploads\/2025\/11\/seligenstadtrw06-300x225.jpg 300w, https:\/\/insideamateurfussball-ffm.de\/wp-content\/uploads\/2025\/11\/seligenstadtrw06-768x576.jpg 768w, https:\/\/insideamateurfussball-ffm.de\/wp-content\/uploads\/2025\/11\/seligenstadtrw06-1536x1152.jpg 1536w, https:\/\/insideamateurfussball-ffm.de\/wp-content\/uploads\/2025\/11\/seligenstadtrw06.jpg 2016w\" sizes=\"auto, (max-width: 1024px) 100vw, 1024px\" \/><\/figure>\n","protected":false},"excerpt":{"rendered":"<p>Im Topspiel verlor Tabellenf\u00fchrer RW Frankfurt beim Tabellenzweiten, den Sportfreunden Seligenstadt, auf dem Kunstrasen mit 1:2 und damit auch die Tabellenf\u00fchrung an den Gegner. Sportfreunde Seligenstadt &#8211; RW Frankfurt 2:1 (1:0) Schon vor dem Spitzenspiel der Sportfreunde Seligenstadt gegen RW Frankfurt gab es hitzige Diskussionen, da als Spielort der Kunstrasenplatz eingetragen war, wollten die Frankfurter [&hellip;]<\/p>\n","protected":false},"author":3,"featured_media":29403,"comment_status":"closed","ping_status":"open","sticky":true,"template":"","format":"standard","meta":{"footnotes":""},"categories":[10],"tags":[],"class_list":["post-29397","post","type-post","status-publish","format-standard","has-post-thumbnail","hentry","category-verbandsliga-sued"],"_links":{"self":[{"href":"https:\/\/insideamateurfussball-ffm.de\/index.php?rest_route=\/wp\/v2\/posts\/29397","targetHints":{"allow":["GET"]}}],"collection":[{"href":"https:\/\/insideamateurfussball-ffm.de\/index.php?rest_route=\/wp\/v2\/posts"}],"about":[{"href":"https:\/\/insideamateurfussball-ffm.de\/index.php?rest_route=\/wp\/v2\/types\/post"}],"author":[{"embeddable":true,"href":"https:\/\/insideamateurfussball-ffm.de\/index.php?rest_route=\/wp\/v2\/users\/3"}],"replies":[{"embeddable":true,"href":"https:\/\/insideamateurfussball-ffm.de\/index.php?rest_route=%2Fwp%2Fv2%2Fcomments&post=29397"}],"version-history":[{"count":3,"href":"https:\/\/insideamateurfussball-ffm.de\/index.php?rest_route=\/wp\/v2\/posts\/29397\/revisions"}],"predecessor-version":[{"id":29407,"href":"https:\/\/insideamateurfussball-ffm.de\/index.php?rest_route=\/wp\/v2\/posts\/29397\/revisions\/29407"}],"wp:featuredmedia":[{"embeddable":true,"href":"https:\/\/insideamateurfussball-ffm.de\/index.php?rest_route=\/wp\/v2\/media\/29403"}],"wp:attachment":[{"href":"https:\/\/insideamateurfussball-ffm.de\/index.php?rest_route=%2Fwp%2Fv2%2Fmedia&parent=29397"}],"wp:term":[{"taxonomy":"category","embeddable":true,"href":"https:\/\/insideamateurfussball-ffm.de\/index.php?rest_route=%2Fwp%2Fv2%2Fcategories&post=29397"},{"taxonomy":"post_tag","embeddable":true,"href":"https:\/\/insideamateurfussball-ffm.de\/index.php?rest_route=%2Fwp%2Fv2%2Ftags&post=29397"}],"curies":[{"name":"wp","href":"https:\/\/api.w.org\/{rel}","templated":true}]}}