{"id":29383,"date":"2025-11-14T17:27:35","date_gmt":"2025-11-14T16:27:35","guid":{"rendered":"https:\/\/insideamateurfussball-ffm.de\/?p=29383"},"modified":"2025-11-14T17:27:35","modified_gmt":"2025-11-14T16:27:35","slug":"kalbach-schliesst-vorrunde-mit-remis-ab","status":"publish","type":"post","link":"https:\/\/insideamateurfussball-ffm.de\/?p=29383","title":{"rendered":"Kalbach schlie\u00dft Vorrunde mit Remis ab"},"content":{"rendered":"<h4>Im Nachholspiel gegen den VfR Gro\u00df-Gerau erreichte der FC Kalbach nur ein 1:1, f\u00fcr den Spielverlauf und die Tabellenposition ist ein Punkt aber zu wenig.<\/h4>\n<figure id=\"attachment_29387\" aria-describedby=\"caption-attachment-29387\" style=\"width: 2016px\" class=\"wp-caption alignnone\"><img loading=\"lazy\" decoding=\"async\" class=\"wp-image-29387 size-full\" src=\"http:\/\/insideamateurfussball-ffm.de\/wp-content\/uploads\/2025\/11\/kalbachgerau03.jpg\" alt=\"\" width=\"2016\" height=\"1512\" srcset=\"https:\/\/insideamateurfussball-ffm.de\/wp-content\/uploads\/2025\/11\/kalbachgerau03.jpg 2016w, https:\/\/insideamateurfussball-ffm.de\/wp-content\/uploads\/2025\/11\/kalbachgerau03-300x225.jpg 300w, https:\/\/insideamateurfussball-ffm.de\/wp-content\/uploads\/2025\/11\/kalbachgerau03-1024x768.jpg 1024w, https:\/\/insideamateurfussball-ffm.de\/wp-content\/uploads\/2025\/11\/kalbachgerau03-768x576.jpg 768w, https:\/\/insideamateurfussball-ffm.de\/wp-content\/uploads\/2025\/11\/kalbachgerau03-1536x1152.jpg 1536w\" sizes=\"auto, (max-width: 2016px) 100vw, 2016px\" \/><figcaption id=\"caption-attachment-29387\" class=\"wp-caption-text\">Die Mannschaften von Kalbach und Gro\u00df-Gerau trennen sich 1:1. Foto: MZ<\/figcaption><\/figure>\n<h4>FC Kalbach &#8211; VfR Gro\u00df-Gerau 1:1 (0:1)<\/h4>\n<p><img loading=\"lazy\" decoding=\"async\" class=\"alignnone size-full wp-image-16\" src=\"http:\/\/insideamateurfussball-ffm.de\/wp-content\/uploads\/2021\/11\/kalbach-wappen.jpg\" alt=\"\" width=\"80\" height=\"80\" \/><img loading=\"lazy\" decoding=\"async\" class=\"alignnone size-full wp-image-16322\" src=\"http:\/\/insideamateurfussball-ffm.de\/wp-content\/uploads\/2024\/02\/vfr-gross-gerau.png\" alt=\"\" width=\"80\" height=\"80\" \/><\/p>\n<p>Nach der Niederlage beim Tabellenletzten 1.FCA Darmstadt gab sich f\u00fcr den FC Kalbach im Nachholspiel gegen den VfR Gro\u00df-Gerau noch einmal die M\u00f6glichkeit, die Vorrunde mit einem Dreier abzuschlie\u00dfen, nach dem entt\u00e4uschenden Unentschieden aber bleiben die Kalbacher mit 9 Punkten auf Platz 15, einem direkten Abstiegsplatz nach derzeitiger Lage. Es war wie so h\u00e4ufig in den letzten Spielen, die Kalbacher verschliefen die erste Halbzeit. Spielerisch ging nach vorne nichts, lange B\u00e4lle in die Spitze f\u00fchrten oft zum Ballverlust, die einzige Halbchance hatten die Gastgeber in der 33.Minute, als ein Kopfball von Achraf Gara Ali \u00fcber das Tor ging.<\/p>\n<p>Die G\u00e4ste aus Gro\u00df-Gerau waren spielerisch etwas besser, kamen aber auch kaum zu Gelegenheiten, die einzige Gro\u00dfchance nutzten sie zur 1:0-F\u00fchrung. In der 19.Minute kam Ahmet Caglar gegen die zu hoch stehende Abwehrreihe hinter der Kette an den Ball und lie\u00df Fabian Lanthaler, der diesmal wieder das Tor h\u00fctete, keine Chance. Mit dem Ergebnis ging es in die Pause. In der zweiten Halbzeit kamen die Kalbacher mit einem gr\u00f6\u00dferen Elan aus der Pause und dr\u00fcckten den Gegner in die eigene H\u00e4lfte zur\u00fcck, aber viele Abseitsentscheidungen machten m\u00f6gliche Chancen zunichte, gr\u00f6\u00dftenteils versuchte man die Chancen auszuspielen, statt einmal auf das Tor abzuziehen.<\/p>\n<p>In der 64.Minute fiel der hochverdiente Ausgleich, nach einem sch\u00f6nen Zusammenspiel zwischen dem eingewechselten Lennard Marschik und Imad Eljazouli prallte der Ball vom Torwart Marcel Czirbus vor die F\u00fc\u00dfe von Gara Ali, der den 1:1-Ausgleich markieren konnte. Weitere Bem\u00fchungen der Kalbacher verliefen im Sand, w\u00e4hrend von Gro\u00df-Gerau in der zweiten H\u00e4lfte gar nichts mehr kam, die G\u00e4ste konnten nach dem Abpfiff gl\u00fccklich sein, das Remis geholt zu haben. Bemerkenswert auch, dass Kalbachs Trainer Aze Dine Zarioh in der zweiten Halbzeit nur zwei Wechsel vollzog.<\/p>\n<p>Vorstandsmitglied Mann Meyer nach dem Spiel: \u201ees ist absolut zu wenig, wir haben 9 Punkte, und da kann man nicht von Topniveau reden. Wir haben unser Ziel in der Vorrunde verfehlt, jetzt hei\u00dft es nachzulegen. Und wenn ich jetzt diese zweite Halbzeit gesehen habe, mit was f\u00fcr einer Power wir gespielt haben, mit was f\u00fcr einem Einsatz wir Gro\u00df-Gerau die Luft zum Atmen weggenommen haben, aber was hat wieder gefehlt: das Qu\u00e4ntchen Gl\u00fcck, vor dem Tor ist zum Schluss immer die falsche Entscheidung getroffen worden, und somit ist es leider nur 1:1. Aber ich muss der Mannschaft trotzdem ein Kompliment machen, wie sie die zweite Halbzeit angegangen ist, jeder Spieler hat f\u00fcr jeden alles gegeben, das ist im Endeffekt gut, aber f\u00fcr die Verbandsliga zu wenig.\u201c<\/p>\n<p>Am Sonntag beginnt f\u00fcr Kalbach die R\u00fcckrunde bei Germania Ober-Roden.<\/p>\n<h4>Schiedsrichter: Jannis Kaufmann (TV 1817 Mainz). Zuschauer: 82.<\/h4>\n<h4>Tore: 0:1 Ahmet Caglar (19.), 1:1 Achraf Gara Ali (64.)<\/h4>\n\n\n<figure class=\"wp-block-image size-large\"><img loading=\"lazy\" decoding=\"async\" width=\"1024\" height=\"768\" src=\"http:\/\/insideamateurfussball-ffm.de\/wp-content\/uploads\/2025\/11\/kalbachgerau01-1024x768.jpg\" alt=\"\" class=\"wp-image-29385\" srcset=\"https:\/\/insideamateurfussball-ffm.de\/wp-content\/uploads\/2025\/11\/kalbachgerau01-1024x768.jpg 1024w, https:\/\/insideamateurfussball-ffm.de\/wp-content\/uploads\/2025\/11\/kalbachgerau01-300x225.jpg 300w, https:\/\/insideamateurfussball-ffm.de\/wp-content\/uploads\/2025\/11\/kalbachgerau01-768x576.jpg 768w, https:\/\/insideamateurfussball-ffm.de\/wp-content\/uploads\/2025\/11\/kalbachgerau01-1536x1152.jpg 1536w, https:\/\/insideamateurfussball-ffm.de\/wp-content\/uploads\/2025\/11\/kalbachgerau01.jpg 2016w\" sizes=\"auto, (max-width: 1024px) 100vw, 1024px\" \/><\/figure>\n\n\n\n<figure class=\"wp-block-image size-large\"><img loading=\"lazy\" decoding=\"async\" width=\"1024\" height=\"768\" src=\"http:\/\/insideamateurfussball-ffm.de\/wp-content\/uploads\/2025\/11\/kalbachgerau04-1024x768.jpg\" alt=\"\" class=\"wp-image-29388\" srcset=\"https:\/\/insideamateurfussball-ffm.de\/wp-content\/uploads\/2025\/11\/kalbachgerau04-1024x768.jpg 1024w, https:\/\/insideamateurfussball-ffm.de\/wp-content\/uploads\/2025\/11\/kalbachgerau04-300x225.jpg 300w, https:\/\/insideamateurfussball-ffm.de\/wp-content\/uploads\/2025\/11\/kalbachgerau04-768x576.jpg 768w, https:\/\/insideamateurfussball-ffm.de\/wp-content\/uploads\/2025\/11\/kalbachgerau04-1536x1152.jpg 1536w, https:\/\/insideamateurfussball-ffm.de\/wp-content\/uploads\/2025\/11\/kalbachgerau04.jpg 2016w\" sizes=\"auto, (max-width: 1024px) 100vw, 1024px\" \/><\/figure>\n\n\n\n<figure class=\"wp-block-image size-large\"><img loading=\"lazy\" decoding=\"async\" width=\"1024\" height=\"768\" src=\"http:\/\/insideamateurfussball-ffm.de\/wp-content\/uploads\/2025\/11\/kalbachgerau05-1024x768.jpg\" alt=\"\" class=\"wp-image-29389\" srcset=\"https:\/\/insideamateurfussball-ffm.de\/wp-content\/uploads\/2025\/11\/kalbachgerau05-1024x768.jpg 1024w, https:\/\/insideamateurfussball-ffm.de\/wp-content\/uploads\/2025\/11\/kalbachgerau05-300x225.jpg 300w, https:\/\/insideamateurfussball-ffm.de\/wp-content\/uploads\/2025\/11\/kalbachgerau05-768x576.jpg 768w, https:\/\/insideamateurfussball-ffm.de\/wp-content\/uploads\/2025\/11\/kalbachgerau05-1536x1152.jpg 1536w, https:\/\/insideamateurfussball-ffm.de\/wp-content\/uploads\/2025\/11\/kalbachgerau05.jpg 2016w\" sizes=\"auto, (max-width: 1024px) 100vw, 1024px\" \/><\/figure>\n\n\n\n<figure class=\"wp-block-image size-large\"><img loading=\"lazy\" decoding=\"async\" width=\"1024\" height=\"768\" src=\"http:\/\/insideamateurfussball-ffm.de\/wp-content\/uploads\/2025\/11\/kalbachgerau06-1024x768.jpg\" alt=\"\" class=\"wp-image-29390\" srcset=\"https:\/\/insideamateurfussball-ffm.de\/wp-content\/uploads\/2025\/11\/kalbachgerau06-1024x768.jpg 1024w, https:\/\/insideamateurfussball-ffm.de\/wp-content\/uploads\/2025\/11\/kalbachgerau06-300x225.jpg 300w, https:\/\/insideamateurfussball-ffm.de\/wp-content\/uploads\/2025\/11\/kalbachgerau06-768x576.jpg 768w, https:\/\/insideamateurfussball-ffm.de\/wp-content\/uploads\/2025\/11\/kalbachgerau06-1536x1152.jpg 1536w, https:\/\/insideamateurfussball-ffm.de\/wp-content\/uploads\/2025\/11\/kalbachgerau06.jpg 2016w\" sizes=\"auto, (max-width: 1024px) 100vw, 1024px\" \/><\/figure>\n\n\n\n<figure class=\"wp-block-image size-large\"><img loading=\"lazy\" decoding=\"async\" width=\"1024\" height=\"768\" src=\"http:\/\/insideamateurfussball-ffm.de\/wp-content\/uploads\/2025\/11\/kalbachgerau07-1024x768.jpg\" alt=\"\" class=\"wp-image-29391\" srcset=\"https:\/\/insideamateurfussball-ffm.de\/wp-content\/uploads\/2025\/11\/kalbachgerau07-1024x768.jpg 1024w, https:\/\/insideamateurfussball-ffm.de\/wp-content\/uploads\/2025\/11\/kalbachgerau07-300x225.jpg 300w, https:\/\/insideamateurfussball-ffm.de\/wp-content\/uploads\/2025\/11\/kalbachgerau07-768x576.jpg 768w, https:\/\/insideamateurfussball-ffm.de\/wp-content\/uploads\/2025\/11\/kalbachgerau07-1536x1152.jpg 1536w, https:\/\/insideamateurfussball-ffm.de\/wp-content\/uploads\/2025\/11\/kalbachgerau07.jpg 2016w\" sizes=\"auto, (max-width: 1024px) 100vw, 1024px\" \/><\/figure>\n","protected":false},"excerpt":{"rendered":"<p>Im Nachholspiel gegen den VfR Gro\u00df-Gerau erreichte der FC Kalbach nur ein 1:1, f\u00fcr den Spielverlauf und die Tabellenposition ist ein Punkt aber zu wenig. FC Kalbach &#8211; VfR Gro\u00df-Gerau 1:1 (0:1) Nach der Niederlage beim Tabellenletzten 1.FCA Darmstadt gab sich f\u00fcr den FC Kalbach im Nachholspiel gegen den VfR Gro\u00df-Gerau noch einmal die M\u00f6glichkeit, [&hellip;]<\/p>\n","protected":false},"author":3,"featured_media":29387,"comment_status":"closed","ping_status":"open","sticky":true,"template":"","format":"standard","meta":{"footnotes":""},"categories":[10],"tags":[],"class_list":["post-29383","post","type-post","status-publish","format-standard","has-post-thumbnail","hentry","category-verbandsliga-sued"],"_links":{"self":[{"href":"https:\/\/insideamateurfussball-ffm.de\/index.php?rest_route=\/wp\/v2\/posts\/29383","targetHints":{"allow":["GET"]}}],"collection":[{"href":"https:\/\/insideamateurfussball-ffm.de\/index.php?rest_route=\/wp\/v2\/posts"}],"about":[{"href":"https:\/\/insideamateurfussball-ffm.de\/index.php?rest_route=\/wp\/v2\/types\/post"}],"author":[{"embeddable":true,"href":"https:\/\/insideamateurfussball-ffm.de\/index.php?rest_route=\/wp\/v2\/users\/3"}],"replies":[{"embeddable":true,"href":"https:\/\/insideamateurfussball-ffm.de\/index.php?rest_route=%2Fwp%2Fv2%2Fcomments&post=29383"}],"version-history":[{"count":2,"href":"https:\/\/insideamateurfussball-ffm.de\/index.php?rest_route=\/wp\/v2\/posts\/29383\/revisions"}],"predecessor-version":[{"id":29393,"href":"https:\/\/insideamateurfussball-ffm.de\/index.php?rest_route=\/wp\/v2\/posts\/29383\/revisions\/29393"}],"wp:featuredmedia":[{"embeddable":true,"href":"https:\/\/insideamateurfussball-ffm.de\/index.php?rest_route=\/wp\/v2\/media\/29387"}],"wp:attachment":[{"href":"https:\/\/insideamateurfussball-ffm.de\/index.php?rest_route=%2Fwp%2Fv2%2Fmedia&parent=29383"}],"wp:term":[{"taxonomy":"category","embeddable":true,"href":"https:\/\/insideamateurfussball-ffm.de\/index.php?rest_route=%2Fwp%2Fv2%2Fcategories&post=29383"},{"taxonomy":"post_tag","embeddable":true,"href":"https:\/\/insideamateurfussball-ffm.de\/index.php?rest_route=%2Fwp%2Fv2%2Ftags&post=29383"}],"curies":[{"name":"wp","href":"https:\/\/api.w.org\/{rel}","templated":true}]}}