{"id":29363,"date":"2025-11-13T14:52:36","date_gmt":"2025-11-13T13:52:36","guid":{"rendered":"https:\/\/insideamateurfussball-ffm.de\/?p=29363"},"modified":"2025-11-14T17:05:20","modified_gmt":"2025-11-14T16:05:20","slug":"titelverteidiger-wirft-rw-erneut-aus-pokal","status":"publish","type":"post","link":"https:\/\/insideamateurfussball-ffm.de\/?p=29363","title":{"rendered":"Titelverteidiger wirft RW erneut aus Pokal"},"content":{"rendered":"<h4>Im Achtelfinale des Frankfurter Kreispokals konnte Gruppenligist und Titelverteidiger FG Seckbach den Verbandsliga-Tabellenf\u00fchrer RW Frankfurt erneut bezwingen, nach einem 1:3-R\u00fcckstand stand letztlich ein 6:3-Sieg zu Buche.<\/h4>\n<figure id=\"attachment_29373\" aria-describedby=\"caption-attachment-29373\" style=\"width: 2016px\" class=\"wp-caption alignnone\"><img loading=\"lazy\" decoding=\"async\" class=\"wp-image-29373 size-full\" src=\"http:\/\/insideamateurfussball-ffm.de\/wp-content\/uploads\/2025\/11\/seckbachrw09.jpg\" alt=\"\" width=\"2016\" height=\"1512\" srcset=\"https:\/\/insideamateurfussball-ffm.de\/wp-content\/uploads\/2025\/11\/seckbachrw09.jpg 2016w, https:\/\/insideamateurfussball-ffm.de\/wp-content\/uploads\/2025\/11\/seckbachrw09-300x225.jpg 300w, https:\/\/insideamateurfussball-ffm.de\/wp-content\/uploads\/2025\/11\/seckbachrw09-1024x768.jpg 1024w, https:\/\/insideamateurfussball-ffm.de\/wp-content\/uploads\/2025\/11\/seckbachrw09-768x576.jpg 768w, https:\/\/insideamateurfussball-ffm.de\/wp-content\/uploads\/2025\/11\/seckbachrw09-1536x1152.jpg 1536w\" sizes=\"auto, (max-width: 2016px) 100vw, 2016px\" \/><figcaption id=\"caption-attachment-29373\" class=\"wp-caption-text\">Erneut zeigte sich die Titelverteidiger FG Seckbach als Pokalmannschaft und warf den Verbandsligisten RW Frankfurt aus dem Kreispokal. Foto: MZ<\/figcaption><\/figure>\n<h4>FG Seckbach &#8211; RW Frankfurt 6:3 (4:3)<\/h4>\n<p><img loading=\"lazy\" decoding=\"async\" class=\"alignnone size-full wp-image-544\" src=\"http:\/\/insideamateurfussball-ffm.de\/wp-content\/uploads\/2022\/06\/Seckbach.jpg\" alt=\"\" width=\"80\" height=\"80\" \/><img loading=\"lazy\" decoding=\"async\" class=\"alignnone size-full wp-image-4032\" src=\"http:\/\/insideamateurfussball-ffm.de\/wp-content\/uploads\/2022\/11\/rot-weiss.png\" alt=\"\" width=\"80\" height=\"70\" \/><\/p>\n<p>Im letzten Jahr konnte die FG Seckbach in der zweiten Runde des Pokals RW Frankfurt mit 4:2 bezwingen, auch in diesem Jahr setzte sich der unterklassige Gruppenligist im Achtelfinale nach R\u00fcckstand am Ende mit 6:3 durch. W\u00e4hrend die Seckbacher fast alle Spieler zur Verf\u00fcgung hatten und Spielertrainer Manuel May die Qual der Wahl hatte, rotierte RW-Trainer Ibo Cigdem auch in Anbetracht des bereits am Samstag bevorstehenden Spitzenspiels bei den Sportfreunden Seligenstadt komplett durch, aus dem Sonntag-Spiel bei der SG Bornheim kam einzig Jovan Petkovic zum Einsatz, der nach seiner gelb-roten Karte in Bornheim in Seligenstadt fehlen wird.\u00a0<\/p>\n<p>Doch die jungen Wilden von RW Frankfurt hatten einen blendenden Start, bereits in der 5.Minute gingen sie mit 1:0 in F\u00fchrung, als Tom Meyer einen von FG-Torwart Christoph Lange zu kurz abgewehrten Ball abstauben konnte. Und nach einem sch\u00f6nen Pass von Petkovic erh\u00f6hte Kapit\u00e4n Cem Bektas in der 10.Minute auf 2:0, dem Milad Wardak nur eine Minute sp\u00e4ter den Anschlusstreffer zum 1:2 folgen lie\u00df (11.). Nach dem 1:3 von Tim Frohne in der 21.Minute sah es danach aus, dass RW Frankfurt in diesem Jahr die n\u00e4chste Runde erreichen k\u00f6nne, doch die neuformierte Mannschaft wies in der Abwehr gro\u00dfe L\u00fccken auf, eine davon nutzte Nick B\u00f6ff in der 25.Minute, der freistehend den Ball an Torwart Erik Dejak zum 2:3 einschob. Und in der 30.Minute fiel sogar der Ausgleich zum 3:3, ein Seckbacher Freisto\u00df aus dem Mittelkreis fiel Cem Bektas auf den Oberschenkel und ging von da ins eigene Tor. Nach einer halben Stunde also alles wieder auf Anfang.<\/p>\n<p>Die Seckbacher waren jetzt gut im Spiel und erspielten sich weitere Chancen, w\u00e4hrend die G\u00e4ste von der verspielten F\u00fchrung konsterniert waren, in der 39.Minute nutzte Florian Schuberth eine der Chancen zum 4:3-Halbzeitstand. Nach der Halbzeit passierte eine Viertelstunde lang nichts vor den Toren, ehe in der 61.Minute Nick B\u00f6ff einen Pass hinter der Abwehrkette erlief, den Torwart umspielte und den Ball zum 5:3 ins Tor schoss. Trainer Cigdem reagierte in der 69.Minute mit einem Vierfachwechsel, mit Towa Itamoto, Abdussamed G\u00fcrsoy, Dino Bektas und Alexander Koziolek kamen vier Stammspieler ins Spiel, um das Spiel vielleicht noch zu drehen, doch nur 4 Minuten sp\u00e4ter war auch diese Hoffnung dahin, fast an der Grundauslinie gab es einen Freisto\u00df f\u00fcr Seckbach, der Ball wurde an der Zweimann-Mauer vorbei in die Mitte geschlagen, wo Luis Rodriguez Melendo aus zwei Metern keine M\u00fche hatte, den Ball ins Tor zu lenken.<\/p>\n<p>Trotz Bem\u00fchungen auf beiden Seiten blieb es bis zum Schluss beim 6:3 und die FG Seckbach konnte erneut den Verbandsligisten aus dem Pokal werfen, wenn im Januar das Viertelfinale ausgelost wird, ist die FG Seckbach noch im Lostopf. Spielertrainer May nach dem Spiel: \u201edie ersten 20 oder 25 Minuten war ich komplett unzufrieden, v\u00f6llig unn\u00f6tige Gegentore und \u00fcberhaupt nicht eingelassen auf das Pokalspiel, und dann haben wir gesehen, was m\u00f6glich ist. Hintenraus dann verdient gewonnen, sch\u00f6nes Gef\u00fchl f\u00fcr die Jungs, sch\u00f6n, noch dabei zu sein im n\u00e4chsten Jahr, jetzt gilt es, sich wieder auf die Liga zu konzentrieren mit noch drei schweren Spielen in diesem Jahr.\u201c<\/p>\n<p>RW-Trainer Cigdem gratulierte dem Gegner nach dem Spiel zum verdienten Sieg: \u201ewir haben einfach viel zu viele Fehler gemacht. Die Gegner sind immer hoch motiviert, wenn man gegen unterklassige Gegner spielt in unserer aktuellen Situation, wir sind aktuell noch Tabellenf\u00fchrer in der Verbandsliga. Dann kommt ein motivierter Gegner, und wir haben am Samstag ein sehr wichtiges Spiel, wo wir diesmal auch Spieler, abgesehen vom Spitzenspiel, die hintendran sind, spielen lassen wollen, und heute konnten wir damit nicht punkten.\u201c<\/p>\n<p>Am Samstag gilt es f\u00fcr RW Frankfurt, bei den zweitplatzierten Seligenst\u00e4dtern die Tabellenf\u00fchrung zu verteidigen, w\u00e4hrend die Seckbacher zum Beginn der R\u00fcckrunde beim FSV Friedrichsdorf antreten m\u00fcssen, gespielt werden soll wohl auf neutralem Platz im Stadtteil K\u00f6ppern.<\/p>\n<h4>Schiedsrichter: Johann Seidl (FSV Frankfurt) Zuschauer: 166.<\/h4>\n<h4>Tore: 0:1 Tom Meyer (5.), 0:2 Cem Bektas (10.), 1:2 Milad Wardak (11.), 1:3 Tim Frohne (21.), 2:3 Nick B\u00f6ff (25.), 3:3 Cem Bektas (30., Eigentor), 4:3 Florian Schuberth (38.), 5:3 Nick B\u00f6ff (61.), 6:3 Luis Rodriguez Melendo (72.)<\/h4>\n\n\n<figure class=\"wp-block-image size-large\"><img loading=\"lazy\" decoding=\"async\" width=\"1024\" height=\"768\" src=\"http:\/\/insideamateurfussball-ffm.de\/wp-content\/uploads\/2025\/11\/seckbachrw00-1024x768.jpg\" alt=\"\" class=\"wp-image-29364\" srcset=\"https:\/\/insideamateurfussball-ffm.de\/wp-content\/uploads\/2025\/11\/seckbachrw00-1024x768.jpg 1024w, https:\/\/insideamateurfussball-ffm.de\/wp-content\/uploads\/2025\/11\/seckbachrw00-300x225.jpg 300w, https:\/\/insideamateurfussball-ffm.de\/wp-content\/uploads\/2025\/11\/seckbachrw00-768x576.jpg 768w, https:\/\/insideamateurfussball-ffm.de\/wp-content\/uploads\/2025\/11\/seckbachrw00-1536x1152.jpg 1536w, https:\/\/insideamateurfussball-ffm.de\/wp-content\/uploads\/2025\/11\/seckbachrw00.jpg 2016w\" sizes=\"auto, (max-width: 1024px) 100vw, 1024px\" \/><\/figure>\n\n\n\n<figure class=\"wp-block-image size-large\"><img loading=\"lazy\" decoding=\"async\" width=\"1024\" height=\"768\" src=\"http:\/\/insideamateurfussball-ffm.de\/wp-content\/uploads\/2025\/11\/seckbachrw01-1024x768.jpg\" alt=\"\" class=\"wp-image-29365\" srcset=\"https:\/\/insideamateurfussball-ffm.de\/wp-content\/uploads\/2025\/11\/seckbachrw01-1024x768.jpg 1024w, https:\/\/insideamateurfussball-ffm.de\/wp-content\/uploads\/2025\/11\/seckbachrw01-300x225.jpg 300w, https:\/\/insideamateurfussball-ffm.de\/wp-content\/uploads\/2025\/11\/seckbachrw01-768x576.jpg 768w, https:\/\/insideamateurfussball-ffm.de\/wp-content\/uploads\/2025\/11\/seckbachrw01-1536x1152.jpg 1536w, https:\/\/insideamateurfussball-ffm.de\/wp-content\/uploads\/2025\/11\/seckbachrw01.jpg 2016w\" sizes=\"auto, (max-width: 1024px) 100vw, 1024px\" \/><\/figure>\n\n\n\n<figure class=\"wp-block-image size-large\"><img loading=\"lazy\" decoding=\"async\" width=\"1024\" height=\"768\" src=\"http:\/\/insideamateurfussball-ffm.de\/wp-content\/uploads\/2025\/11\/seckbachrw02-1024x768.jpg\" alt=\"\" class=\"wp-image-29366\" srcset=\"https:\/\/insideamateurfussball-ffm.de\/wp-content\/uploads\/2025\/11\/seckbachrw02-1024x768.jpg 1024w, https:\/\/insideamateurfussball-ffm.de\/wp-content\/uploads\/2025\/11\/seckbachrw02-300x225.jpg 300w, https:\/\/insideamateurfussball-ffm.de\/wp-content\/uploads\/2025\/11\/seckbachrw02-768x576.jpg 768w, https:\/\/insideamateurfussball-ffm.de\/wp-content\/uploads\/2025\/11\/seckbachrw02-1536x1152.jpg 1536w, https:\/\/insideamateurfussball-ffm.de\/wp-content\/uploads\/2025\/11\/seckbachrw02.jpg 2016w\" sizes=\"auto, (max-width: 1024px) 100vw, 1024px\" \/><\/figure>\n\n\n\n<figure class=\"wp-block-image size-large\"><img loading=\"lazy\" decoding=\"async\" width=\"1024\" height=\"768\" src=\"http:\/\/insideamateurfussball-ffm.de\/wp-content\/uploads\/2025\/11\/seckbachrw03-1024x768.jpg\" alt=\"\" class=\"wp-image-29367\" srcset=\"https:\/\/insideamateurfussball-ffm.de\/wp-content\/uploads\/2025\/11\/seckbachrw03-1024x768.jpg 1024w, https:\/\/insideamateurfussball-ffm.de\/wp-content\/uploads\/2025\/11\/seckbachrw03-300x225.jpg 300w, https:\/\/insideamateurfussball-ffm.de\/wp-content\/uploads\/2025\/11\/seckbachrw03-768x576.jpg 768w, https:\/\/insideamateurfussball-ffm.de\/wp-content\/uploads\/2025\/11\/seckbachrw03-1536x1152.jpg 1536w, https:\/\/insideamateurfussball-ffm.de\/wp-content\/uploads\/2025\/11\/seckbachrw03.jpg 2016w\" sizes=\"auto, (max-width: 1024px) 100vw, 1024px\" \/><\/figure>\n\n\n\n<figure class=\"wp-block-image size-large\"><img loading=\"lazy\" decoding=\"async\" width=\"1024\" height=\"768\" src=\"http:\/\/insideamateurfussball-ffm.de\/wp-content\/uploads\/2025\/11\/seckbachrw04-1024x768.jpg\" alt=\"\" class=\"wp-image-29368\" srcset=\"https:\/\/insideamateurfussball-ffm.de\/wp-content\/uploads\/2025\/11\/seckbachrw04-1024x768.jpg 1024w, https:\/\/insideamateurfussball-ffm.de\/wp-content\/uploads\/2025\/11\/seckbachrw04-300x225.jpg 300w, https:\/\/insideamateurfussball-ffm.de\/wp-content\/uploads\/2025\/11\/seckbachrw04-768x576.jpg 768w, https:\/\/insideamateurfussball-ffm.de\/wp-content\/uploads\/2025\/11\/seckbachrw04-1536x1152.jpg 1536w, https:\/\/insideamateurfussball-ffm.de\/wp-content\/uploads\/2025\/11\/seckbachrw04.jpg 2016w\" sizes=\"auto, (max-width: 1024px) 100vw, 1024px\" \/><\/figure>\n\n\n\n<figure class=\"wp-block-image size-large\"><img loading=\"lazy\" decoding=\"async\" width=\"1024\" height=\"768\" src=\"http:\/\/insideamateurfussball-ffm.de\/wp-content\/uploads\/2025\/11\/seckbachrw05-1024x768.jpg\" alt=\"\" class=\"wp-image-29369\" srcset=\"https:\/\/insideamateurfussball-ffm.de\/wp-content\/uploads\/2025\/11\/seckbachrw05-1024x768.jpg 1024w, https:\/\/insideamateurfussball-ffm.de\/wp-content\/uploads\/2025\/11\/seckbachrw05-300x225.jpg 300w, https:\/\/insideamateurfussball-ffm.de\/wp-content\/uploads\/2025\/11\/seckbachrw05-768x576.jpg 768w, https:\/\/insideamateurfussball-ffm.de\/wp-content\/uploads\/2025\/11\/seckbachrw05-1536x1152.jpg 1536w, https:\/\/insideamateurfussball-ffm.de\/wp-content\/uploads\/2025\/11\/seckbachrw05.jpg 2016w\" sizes=\"auto, (max-width: 1024px) 100vw, 1024px\" \/><\/figure>\n\n\n\n<figure class=\"wp-block-image size-large\"><img loading=\"lazy\" decoding=\"async\" width=\"1024\" height=\"768\" src=\"http:\/\/insideamateurfussball-ffm.de\/wp-content\/uploads\/2025\/11\/seckbachrw06-1024x768.jpg\" alt=\"\" class=\"wp-image-29370\" srcset=\"https:\/\/insideamateurfussball-ffm.de\/wp-content\/uploads\/2025\/11\/seckbachrw06-1024x768.jpg 1024w, https:\/\/insideamateurfussball-ffm.de\/wp-content\/uploads\/2025\/11\/seckbachrw06-300x225.jpg 300w, https:\/\/insideamateurfussball-ffm.de\/wp-content\/uploads\/2025\/11\/seckbachrw06-768x576.jpg 768w, https:\/\/insideamateurfussball-ffm.de\/wp-content\/uploads\/2025\/11\/seckbachrw06-1536x1152.jpg 1536w, https:\/\/insideamateurfussball-ffm.de\/wp-content\/uploads\/2025\/11\/seckbachrw06.jpg 2016w\" sizes=\"auto, (max-width: 1024px) 100vw, 1024px\" \/><\/figure>\n\n\n\n<figure class=\"wp-block-image size-large\"><img loading=\"lazy\" decoding=\"async\" width=\"1024\" height=\"768\" src=\"http:\/\/insideamateurfussball-ffm.de\/wp-content\/uploads\/2025\/11\/seckbachrw07-1024x768.jpg\" alt=\"\" class=\"wp-image-29371\" srcset=\"https:\/\/insideamateurfussball-ffm.de\/wp-content\/uploads\/2025\/11\/seckbachrw07-1024x768.jpg 1024w, https:\/\/insideamateurfussball-ffm.de\/wp-content\/uploads\/2025\/11\/seckbachrw07-300x225.jpg 300w, https:\/\/insideamateurfussball-ffm.de\/wp-content\/uploads\/2025\/11\/seckbachrw07-768x576.jpg 768w, https:\/\/insideamateurfussball-ffm.de\/wp-content\/uploads\/2025\/11\/seckbachrw07-1536x1152.jpg 1536w, https:\/\/insideamateurfussball-ffm.de\/wp-content\/uploads\/2025\/11\/seckbachrw07.jpg 2016w\" sizes=\"auto, (max-width: 1024px) 100vw, 1024px\" \/><\/figure>\n\n\n\n<figure class=\"wp-block-image size-large\"><img loading=\"lazy\" decoding=\"async\" width=\"1024\" height=\"768\" src=\"http:\/\/insideamateurfussball-ffm.de\/wp-content\/uploads\/2025\/11\/seckbachrw08-1024x768.jpg\" alt=\"\" class=\"wp-image-29372\" srcset=\"https:\/\/insideamateurfussball-ffm.de\/wp-content\/uploads\/2025\/11\/seckbachrw08-1024x768.jpg 1024w, https:\/\/insideamateurfussball-ffm.de\/wp-content\/uploads\/2025\/11\/seckbachrw08-300x225.jpg 300w, https:\/\/insideamateurfussball-ffm.de\/wp-content\/uploads\/2025\/11\/seckbachrw08-768x576.jpg 768w, https:\/\/insideamateurfussball-ffm.de\/wp-content\/uploads\/2025\/11\/seckbachrw08-1536x1152.jpg 1536w, https:\/\/insideamateurfussball-ffm.de\/wp-content\/uploads\/2025\/11\/seckbachrw08.jpg 2016w\" sizes=\"auto, (max-width: 1024px) 100vw, 1024px\" \/><\/figure>\n","protected":false},"excerpt":{"rendered":"<p>Im Achtelfinale des Frankfurter Kreispokals konnte Gruppenligist und Titelverteidiger FG Seckbach den Verbandsliga-Tabellenf\u00fchrer RW Frankfurt erneut bezwingen, nach einem 1:3-R\u00fcckstand stand letztlich ein 6:3-Sieg zu Buche. FG Seckbach &#8211; RW Frankfurt 6:3 (4:3) Im letzten Jahr konnte die FG Seckbach in der zweiten Runde des Pokals RW Frankfurt mit 4:2 bezwingen, auch in diesem Jahr [&hellip;]<\/p>\n","protected":false},"author":3,"featured_media":29373,"comment_status":"closed","ping_status":"open","sticky":true,"template":"","format":"standard","meta":{"footnotes":""},"categories":[9],"tags":[],"class_list":["post-29363","post","type-post","status-publish","format-standard","has-post-thumbnail","hentry","category-kreispokal"],"_links":{"self":[{"href":"https:\/\/insideamateurfussball-ffm.de\/index.php?rest_route=\/wp\/v2\/posts\/29363","targetHints":{"allow":["GET"]}}],"collection":[{"href":"https:\/\/insideamateurfussball-ffm.de\/index.php?rest_route=\/wp\/v2\/posts"}],"about":[{"href":"https:\/\/insideamateurfussball-ffm.de\/index.php?rest_route=\/wp\/v2\/types\/post"}],"author":[{"embeddable":true,"href":"https:\/\/insideamateurfussball-ffm.de\/index.php?rest_route=\/wp\/v2\/users\/3"}],"replies":[{"embeddable":true,"href":"https:\/\/insideamateurfussball-ffm.de\/index.php?rest_route=%2Fwp%2Fv2%2Fcomments&post=29363"}],"version-history":[{"count":5,"href":"https:\/\/insideamateurfussball-ffm.de\/index.php?rest_route=\/wp\/v2\/posts\/29363\/revisions"}],"predecessor-version":[{"id":29382,"href":"https:\/\/insideamateurfussball-ffm.de\/index.php?rest_route=\/wp\/v2\/posts\/29363\/revisions\/29382"}],"wp:featuredmedia":[{"embeddable":true,"href":"https:\/\/insideamateurfussball-ffm.de\/index.php?rest_route=\/wp\/v2\/media\/29373"}],"wp:attachment":[{"href":"https:\/\/insideamateurfussball-ffm.de\/index.php?rest_route=%2Fwp%2Fv2%2Fmedia&parent=29363"}],"wp:term":[{"taxonomy":"category","embeddable":true,"href":"https:\/\/insideamateurfussball-ffm.de\/index.php?rest_route=%2Fwp%2Fv2%2Fcategories&post=29363"},{"taxonomy":"post_tag","embeddable":true,"href":"https:\/\/insideamateurfussball-ffm.de\/index.php?rest_route=%2Fwp%2Fv2%2Ftags&post=29363"}],"curies":[{"name":"wp","href":"https:\/\/api.w.org\/{rel}","templated":true}]}}