{"id":29354,"date":"2025-11-12T17:57:03","date_gmt":"2025-11-12T16:57:03","guid":{"rendered":"https:\/\/insideamateurfussball-ffm.de\/?p=29354"},"modified":"2025-11-12T17:57:55","modified_gmt":"2025-11-12T16:57:55","slug":"union-zieht-reissleine-amaral-ueber-entlassung-enttaeuscht","status":"publish","type":"post","link":"https:\/\/insideamateurfussball-ffm.de\/?p=29354","title":{"rendered":"Union zieht Rei\u00dfleine: Amaral \u00fcber Entlassung entt\u00e4uscht"},"content":{"rendered":"<h5><span style=\"font-size: 16px;\">Der Vorstand des FC Union Niederrad reagiert auf die anhaltende Talfahrt und dem Absturz auf den ersten Abstiegsplatz in der Kreisoberliga Frankfurt mit der Entlassung des langj\u00e4hrigen Trainers Henrique Amaral. Der ist aber weiterhin P\u00e4chter der Vereinsgastst\u00e4tte und somit auch weiter t\u00e4glich auf dem Vereinsgel\u00e4nde pr\u00e4sent.\u00a0<\/span><\/h5>\n<figure id=\"attachment_29356\" aria-describedby=\"caption-attachment-29356\" style=\"width: 150px\" class=\"wp-caption alignleft\"><img loading=\"lazy\" decoding=\"async\" class=\"wp-image-29356 size-thumbnail\" src=\"http:\/\/insideamateurfussball-ffm.de\/wp-content\/uploads\/2025\/11\/H.Amaral-150x150.jpg\" alt=\"\" width=\"150\" height=\"150\" \/><figcaption id=\"caption-attachment-29356\" class=\"wp-caption-text\">Henrique Amaral zeigt bei Union Niederrad sportlich nicht mehr die Richtung an. Foto: Archiv Mithat G\u00fcrser.<\/figcaption><\/figure>\n<p><img loading=\"lazy\" decoding=\"async\" class=\"alignnone size-full wp-image-38\" src=\"http:\/\/insideamateurfussball-ffm.de\/wp-content\/uploads\/2021\/11\/Union-Niederrad.jpg\" alt=\"\" width=\"80\" height=\"80\" \/><\/p>\n<p><span style=\"font-size: 16px;\">Nach der\u00a0<a href=\"https:\/\/insideamateurfussball-ffm.de\/?p=29300\">https:\/\/insideamateurfussball-ffm.de\/?p=29300<\/a> 1:4-Niederlage beim FC Gudesding hat der Vorstand des Traditionsvereins Trainer Henrique Amaral mit sofortiger Wirkung von seinen Aufgaben als Cheftrainer der Ersten Mannschaft entbunden. Bereits bei der 0:3-Niederlage im Kreispokal-Achtelfinale gegen Verbandsligist SG Bornheim\/Gr\u00fcn-Wei\u00df\u00a0<a href=\"https:\/\/insideamateurfussball-ffm.de\/?p=29328\">https:\/\/insideamateurfussball-ffm.de\/?p=29328<\/a> wurde das Team von Interimstrainer Dominik Abdala angeleitet, der als verletzter routinierter Spieler vom Pr\u00e4sidium ins kalte Wasser geworfen wurde. Bis zur Winterpause soll Abdala die Niederr\u00e4der in den f\u00fcnf restlichen Spielen betreuen, danach will der Club von der Heinrich-Seliger-Stra\u00dfe eine externe L\u00f6sung pr\u00e4sentieren. &#8222;Ich bin bereit, die Mannschaft bis zur Findung eines Nachfolgers zu unterst\u00fctzen. Ich bin mir sicher, dass der Verein zeitnah eine gute L\u00f6sung pr\u00e4sentieren wird&#8220;, sagte Abdala nach der Pokalniederlage gegen Bornheim. <\/span><\/p>\n<p><span style=\"font-size: 16px;\">Nach den Pl\u00e4tzen sieben und vier in den Vorjahren hatte keiner damit gerechnet, dass die Niederr\u00e4der in den Abstiegskampf rutschen w\u00fcrden. Jedoch setzte die Union im Sommer den Saisonstart mit vier Niederlagen in den Sand und fand sich am Tabellenende wieder. Eine gute Phase im September schien mit zehn Punkten aus vier Spielen die Wende zu bringen, doch danach setzte es &#8211; sieht man einmal von den drei Punkten wegen des Nichtantritts des FC Croatia ab &#8211; sechs Niederlagen in Folge, auch bedingt durch eine lange Liste an Ausf\u00e4llen durch verletzte Spieler. Vereinspr\u00e4sident Khalid Lamjahed bedauert die Entscheidung des Vorstandes, sah aber angesichts der sportlichen Talfahrt keinen anderen Ausweg: &#8222;Die Ergebnisse der letzten Wochen haben uns gezwungen, zu diesem Entschluss zu kommen. Es war keine einfache Entscheidung, denn <em>Rico<\/em> ist nicht nur ein sehr guter Freund, sondern auch ein hervorragender Trainer. Letztlich mussten wir der Mannschaft neue Impulse geben, um uns gegen den Abstieg zu stemmen. Wir danken ihm f\u00fcr seine Arbeit, denn er hat aus uns eine spielstarke, stabile KOL-Mannschaft gemacht.&#8220;<\/span><\/p>\n<p><span style=\"font-size: 16px;\">Ein Abstieg h\u00e4tte f\u00fcr den Verein auch weitreichende Konsequenzen f\u00fcr die anderen beiden Seniorenmannschaften und w\u00fcrde den sogenannten Bumerangeffekt ausl\u00f6sen. Die in der Kreisliga A auf Rang acht stehende Zweite Mannschaft und die in der Kreisliga B spielende Dritte Mannschaft (aktuell Rang zw\u00f6lf) m\u00fcssten automatisch eine Klasse tiefer zwangsabsteigen. Beide Teams aus dem Unterbau waren erst nach der letzten Saison eine Klasse h\u00f6her aufgestiegen. Unterdessen reagierte Amaral auf die Entlassung im Gespr\u00e4ch mit unserem Portal nach der Pokalpartie im Vereinshaus entt\u00e4uscht: &#8222;Wir hatten etwas anderes vereinbart, n\u00e4mlich bis zum Winter mindestens zusammenzuarbeiten. Dann hat sich die Situation anders ergeben und dar\u00fcber bin ich sehr entt\u00e4uscht, weil mein Herz an der Mannschaft h\u00e4ngt. Das ist schade und ich glaube ganz sicher, ob mit mir oder ohne mich, dass die Mannschaft auf keinen Fall absteigen wird. Daf\u00fcr ist die Truppe zu gut, auch die Teamchemie stimmt.&#8220; <\/span><\/p>\n<p><span style=\"font-size: 16px;\">Amaral h\u00e4tte erwartet, dass &#8222;man unter Menschen, die sich seit 25 Jahren kennen, anders miteinander umgeht.&#8220; Der Deutsch-Portugiese zieht sich aus dem Spielbetrieb des Vereins komplett zur\u00fcck. &#8222;Ich werde weder f\u00fcr die Dritte Mannschaft noch in der SOMA weiter f\u00fcr den Verein auflaufen. Ich mache nur noch die Vereinsgastst\u00e4tte, das Thema Union ist f\u00fcr mich ansonsten beendet&#8220;, sagte Amaral. Denn schlie\u00dflich bildet der Betrieb der Union-Gastst\u00e4tte die berufliche Grundlage seiner Existenz, weswegen Amaral auch weiter t\u00e4glich auf dem Sportplatz sein wird, der Verein k\u00fcnftig aber im sportlichen Bereich ohne seine Dienste auskommen muss.\u00a0<\/span><\/p>\n\n\n<figure class=\"wp-block-pullquote\"><blockquote><p>&#8222;<strong>Dann hat sich die Situation anders ergeben und dar\u00fcber bin ich sehr entt\u00e4uscht, weil mein Herz an der Mannschaft h\u00e4ngt.<\/strong>&#8222;<\/p><cite><strong>UNION Niederrads EX-Trainer Henrique Amaral<\/strong><\/cite><\/blockquote><\/figure>\n\n\n\n<p><\/p>\n","protected":false},"excerpt":{"rendered":"<p>Der Vorstand des FC Union Niederrad reagiert auf die anhaltende Talfahrt und dem Absturz auf den ersten Abstiegsplatz in der Kreisoberliga Frankfurt mit der Entlassung des langj\u00e4hrigen Trainers Henrique Amaral. Der ist aber weiterhin P\u00e4chter der Vereinsgastst\u00e4tte und somit auch weiter t\u00e4glich auf dem Vereinsgel\u00e4nde pr\u00e4sent.\u00a0 Nach der\u00a0https:\/\/insideamateurfussball-ffm.de\/?p=29300 1:4-Niederlage beim FC Gudesding hat der Vorstand [&hellip;]<\/p>\n","protected":false},"author":1,"featured_media":29356,"comment_status":"closed","ping_status":"closed","sticky":true,"template":"","format":"standard","meta":{"footnotes":""},"categories":[2],"tags":[],"class_list":["post-29354","post","type-post","status-publish","format-standard","has-post-thumbnail","hentry","category-kreisoberliga-frankfurt"],"_links":{"self":[{"href":"https:\/\/insideamateurfussball-ffm.de\/index.php?rest_route=\/wp\/v2\/posts\/29354","targetHints":{"allow":["GET"]}}],"collection":[{"href":"https:\/\/insideamateurfussball-ffm.de\/index.php?rest_route=\/wp\/v2\/posts"}],"about":[{"href":"https:\/\/insideamateurfussball-ffm.de\/index.php?rest_route=\/wp\/v2\/types\/post"}],"author":[{"embeddable":true,"href":"https:\/\/insideamateurfussball-ffm.de\/index.php?rest_route=\/wp\/v2\/users\/1"}],"replies":[{"embeddable":true,"href":"https:\/\/insideamateurfussball-ffm.de\/index.php?rest_route=%2Fwp%2Fv2%2Fcomments&post=29354"}],"version-history":[{"count":2,"href":"https:\/\/insideamateurfussball-ffm.de\/index.php?rest_route=\/wp\/v2\/posts\/29354\/revisions"}],"predecessor-version":[{"id":29358,"href":"https:\/\/insideamateurfussball-ffm.de\/index.php?rest_route=\/wp\/v2\/posts\/29354\/revisions\/29358"}],"wp:featuredmedia":[{"embeddable":true,"href":"https:\/\/insideamateurfussball-ffm.de\/index.php?rest_route=\/wp\/v2\/media\/29356"}],"wp:attachment":[{"href":"https:\/\/insideamateurfussball-ffm.de\/index.php?rest_route=%2Fwp%2Fv2%2Fmedia&parent=29354"}],"wp:term":[{"taxonomy":"category","embeddable":true,"href":"https:\/\/insideamateurfussball-ffm.de\/index.php?rest_route=%2Fwp%2Fv2%2Fcategories&post=29354"},{"taxonomy":"post_tag","embeddable":true,"href":"https:\/\/insideamateurfussball-ffm.de\/index.php?rest_route=%2Fwp%2Fv2%2Ftags&post=29354"}],"curies":[{"name":"wp","href":"https:\/\/api.w.org\/{rel}","templated":true}]}}