{"id":29328,"date":"2025-11-12T12:34:10","date_gmt":"2025-11-12T11:34:10","guid":{"rendered":"https:\/\/insideamateurfussball-ffm.de\/?p=29328"},"modified":"2025-11-12T17:08:44","modified_gmt":"2025-11-12T16:08:44","slug":"bornheim-sicher-im-viertelfinale","status":"publish","type":"post","link":"https:\/\/insideamateurfussball-ffm.de\/?p=29328","title":{"rendered":"Bornheim sicher im Viertelfinale"},"content":{"rendered":"<h4>Verbandsligist SG Bornheim\/Gr\u00fcn-Wei\u00df setzte sich im Achtelfinale des Kreispokals mit 3:0 sicher bei Kreisoberligist Union Niederrad durch, bei denen mit Dominik Abdala ein Interimstrainer auf der Bank sa\u00df.<\/h4>\n<figure id=\"attachment_29339\" aria-describedby=\"caption-attachment-29339\" style=\"width: 2560px\" class=\"wp-caption alignnone\"><img loading=\"lazy\" decoding=\"async\" class=\"wp-image-29339 size-full\" src=\"http:\/\/insideamateurfussball-ffm.de\/wp-content\/uploads\/2025\/11\/KPO_Union-SGB_251111-51-scaled.jpg\" alt=\"\" width=\"2560\" height=\"1707\" srcset=\"https:\/\/insideamateurfussball-ffm.de\/wp-content\/uploads\/2025\/11\/KPO_Union-SGB_251111-51-scaled.jpg 2560w, https:\/\/insideamateurfussball-ffm.de\/wp-content\/uploads\/2025\/11\/KPO_Union-SGB_251111-51-300x200.jpg 300w, https:\/\/insideamateurfussball-ffm.de\/wp-content\/uploads\/2025\/11\/KPO_Union-SGB_251111-51-1024x683.jpg 1024w, https:\/\/insideamateurfussball-ffm.de\/wp-content\/uploads\/2025\/11\/KPO_Union-SGB_251111-51-768x512.jpg 768w, https:\/\/insideamateurfussball-ffm.de\/wp-content\/uploads\/2025\/11\/KPO_Union-SGB_251111-51-1536x1024.jpg 1536w, https:\/\/insideamateurfussball-ffm.de\/wp-content\/uploads\/2025\/11\/KPO_Union-SGB_251111-51-2048x1365.jpg 2048w\" sizes=\"auto, (max-width: 2560px) 100vw, 2560px\" \/><figcaption id=\"caption-attachment-29339\" class=\"wp-caption-text\">Die Mannschaften von Union Niederrad und der SG Bornheim vor dem Pokalspiel. Foto: Andre Sturmeit<\/figcaption><\/figure>\n<h4>FC Union Niederrad &#8211; SG Bornheim\/Gr\u00fcn-Wei\u00df 0:3 (0:2)<\/h4>\n<p><img loading=\"lazy\" decoding=\"async\" class=\"alignnone size-full wp-image-38\" src=\"http:\/\/insideamateurfussball-ffm.de\/wp-content\/uploads\/2021\/11\/Union-Niederrad.jpg\" alt=\"\" width=\"80\" height=\"80\" \/><img loading=\"lazy\" decoding=\"async\" class=\"alignnone size-full wp-image-119\" src=\"http:\/\/insideamateurfussball-ffm.de\/wp-content\/uploads\/2022\/05\/Bornheim.jpg\" alt=\"\" width=\"80\" height=\"80\" \/><\/p>\n<p>Vor dem Kreispokal-Achtelfinale gegen den Verbandsligisten SG Bornheim\/Gr\u00fcn-Wei\u00df wurde beim FC Union Niederrad bekannt, dass nach der 1:4-Niederlage beim FC Gudesding am Wochenende Trainer Henrique Amaral freigestellt wurde (Extrabericht folgt), im Pokal wurde die Mannschaft von Interimstrainer Dominik Abdala an der Seitenlinie betreut. Verbandsligist SG Bornheim trat in Niederrad mit einer runderneuerten Mannschaft an, aus der Startelf des Spiels gegen RW Frankfurt verblieben nur Patrick Albert, Abdelwahed Boujerad und Luan Beqiri. Im Gegensatz zum Anfang der Saison ist der Kader mittlerweile gro\u00df genug, sodass keine Spieler der A-Jugend oder der zweiten Mannschaft zur Auff\u00fcllung des Kaders ben\u00f6tigt wurden. So bekamen Spieler, die aus der Verletzung zur\u00fcckkamen, und Spieler mit bisher wenig Eins\u00e4tzen die M\u00f6glichkeit, sich in einem Pflichtspiel zu zeigen.<\/p>\n<p>F\u00fcr den Kreisoberligisten aus Niederrad begann die Partie sehr ungl\u00fccklich, bereits in der zweiten Minute gab es nach einem Foul an Natsuki Wada Foulelfmeter, Hicham Boujerad verwandelte souver\u00e4n zur 1:0-F\u00fchrung. Der Favorit diktierte trotz der vielen Wechsel das Spiel, zeigte sich aber vor dem gegnerischen Tor zu ungenau, die Passwege stimmten oft nicht. Niederrad verteidigte leidenschaftlich, kam in der ersten H\u00e4lfte nur einmal gef\u00e4hrlich vors Bornheimer Tor, doch Bornheims Torwart Younes Hamouti konnte parieren. In der 31.Minute dann das f\u00e4llige 2:0 f\u00fcr die G\u00e4ste, nach einem Steckpass stand Diego Jansen frei vor Torh\u00fcter Cedric Paier, umspielte diesen und schob die Kugel zum Halbzeitstand ins Netz.<\/p>\n<p>Nach dem Wechsel stellte Bornheims Trainer Taner Yalcin um auf ein 3-4-3 um und nutzte die Gelegenheit, alle f\u00fcnf Ersatzspieler auch mit Einsatzminuten zu versehen, der eingewechselte Valerio Lettieri wurde dann in der 68.Minute im Strafraum gelegt, erneut Hicham Boujerad verwandelte sicher zum 3:0\u00a0 und empfahl sich auch f\u00fcr die Zukunft als Elfmetersch\u00fctze. Ungl\u00fccklich, dass Lettieri, der diese Saison schon mit einigen Verletzungen zu k\u00e4mpfen hatte, nach seinem Assist und nur 18 Minuten Einsatzzeit erneut angeschlagen ausgewechselt werden musste. Die Partie war sp\u00e4testens nach dem 3:0 entschieden, in der letzten Minute hatte Niederrad noch die gro\u00dfe Chance auf den Ehrentreffer, doch Torwart Hamouti kl\u00e4rte mit Fu\u00dfabwehr gegen den freistehenden St\u00fcrmer.<\/p>\n<p>Niederrads Interimstrainer Dominik Abdala nach dem Spiel: \u201eBornheim ist nat\u00fcrlich eine sehr spielstarke Mannschaft, Gl\u00fcckwunsch an die Jungs, die haben das am Ende souver\u00e4n nach Hause gefahren. Wir hatten uns vorgenommen, heute einfach gut zu stehen, gegen einen starken Gegner nicht zu viel zuzulassen, die Jungs haben alles gegeben, haben gefightet, nat\u00fcrlich verlieren wir nicht gerne, aber sind jetzt auch nicht ganz unzufrieden, von daher schauen wir auf Sonntag.\u201c<\/p>\n<p>Bornheims Trainer Yalcin: \u201eHausaufgaben gemacht, ich denke, das war ein gutes Spiel von uns, vor allem von unseren Jungs, die lange nicht gespielt haben oder auf neue Positionen rotiert sind, und da ist normal, dass die Abl\u00e4ufe nicht immer so sind, wie man sich das w\u00fcnscht, aber im Gro\u00dfen und Ganzen kann ich sagen, das war ein verdienter Sieg. Wir sind eine Runde weiter und der Fokus geht jetzt wieder auf die Liga.\u201c Bornheims Gegner im Viertelfinale wird Anfang n\u00e4chsten Jahres ausgelost.<\/p>\n<p>W\u00e4hrend Union Niederrad am n\u00e4chsten Wochenende zum TuS Makkabi muss, empfangen die Bornheimer den SV Pars Neu-Isenburg.<\/p>\n<h4>Schiedsrichter: Albano Cela (SV Bonames). Zuschauer:150.<\/h4>\n<h4>Tore: 0:1 Hicham Boujerad (2., Elfmeter), 0:2 Diego Jansen (31.), 0:3 Hicham Boujerad (68., Elfmeter)<\/h4>\n<blockquote>\n<h4>Anbei die Fotos von Andre Sturmeit.<\/h4>\n<\/blockquote>\n\n\n<figure class=\"wp-block-image size-large\"><img loading=\"lazy\" decoding=\"async\" width=\"1024\" height=\"683\" src=\"http:\/\/insideamateurfussball-ffm.de\/wp-content\/uploads\/2025\/11\/KPO_Union-SGB_251111-24-1024x683.jpg\" alt=\"\" class=\"wp-image-29336\" srcset=\"https:\/\/insideamateurfussball-ffm.de\/wp-content\/uploads\/2025\/11\/KPO_Union-SGB_251111-24-1024x683.jpg 1024w, https:\/\/insideamateurfussball-ffm.de\/wp-content\/uploads\/2025\/11\/KPO_Union-SGB_251111-24-300x200.jpg 300w, https:\/\/insideamateurfussball-ffm.de\/wp-content\/uploads\/2025\/11\/KPO_Union-SGB_251111-24-768x512.jpg 768w, https:\/\/insideamateurfussball-ffm.de\/wp-content\/uploads\/2025\/11\/KPO_Union-SGB_251111-24-1536x1024.jpg 1536w, https:\/\/insideamateurfussball-ffm.de\/wp-content\/uploads\/2025\/11\/KPO_Union-SGB_251111-24-2048x1365.jpg 2048w\" sizes=\"auto, (max-width: 1024px) 100vw, 1024px\" \/><\/figure>\n\n\n\n<figure class=\"wp-block-image size-large\"><img loading=\"lazy\" decoding=\"async\" width=\"1024\" height=\"683\" src=\"http:\/\/insideamateurfussball-ffm.de\/wp-content\/uploads\/2025\/11\/KPO_Union-SGB_251111-34-1024x683.jpg\" alt=\"\" class=\"wp-image-29337\" srcset=\"https:\/\/insideamateurfussball-ffm.de\/wp-content\/uploads\/2025\/11\/KPO_Union-SGB_251111-34-1024x683.jpg 1024w, https:\/\/insideamateurfussball-ffm.de\/wp-content\/uploads\/2025\/11\/KPO_Union-SGB_251111-34-300x200.jpg 300w, https:\/\/insideamateurfussball-ffm.de\/wp-content\/uploads\/2025\/11\/KPO_Union-SGB_251111-34-768x512.jpg 768w, https:\/\/insideamateurfussball-ffm.de\/wp-content\/uploads\/2025\/11\/KPO_Union-SGB_251111-34-1536x1024.jpg 1536w, https:\/\/insideamateurfussball-ffm.de\/wp-content\/uploads\/2025\/11\/KPO_Union-SGB_251111-34-2048x1365.jpg 2048w\" sizes=\"auto, (max-width: 1024px) 100vw, 1024px\" \/><\/figure>\n\n\n\n<figure class=\"wp-block-image size-large\"><img loading=\"lazy\" decoding=\"async\" width=\"1024\" height=\"683\" src=\"http:\/\/insideamateurfussball-ffm.de\/wp-content\/uploads\/2025\/11\/KPO_Union-SGB_251111-56-1024x683.jpg\" alt=\"\" class=\"wp-image-29340\" srcset=\"https:\/\/insideamateurfussball-ffm.de\/wp-content\/uploads\/2025\/11\/KPO_Union-SGB_251111-56-1024x683.jpg 1024w, https:\/\/insideamateurfussball-ffm.de\/wp-content\/uploads\/2025\/11\/KPO_Union-SGB_251111-56-300x200.jpg 300w, https:\/\/insideamateurfussball-ffm.de\/wp-content\/uploads\/2025\/11\/KPO_Union-SGB_251111-56-768x512.jpg 768w, https:\/\/insideamateurfussball-ffm.de\/wp-content\/uploads\/2025\/11\/KPO_Union-SGB_251111-56-1536x1024.jpg 1536w, https:\/\/insideamateurfussball-ffm.de\/wp-content\/uploads\/2025\/11\/KPO_Union-SGB_251111-56-2048x1365.jpg 2048w\" sizes=\"auto, (max-width: 1024px) 100vw, 1024px\" \/><\/figure>\n\n\n\n<figure class=\"wp-block-image size-large\"><img loading=\"lazy\" decoding=\"async\" width=\"1024\" height=\"683\" src=\"http:\/\/insideamateurfussball-ffm.de\/wp-content\/uploads\/2025\/11\/KPO_Union-SGB_251111-166-1024x683.jpg\" alt=\"\" class=\"wp-image-29342\" srcset=\"https:\/\/insideamateurfussball-ffm.de\/wp-content\/uploads\/2025\/11\/KPO_Union-SGB_251111-166-1024x683.jpg 1024w, https:\/\/insideamateurfussball-ffm.de\/wp-content\/uploads\/2025\/11\/KPO_Union-SGB_251111-166-300x200.jpg 300w, https:\/\/insideamateurfussball-ffm.de\/wp-content\/uploads\/2025\/11\/KPO_Union-SGB_251111-166-768x512.jpg 768w, https:\/\/insideamateurfussball-ffm.de\/wp-content\/uploads\/2025\/11\/KPO_Union-SGB_251111-166-1536x1024.jpg 1536w, https:\/\/insideamateurfussball-ffm.de\/wp-content\/uploads\/2025\/11\/KPO_Union-SGB_251111-166-2048x1365.jpg 2048w\" sizes=\"auto, (max-width: 1024px) 100vw, 1024px\" \/><\/figure>\n\n\n\n<figure class=\"wp-block-image size-large\"><img loading=\"lazy\" decoding=\"async\" width=\"1024\" height=\"683\" src=\"http:\/\/insideamateurfussball-ffm.de\/wp-content\/uploads\/2025\/11\/KPO_Union-SGB_251111-204-1024x683.jpg\" alt=\"\" class=\"wp-image-29343\" srcset=\"https:\/\/insideamateurfussball-ffm.de\/wp-content\/uploads\/2025\/11\/KPO_Union-SGB_251111-204-1024x683.jpg 1024w, https:\/\/insideamateurfussball-ffm.de\/wp-content\/uploads\/2025\/11\/KPO_Union-SGB_251111-204-300x200.jpg 300w, https:\/\/insideamateurfussball-ffm.de\/wp-content\/uploads\/2025\/11\/KPO_Union-SGB_251111-204-768x512.jpg 768w, https:\/\/insideamateurfussball-ffm.de\/wp-content\/uploads\/2025\/11\/KPO_Union-SGB_251111-204-1536x1024.jpg 1536w, https:\/\/insideamateurfussball-ffm.de\/wp-content\/uploads\/2025\/11\/KPO_Union-SGB_251111-204-2048x1365.jpg 2048w\" sizes=\"auto, (max-width: 1024px) 100vw, 1024px\" \/><\/figure>\n\n\n\n<figure class=\"wp-block-image size-large\"><img loading=\"lazy\" decoding=\"async\" width=\"1024\" height=\"683\" src=\"http:\/\/insideamateurfussball-ffm.de\/wp-content\/uploads\/2025\/11\/KPO_Union-SGB_251111-209-1024x683.jpg\" alt=\"\" class=\"wp-image-29344\" srcset=\"https:\/\/insideamateurfussball-ffm.de\/wp-content\/uploads\/2025\/11\/KPO_Union-SGB_251111-209-1024x683.jpg 1024w, https:\/\/insideamateurfussball-ffm.de\/wp-content\/uploads\/2025\/11\/KPO_Union-SGB_251111-209-300x200.jpg 300w, https:\/\/insideamateurfussball-ffm.de\/wp-content\/uploads\/2025\/11\/KPO_Union-SGB_251111-209-768x512.jpg 768w, https:\/\/insideamateurfussball-ffm.de\/wp-content\/uploads\/2025\/11\/KPO_Union-SGB_251111-209-1536x1024.jpg 1536w, https:\/\/insideamateurfussball-ffm.de\/wp-content\/uploads\/2025\/11\/KPO_Union-SGB_251111-209-2048x1365.jpg 2048w\" sizes=\"auto, (max-width: 1024px) 100vw, 1024px\" \/><\/figure>\n\n\n\n<figure class=\"wp-block-image size-large\"><img loading=\"lazy\" decoding=\"async\" width=\"1024\" height=\"683\" src=\"http:\/\/insideamateurfussball-ffm.de\/wp-content\/uploads\/2025\/11\/KPO_Union-SGB_251111-223-1024x683.jpg\" alt=\"\" class=\"wp-image-29345\" srcset=\"https:\/\/insideamateurfussball-ffm.de\/wp-content\/uploads\/2025\/11\/KPO_Union-SGB_251111-223-1024x683.jpg 1024w, https:\/\/insideamateurfussball-ffm.de\/wp-content\/uploads\/2025\/11\/KPO_Union-SGB_251111-223-300x200.jpg 300w, https:\/\/insideamateurfussball-ffm.de\/wp-content\/uploads\/2025\/11\/KPO_Union-SGB_251111-223-768x512.jpg 768w, https:\/\/insideamateurfussball-ffm.de\/wp-content\/uploads\/2025\/11\/KPO_Union-SGB_251111-223-1536x1024.jpg 1536w, https:\/\/insideamateurfussball-ffm.de\/wp-content\/uploads\/2025\/11\/KPO_Union-SGB_251111-223-2048x1365.jpg 2048w\" sizes=\"auto, (max-width: 1024px) 100vw, 1024px\" \/><\/figure>\n\n\n\n<figure class=\"wp-block-image size-large\"><img loading=\"lazy\" decoding=\"async\" width=\"1024\" height=\"683\" src=\"http:\/\/insideamateurfussball-ffm.de\/wp-content\/uploads\/2025\/11\/KPO_Union-SGB_251111-246-1024x683.jpg\" alt=\"\" class=\"wp-image-29346\" srcset=\"https:\/\/insideamateurfussball-ffm.de\/wp-content\/uploads\/2025\/11\/KPO_Union-SGB_251111-246-1024x683.jpg 1024w, https:\/\/insideamateurfussball-ffm.de\/wp-content\/uploads\/2025\/11\/KPO_Union-SGB_251111-246-300x200.jpg 300w, https:\/\/insideamateurfussball-ffm.de\/wp-content\/uploads\/2025\/11\/KPO_Union-SGB_251111-246-768x512.jpg 768w, https:\/\/insideamateurfussball-ffm.de\/wp-content\/uploads\/2025\/11\/KPO_Union-SGB_251111-246-1536x1024.jpg 1536w, https:\/\/insideamateurfussball-ffm.de\/wp-content\/uploads\/2025\/11\/KPO_Union-SGB_251111-246-2048x1365.jpg 2048w\" sizes=\"auto, (max-width: 1024px) 100vw, 1024px\" \/><\/figure>\n\n\n\n<figure class=\"wp-block-image size-large\"><img loading=\"lazy\" decoding=\"async\" width=\"1024\" height=\"683\" src=\"http:\/\/insideamateurfussball-ffm.de\/wp-content\/uploads\/2025\/11\/KPO_Union-SGB_251111-265-1024x683.jpg\" alt=\"\" class=\"wp-image-29347\" srcset=\"https:\/\/insideamateurfussball-ffm.de\/wp-content\/uploads\/2025\/11\/KPO_Union-SGB_251111-265-1024x683.jpg 1024w, https:\/\/insideamateurfussball-ffm.de\/wp-content\/uploads\/2025\/11\/KPO_Union-SGB_251111-265-300x200.jpg 300w, https:\/\/insideamateurfussball-ffm.de\/wp-content\/uploads\/2025\/11\/KPO_Union-SGB_251111-265-768x512.jpg 768w, https:\/\/insideamateurfussball-ffm.de\/wp-content\/uploads\/2025\/11\/KPO_Union-SGB_251111-265-1536x1024.jpg 1536w, https:\/\/insideamateurfussball-ffm.de\/wp-content\/uploads\/2025\/11\/KPO_Union-SGB_251111-265-2048x1365.jpg 2048w\" sizes=\"auto, (max-width: 1024px) 100vw, 1024px\" \/><\/figure>\n\n\n\n<figure class=\"wp-block-image size-large\"><img loading=\"lazy\" decoding=\"async\" width=\"1024\" height=\"683\" src=\"http:\/\/insideamateurfussball-ffm.de\/wp-content\/uploads\/2025\/11\/KPO_Union-SGB_251111-291-1024x683.jpg\" alt=\"\" class=\"wp-image-29348\" srcset=\"https:\/\/insideamateurfussball-ffm.de\/wp-content\/uploads\/2025\/11\/KPO_Union-SGB_251111-291-1024x683.jpg 1024w, https:\/\/insideamateurfussball-ffm.de\/wp-content\/uploads\/2025\/11\/KPO_Union-SGB_251111-291-300x200.jpg 300w, https:\/\/insideamateurfussball-ffm.de\/wp-content\/uploads\/2025\/11\/KPO_Union-SGB_251111-291-768x512.jpg 768w, https:\/\/insideamateurfussball-ffm.de\/wp-content\/uploads\/2025\/11\/KPO_Union-SGB_251111-291-1536x1024.jpg 1536w, https:\/\/insideamateurfussball-ffm.de\/wp-content\/uploads\/2025\/11\/KPO_Union-SGB_251111-291-2048x1365.jpg 2048w\" sizes=\"auto, (max-width: 1024px) 100vw, 1024px\" \/><\/figure>\n\n\n\n<figure class=\"wp-block-image size-large\"><img loading=\"lazy\" decoding=\"async\" width=\"1024\" height=\"683\" src=\"http:\/\/insideamateurfussball-ffm.de\/wp-content\/uploads\/2025\/11\/KPO_Union-SGB_251111-302-1024x683.jpg\" alt=\"\" class=\"wp-image-29349\" srcset=\"https:\/\/insideamateurfussball-ffm.de\/wp-content\/uploads\/2025\/11\/KPO_Union-SGB_251111-302-1024x683.jpg 1024w, https:\/\/insideamateurfussball-ffm.de\/wp-content\/uploads\/2025\/11\/KPO_Union-SGB_251111-302-300x200.jpg 300w, https:\/\/insideamateurfussball-ffm.de\/wp-content\/uploads\/2025\/11\/KPO_Union-SGB_251111-302-768x512.jpg 768w, https:\/\/insideamateurfussball-ffm.de\/wp-content\/uploads\/2025\/11\/KPO_Union-SGB_251111-302-1536x1024.jpg 1536w, https:\/\/insideamateurfussball-ffm.de\/wp-content\/uploads\/2025\/11\/KPO_Union-SGB_251111-302-2048x1365.jpg 2048w\" sizes=\"auto, (max-width: 1024px) 100vw, 1024px\" \/><\/figure>\n\n\n\n<figure class=\"wp-block-image size-large\"><img loading=\"lazy\" decoding=\"async\" width=\"1024\" height=\"683\" src=\"http:\/\/insideamateurfussball-ffm.de\/wp-content\/uploads\/2025\/11\/KPO_Union-SGB_251111-314-1024x683.jpg\" alt=\"\" class=\"wp-image-29350\" srcset=\"https:\/\/insideamateurfussball-ffm.de\/wp-content\/uploads\/2025\/11\/KPO_Union-SGB_251111-314-1024x683.jpg 1024w, https:\/\/insideamateurfussball-ffm.de\/wp-content\/uploads\/2025\/11\/KPO_Union-SGB_251111-314-300x200.jpg 300w, https:\/\/insideamateurfussball-ffm.de\/wp-content\/uploads\/2025\/11\/KPO_Union-SGB_251111-314-768x512.jpg 768w, https:\/\/insideamateurfussball-ffm.de\/wp-content\/uploads\/2025\/11\/KPO_Union-SGB_251111-314-1536x1024.jpg 1536w, https:\/\/insideamateurfussball-ffm.de\/wp-content\/uploads\/2025\/11\/KPO_Union-SGB_251111-314-2048x1365.jpg 2048w\" sizes=\"auto, (max-width: 1024px) 100vw, 1024px\" \/><\/figure>\n\n\n\n<figure class=\"wp-block-image size-large\"><img loading=\"lazy\" decoding=\"async\" width=\"1024\" height=\"683\" src=\"http:\/\/insideamateurfussball-ffm.de\/wp-content\/uploads\/2025\/11\/KPO_Union-SGB_251111-337-1024x683.jpg\" alt=\"\" class=\"wp-image-29351\" srcset=\"https:\/\/insideamateurfussball-ffm.de\/wp-content\/uploads\/2025\/11\/KPO_Union-SGB_251111-337-1024x683.jpg 1024w, https:\/\/insideamateurfussball-ffm.de\/wp-content\/uploads\/2025\/11\/KPO_Union-SGB_251111-337-300x200.jpg 300w, https:\/\/insideamateurfussball-ffm.de\/wp-content\/uploads\/2025\/11\/KPO_Union-SGB_251111-337-768x512.jpg 768w, https:\/\/insideamateurfussball-ffm.de\/wp-content\/uploads\/2025\/11\/KPO_Union-SGB_251111-337-1536x1024.jpg 1536w, https:\/\/insideamateurfussball-ffm.de\/wp-content\/uploads\/2025\/11\/KPO_Union-SGB_251111-337-2048x1365.jpg 2048w\" sizes=\"auto, (max-width: 1024px) 100vw, 1024px\" \/><\/figure>\n\n\n\n<figure class=\"wp-block-image size-large\"><img loading=\"lazy\" decoding=\"async\" width=\"1024\" height=\"683\" src=\"http:\/\/insideamateurfussball-ffm.de\/wp-content\/uploads\/2025\/11\/KPO_Union-SGB_251111-359-1024x683.jpg\" alt=\"\" class=\"wp-image-29352\" srcset=\"https:\/\/insideamateurfussball-ffm.de\/wp-content\/uploads\/2025\/11\/KPO_Union-SGB_251111-359-1024x683.jpg 1024w, https:\/\/insideamateurfussball-ffm.de\/wp-content\/uploads\/2025\/11\/KPO_Union-SGB_251111-359-300x200.jpg 300w, https:\/\/insideamateurfussball-ffm.de\/wp-content\/uploads\/2025\/11\/KPO_Union-SGB_251111-359-768x512.jpg 768w, https:\/\/insideamateurfussball-ffm.de\/wp-content\/uploads\/2025\/11\/KPO_Union-SGB_251111-359-1536x1024.jpg 1536w, https:\/\/insideamateurfussball-ffm.de\/wp-content\/uploads\/2025\/11\/KPO_Union-SGB_251111-359-2048x1365.jpg 2048w\" sizes=\"auto, (max-width: 1024px) 100vw, 1024px\" \/><\/figure>\n","protected":false},"excerpt":{"rendered":"<p>Verbandsligist SG Bornheim\/Gr\u00fcn-Wei\u00df setzte sich im Achtelfinale des Kreispokals mit 3:0 sicher bei Kreisoberligist Union Niederrad durch, bei denen mit Dominik Abdala ein Interimstrainer auf der Bank sa\u00df. FC Union Niederrad &#8211; SG Bornheim\/Gr\u00fcn-Wei\u00df 0:3 (0:2) Vor dem Kreispokal-Achtelfinale gegen den Verbandsligisten SG Bornheim\/Gr\u00fcn-Wei\u00df wurde beim FC Union Niederrad bekannt, dass nach der 1:4-Niederlage beim [&hellip;]<\/p>\n","protected":false},"author":3,"featured_media":29339,"comment_status":"closed","ping_status":"open","sticky":true,"template":"","format":"standard","meta":{"footnotes":""},"categories":[9],"tags":[],"class_list":["post-29328","post","type-post","status-publish","format-standard","has-post-thumbnail","hentry","category-kreispokal"],"_links":{"self":[{"href":"https:\/\/insideamateurfussball-ffm.de\/index.php?rest_route=\/wp\/v2\/posts\/29328","targetHints":{"allow":["GET"]}}],"collection":[{"href":"https:\/\/insideamateurfussball-ffm.de\/index.php?rest_route=\/wp\/v2\/posts"}],"about":[{"href":"https:\/\/insideamateurfussball-ffm.de\/index.php?rest_route=\/wp\/v2\/types\/post"}],"author":[{"embeddable":true,"href":"https:\/\/insideamateurfussball-ffm.de\/index.php?rest_route=\/wp\/v2\/users\/3"}],"replies":[{"embeddable":true,"href":"https:\/\/insideamateurfussball-ffm.de\/index.php?rest_route=%2Fwp%2Fv2%2Fcomments&post=29328"}],"version-history":[{"count":5,"href":"https:\/\/insideamateurfussball-ffm.de\/index.php?rest_route=\/wp\/v2\/posts\/29328\/revisions"}],"predecessor-version":[{"id":29355,"href":"https:\/\/insideamateurfussball-ffm.de\/index.php?rest_route=\/wp\/v2\/posts\/29328\/revisions\/29355"}],"wp:featuredmedia":[{"embeddable":true,"href":"https:\/\/insideamateurfussball-ffm.de\/index.php?rest_route=\/wp\/v2\/media\/29339"}],"wp:attachment":[{"href":"https:\/\/insideamateurfussball-ffm.de\/index.php?rest_route=%2Fwp%2Fv2%2Fmedia&parent=29328"}],"wp:term":[{"taxonomy":"category","embeddable":true,"href":"https:\/\/insideamateurfussball-ffm.de\/index.php?rest_route=%2Fwp%2Fv2%2Fcategories&post=29328"},{"taxonomy":"post_tag","embeddable":true,"href":"https:\/\/insideamateurfussball-ffm.de\/index.php?rest_route=%2Fwp%2Fv2%2Ftags&post=29328"}],"curies":[{"name":"wp","href":"https:\/\/api.w.org\/{rel}","templated":true}]}}