{"id":29322,"date":"2025-11-11T18:41:02","date_gmt":"2025-11-11T17:41:02","guid":{"rendered":"https:\/\/insideamateurfussball-ffm.de\/?p=29322"},"modified":"2025-11-11T18:43:50","modified_gmt":"2025-11-11T17:43:50","slug":"schlusslicht-gsu-hellas-achtungserfolg-in-heddernheim","status":"publish","type":"post","link":"https:\/\/insideamateurfussball-ffm.de\/?p=29322","title":{"rendered":"Schlusslicht GSU Hellas: Achtungserfolg in Heddernheim"},"content":{"rendered":"<h4>Der SV 07 Heddernheim kam gegen Schlusslicht GSU Hellas nicht \u00fcber ein 3:3 hinaus und fiel in der Tabelle auf Rang vier zur\u00fcck. Der Aufsteiger landete an der Br\u00fchlwiese einen Achtungserfolg und bewies, dass man sich im Kampf um den Klassenerhalt keineswegs aufgibt.<\/h4>\n<figure id=\"attachment_29323\" aria-describedby=\"caption-attachment-29323\" style=\"width: 2048px\" class=\"wp-caption alignnone\"><img loading=\"lazy\" decoding=\"async\" class=\"wp-image-29323 size-full\" src=\"http:\/\/insideamateurfussball-ffm.de\/wp-content\/uploads\/2025\/11\/Hed-GSU.jpg\" alt=\"\" width=\"2048\" height=\"1536\" srcset=\"https:\/\/insideamateurfussball-ffm.de\/wp-content\/uploads\/2025\/11\/Hed-GSU.jpg 2048w, https:\/\/insideamateurfussball-ffm.de\/wp-content\/uploads\/2025\/11\/Hed-GSU-300x225.jpg 300w, https:\/\/insideamateurfussball-ffm.de\/wp-content\/uploads\/2025\/11\/Hed-GSU-1024x768.jpg 1024w, https:\/\/insideamateurfussball-ffm.de\/wp-content\/uploads\/2025\/11\/Hed-GSU-768x576.jpg 768w, https:\/\/insideamateurfussball-ffm.de\/wp-content\/uploads\/2025\/11\/Hed-GSU-1536x1152.jpg 1536w\" sizes=\"auto, (max-width: 2048px) 100vw, 2048px\" \/><figcaption id=\"caption-attachment-29323\" class=\"wp-caption-text\">Da war es fast schon dunkel, denn dieses Spiel begann erst um 15 Uhr. Foto: PA.<\/figcaption><\/figure>\n<h4>SV 07 Heddernheim &#8211; GSU Hellas 3:3 (2:2)<\/h4>\n<p><img loading=\"lazy\" decoding=\"async\" class=\"alignnone size-full wp-image-302\" src=\"http:\/\/insideamateurfussball-ffm.de\/wp-content\/uploads\/2022\/05\/1sv07_news2_4511-1.jpg\" alt=\"\" width=\"80\" height=\"80\" \/><img loading=\"lazy\" decoding=\"async\" class=\"alignnone size-full wp-image-17152\" src=\"http:\/\/insideamateurfussball-ffm.de\/wp-content\/uploads\/2024\/03\/GSU-Hellas.png\" alt=\"\" width=\"80\" height=\"80\" \/><\/p>\n<p>Erstmals seit dem 20. Mai 2007, also seit \u00fcber 18 Jahren, empfingen die Heddernheimer eine Mannschaft der GSU Hellas. Seinerzeit hatte es noch unter der Regie des legend\u00e4ren Peter G\u00f6bel einen 10:2-Sieg \u00fcber den sp\u00e4teren Absteiger gegeben. Diesmal reichte es gegen den Neuling und Tabellenletzten trotz dreimaliger F\u00fchrung nur zu einem 3:3. Die Heddernheimer zehren noch vom Superstart mit f\u00fcnf Siegen und 15 Punkten. In den folgenden neun Partien wurden nur noch elf Z\u00e4hler gesammelt. Dabei waren die Gastgeber auch ohne Antonie Willef\u00fchr optimal gestartet und waren fr\u00fch in F\u00fchrung gegangen. Auf Vorlage von Cherano Willef\u00fchr vollendete Luka Filip Brnas mit Hilfe des Innenpfostens zum 1:0 (2.). Dann verursachte Kapit\u00e4n Dogan Nazim Erbulan einen Freisto\u00df, erhielt die einzige Heddernheimer Gelbe Karte, die zum Ende noch Folgen haben sollte.<\/p>\n<p>Den f\u00e4lligen ruhenden Ball verwandelte Alexandros Christos Selepesis direkt zum Ausgleich f\u00fcr die Griechen (9.). Dann aber traf auf der anderen Seite nach einem Eckball von Giuliano Amante am langen Pfosten Christos Papadopoulos gegen seinen Ex-Verein, den er zum Aufstieg geschossen hatte (13.) und verzichtete auf exzessiven Torjubel. Im eigenen Strafraum lie\u00df man dann GSU-Kapit\u00e4n Georgios Rafail Vassiliou zu viel Platz und das Schlusslicht, das nicht als solcher auftrat, konnte ausgleichen (20.). Heddernheim hatte dann einen Lattenschuss durch Marco Yatci (27.), ehe die G\u00e4ste schon nach 34 und 37 Minuten zwei Wechsel und sogar einen R\u00fcckwechsel vollzogen. Nach nur drei Minuten sch\u00f6pferischer Pause wurde Anastasios Kalaitsoglou wieder eingewechselt.<\/p>\n<blockquote>\n<h4>Nachspielzeit in Unterzahl &#8211; Gelb-Rot gegen Erbulan (90.).<\/h4>\n<\/blockquote>\n<p>Nach dem Seitenwechsel schien der Favorit die Partie wieder an sich zu rei\u00dfen, denn Torj\u00e4ger Cherano Willef\u00fchr gelang per Kopfball auf Flanke von Marco Yatci sein 16. Saisontreffer (50.). Hellas antwortete mit einem Lattenknaller von Vassiliou (55.) und h\u00e4tte nach einem b\u00f6sen Schnitzer der Heddernheimer im Spielaufbau durch Vassiliou beinahe zu diesem Zeitpunkt schon ausgeglichen (63.). Der fiel dann in der 80. Minute, als sich SVH-Torh\u00fcter Marc Tomczyk bei einem in den Strafraum gespielten Freisto\u00df versch\u00e4tzte und Leonidas Amanatidis zum 3:3 einschob (80.). Die f\u00fcnf Minuten Nachspielzeit musste Heddernheim in Unterzahl auskommen, da Erbulan sich eine Position vor ins Mittelfeld schob, dabei sein zweites Foul beging und mit Gelb-Rot runter musste (90.). Entt\u00e4uscht zeigte sich SVH-Trainer Andreas Berggold \u00fcber den schwachen Auftritt, der nicht mit h\u00f6heren Anspr\u00fcchen in Einklang zu bringen sei: &#8222;Das Ergebnis ist vom Spielverlauf absolut verdient f\u00fcr Hellas. Trotz des fr\u00fchen F\u00fchrungstors haben wir nie richtig ins Spiel gefunden. Das war schlechter, unkonzentrierter Fu\u00dfball ohne klare Linie. Nach so einer Leistung braucht keiner erz\u00e4hlen, dass wir weiter oben mitspielen oder von sonstigen Zielen tr\u00e4umen. Hellas war giftig und bissig, den Punkt haben sie redlich verdient.&#8220;<\/p>\n<p>Der neue GSU Hellas-Trainer Miroslav Lukacic war nach seinem ersten Punktgewinn zufrieden: &#8222;Das Gegentor in der zweiten Minute war \u00e4rgerlich, aber danach haben wir unser Ding durchgezogen. Einsatz und Wille waren da. Das 3:3 war verdient, den Punkt nehmen wir gerne mit.&#8220; N\u00e4chsten Sonntag wollen sich die Heddernheimer gegen Germania Enkheim wieder besser pr\u00e4sentieren (15 Uhr). Zeitgleich gastiert die GSU Hellas bei der SG Harheim.<\/p>\n<blockquote>\n<h4>Schiedsrichter: Oliver Krause (SKG Ober-Beerbach). Zuschauer: 77.<\/h4>\n<h4>Tore: 1:0 Luka Filip Brnas (2.), 1:1 Alexandros Christos Selpesis (9.), 2:1 Christos Papadopoulos (13.), 2:2 Giorgios Rafail Vassiliou (20.), 3:2 Cherano Willef\u00fchr (50.), 3:3 Leonidas Amanatidis (80.).<\/h4>\n<\/blockquote>\n","protected":false},"excerpt":{"rendered":"<p>Der SV 07 Heddernheim kam gegen Schlusslicht GSU Hellas nicht \u00fcber ein 3:3 hinaus und fiel in der Tabelle auf Rang vier zur\u00fcck. Der Aufsteiger landete an der Br\u00fchlwiese einen Achtungserfolg und bewies, dass man sich im Kampf um den Klassenerhalt keineswegs aufgibt. SV 07 Heddernheim &#8211; GSU Hellas 3:3 (2:2) Erstmals seit dem 20. [&hellip;]<\/p>\n","protected":false},"author":1,"featured_media":29323,"comment_status":"closed","ping_status":"closed","sticky":true,"template":"","format":"standard","meta":{"footnotes":""},"categories":[2],"tags":[],"class_list":["post-29322","post","type-post","status-publish","format-standard","has-post-thumbnail","hentry","category-kreisoberliga-frankfurt"],"_links":{"self":[{"href":"https:\/\/insideamateurfussball-ffm.de\/index.php?rest_route=\/wp\/v2\/posts\/29322","targetHints":{"allow":["GET"]}}],"collection":[{"href":"https:\/\/insideamateurfussball-ffm.de\/index.php?rest_route=\/wp\/v2\/posts"}],"about":[{"href":"https:\/\/insideamateurfussball-ffm.de\/index.php?rest_route=\/wp\/v2\/types\/post"}],"author":[{"embeddable":true,"href":"https:\/\/insideamateurfussball-ffm.de\/index.php?rest_route=\/wp\/v2\/users\/1"}],"replies":[{"embeddable":true,"href":"https:\/\/insideamateurfussball-ffm.de\/index.php?rest_route=%2Fwp%2Fv2%2Fcomments&post=29322"}],"version-history":[{"count":4,"href":"https:\/\/insideamateurfussball-ffm.de\/index.php?rest_route=\/wp\/v2\/posts\/29322\/revisions"}],"predecessor-version":[{"id":29327,"href":"https:\/\/insideamateurfussball-ffm.de\/index.php?rest_route=\/wp\/v2\/posts\/29322\/revisions\/29327"}],"wp:featuredmedia":[{"embeddable":true,"href":"https:\/\/insideamateurfussball-ffm.de\/index.php?rest_route=\/wp\/v2\/media\/29323"}],"wp:attachment":[{"href":"https:\/\/insideamateurfussball-ffm.de\/index.php?rest_route=%2Fwp%2Fv2%2Fmedia&parent=29322"}],"wp:term":[{"taxonomy":"category","embeddable":true,"href":"https:\/\/insideamateurfussball-ffm.de\/index.php?rest_route=%2Fwp%2Fv2%2Fcategories&post=29322"},{"taxonomy":"post_tag","embeddable":true,"href":"https:\/\/insideamateurfussball-ffm.de\/index.php?rest_route=%2Fwp%2Fv2%2Ftags&post=29322"}],"curies":[{"name":"wp","href":"https:\/\/api.w.org\/{rel}","templated":true}]}}