{"id":29310,"date":"2025-11-11T17:54:44","date_gmt":"2025-11-11T16:54:44","guid":{"rendered":"https:\/\/insideamateurfussball-ffm.de\/?p=29310"},"modified":"2025-11-11T17:54:44","modified_gmt":"2025-11-11T16:54:44","slug":"westend-reicht-ein-treffer-gegen-croatia","status":"publish","type":"post","link":"https:\/\/insideamateurfussball-ffm.de\/?p=29310","title":{"rendered":"Westend reicht ein Treffer gegen Croatia"},"content":{"rendered":"<h4>Der SG Westend reichte ein Treffer zum 1:0-Sieg gegen den weiterhin personell d\u00fcnn aufgestellten FC Croatia, wodurch man in der Tabelle nach Punkten mit den G\u00e4sten gleichzog. Beide Teams stehen nun mit 20 Z\u00e4hlern auf den R\u00e4ngen zehn und elf.\u00a0<\/h4>\n<figure id=\"attachment_29311\" aria-describedby=\"caption-attachment-29311\" style=\"width: 895px\" class=\"wp-caption alignnone\"><img loading=\"lazy\" decoding=\"async\" class=\"wp-image-29311\" src=\"http:\/\/insideamateurfussball-ffm.de\/wp-content\/uploads\/2025\/11\/weste-croa6.jpg\" alt=\"\" width=\"895\" height=\"681\" srcset=\"https:\/\/insideamateurfussball-ffm.de\/wp-content\/uploads\/2025\/11\/weste-croa6.jpg 886w, https:\/\/insideamateurfussball-ffm.de\/wp-content\/uploads\/2025\/11\/weste-croa6-300x228.jpg 300w, https:\/\/insideamateurfussball-ffm.de\/wp-content\/uploads\/2025\/11\/weste-croa6-768x584.jpg 768w\" sizes=\"auto, (max-width: 895px) 100vw, 895px\" \/><figcaption id=\"caption-attachment-29311\" class=\"wp-caption-text\">Croatia-Spieler Marko Krunic (Mitte) wird von Westend-Akteur Amin Kambuhe und einem Mitspieler in die Zange genommen. Foto: Mithat G\u00fcrser.\u00a0<\/figcaption><\/figure>\n<h4>SG Westend &#8211; FC Croatia 1:0 (0:0)<\/h4>\n<p><img loading=\"lazy\" decoding=\"async\" class=\"alignnone size-full wp-image-611\" src=\"http:\/\/insideamateurfussball-ffm.de\/wp-content\/uploads\/2022\/06\/Westend.png\" alt=\"\" width=\"69\" height=\"80\" \/><img loading=\"lazy\" decoding=\"async\" class=\"alignnone size-full wp-image-29\" src=\"http:\/\/insideamateurfussball-ffm.de\/wp-content\/uploads\/2021\/11\/croatia.jpg\" alt=\"\" width=\"63\" height=\"80\" \/><\/p>\n<p>Westend-Vereinspatron Esad Golos hatte die G\u00e4ste &#8222;anfangs besser&#8220; gesehen. &#8222;Danach haben wir \u00fcberragend gespielt und uns mit einem Konter belohnt. Wir hatten noch weitere Chancen, die wir nicht reingemacht haben.&#8220; Das entscheidende Tor fiel in der 72. Minute durch Ricardo Mankowski. Croatias Pressesprecher Stanislav Konta hatte beobachtet: &#8222;Wir haben gut angefangen und in der ersten halben Stunde 300-prozentige Chancennicht reingemacht und h\u00e4tten bis zur Pause 5:0 f\u00fchren m\u00fcssen. Der Ball wollte nicht ins Tor. Bei Westend ging der erste Schuss gleich rein. Unser Abwehrspieler ist auf dem nassen Rasen ausgerutscht und so hatte der Gegenspieler freie Bahn. Die Mannschaft hat alles aus sich gegeben und ungl\u00fccklich verloren.&#8220;<\/p>\n<p>Am Sonntag erwartet Westend zum Gallus-Derby den Nachbarn FFV Sportfreunde 04. Croatia tritt ebenfalls um 15 Uhr ausw\u00e4rts in R\u00f6delheim an.<\/p>\n<blockquote>\n<h4>Schiedsrichter: Ingmar Schnurr (SV Frauenstein). Zuschauer: 50.<\/h4>\n<h4>Tor: 1:0 Ricardo Mankowski (72.).<\/h4>\n<h4>Bildergalerie: Mithat G\u00fcrser.<\/h4>\n<\/blockquote>\n\n\n<figure class=\"wp-block-image size-full\"><img loading=\"lazy\" decoding=\"async\" width=\"886\" height=\"644\" src=\"https:\/\/insideamateurfussball-ffm.de\/wp-content\/uploads\/2025\/11\/weste-croa10.jpg\" alt=\"\" class=\"wp-image-29312\" srcset=\"https:\/\/insideamateurfussball-ffm.de\/wp-content\/uploads\/2025\/11\/weste-croa10.jpg 886w, https:\/\/insideamateurfussball-ffm.de\/wp-content\/uploads\/2025\/11\/weste-croa10-300x218.jpg 300w, https:\/\/insideamateurfussball-ffm.de\/wp-content\/uploads\/2025\/11\/weste-croa10-768x558.jpg 768w\" sizes=\"auto, (max-width: 886px) 100vw, 886px\" \/><\/figure>\n\n\n\n<figure class=\"wp-block-gallery has-nested-images columns-default is-cropped wp-block-gallery-1 is-layout-flex wp-block-gallery-is-layout-flex\">\n<figure class=\"wp-block-image size-large\"><img loading=\"lazy\" decoding=\"async\" width=\"886\" height=\"630\" data-id=\"29313\" src=\"https:\/\/insideamateurfussball-ffm.de\/wp-content\/uploads\/2025\/11\/weste-croa4.jpg\" alt=\"\" class=\"wp-image-29313\" srcset=\"https:\/\/insideamateurfussball-ffm.de\/wp-content\/uploads\/2025\/11\/weste-croa4.jpg 886w, https:\/\/insideamateurfussball-ffm.de\/wp-content\/uploads\/2025\/11\/weste-croa4-300x213.jpg 300w, https:\/\/insideamateurfussball-ffm.de\/wp-content\/uploads\/2025\/11\/weste-croa4-768x546.jpg 768w\" sizes=\"auto, (max-width: 886px) 100vw, 886px\" \/><\/figure>\n<\/figure>\n\n\n\n<figure class=\"wp-block-image size-large\"><img loading=\"lazy\" decoding=\"async\" width=\"1024\" height=\"726\" src=\"https:\/\/insideamateurfussball-ffm.de\/wp-content\/uploads\/2025\/11\/weste-croa8-1024x726.jpg\" alt=\"\" class=\"wp-image-29314\" srcset=\"https:\/\/insideamateurfussball-ffm.de\/wp-content\/uploads\/2025\/11\/weste-croa8-1024x726.jpg 1024w, https:\/\/insideamateurfussball-ffm.de\/wp-content\/uploads\/2025\/11\/weste-croa8-300x213.jpg 300w, https:\/\/insideamateurfussball-ffm.de\/wp-content\/uploads\/2025\/11\/weste-croa8-768x545.jpg 768w, https:\/\/insideamateurfussball-ffm.de\/wp-content\/uploads\/2025\/11\/weste-croa8.jpg 1055w\" sizes=\"auto, (max-width: 1024px) 100vw, 1024px\" \/><\/figure>\n\n\n\n<figure class=\"wp-block-image size-full\"><img loading=\"lazy\" decoding=\"async\" width=\"886\" height=\"693\" src=\"https:\/\/insideamateurfussball-ffm.de\/wp-content\/uploads\/2025\/11\/weste-croa2.jpg\" alt=\"\" class=\"wp-image-29315\" srcset=\"https:\/\/insideamateurfussball-ffm.de\/wp-content\/uploads\/2025\/11\/weste-croa2.jpg 886w, https:\/\/insideamateurfussball-ffm.de\/wp-content\/uploads\/2025\/11\/weste-croa2-300x235.jpg 300w, https:\/\/insideamateurfussball-ffm.de\/wp-content\/uploads\/2025\/11\/weste-croa2-768x601.jpg 768w\" sizes=\"auto, (max-width: 886px) 100vw, 886px\" \/><\/figure>\n\n\n\n<figure class=\"wp-block-gallery has-nested-images columns-default is-cropped wp-block-gallery-2 is-layout-flex wp-block-gallery-is-layout-flex\">\n<figure class=\"wp-block-image size-large\"><img loading=\"lazy\" decoding=\"async\" width=\"886\" height=\"688\" data-id=\"29316\" src=\"https:\/\/insideamateurfussball-ffm.de\/wp-content\/uploads\/2025\/11\/weste-croa7.jpg\" alt=\"\" class=\"wp-image-29316\" srcset=\"https:\/\/insideamateurfussball-ffm.de\/wp-content\/uploads\/2025\/11\/weste-croa7.jpg 886w, https:\/\/insideamateurfussball-ffm.de\/wp-content\/uploads\/2025\/11\/weste-croa7-300x233.jpg 300w, https:\/\/insideamateurfussball-ffm.de\/wp-content\/uploads\/2025\/11\/weste-croa7-768x596.jpg 768w\" sizes=\"auto, (max-width: 886px) 100vw, 886px\" \/><\/figure>\n<\/figure>\n\n\n\n<figure class=\"wp-block-image size-full\"><img loading=\"lazy\" decoding=\"async\" width=\"886\" height=\"661\" src=\"https:\/\/insideamateurfussball-ffm.de\/wp-content\/uploads\/2025\/11\/weste-croa1.jpg\" alt=\"\" class=\"wp-image-29317\" srcset=\"https:\/\/insideamateurfussball-ffm.de\/wp-content\/uploads\/2025\/11\/weste-croa1.jpg 886w, https:\/\/insideamateurfussball-ffm.de\/wp-content\/uploads\/2025\/11\/weste-croa1-300x224.jpg 300w, https:\/\/insideamateurfussball-ffm.de\/wp-content\/uploads\/2025\/11\/weste-croa1-768x573.jpg 768w\" sizes=\"auto, (max-width: 886px) 100vw, 886px\" \/><\/figure>\n\n\n\n<figure class=\"wp-block-image size-large\"><img loading=\"lazy\" decoding=\"async\" width=\"1024\" height=\"700\" src=\"https:\/\/insideamateurfussball-ffm.de\/wp-content\/uploads\/2025\/11\/weste-croa5-1024x700.jpg\" alt=\"\" class=\"wp-image-29318\" srcset=\"https:\/\/insideamateurfussball-ffm.de\/wp-content\/uploads\/2025\/11\/weste-croa5-1024x700.jpg 1024w, https:\/\/insideamateurfussball-ffm.de\/wp-content\/uploads\/2025\/11\/weste-croa5-300x205.jpg 300w, https:\/\/insideamateurfussball-ffm.de\/wp-content\/uploads\/2025\/11\/weste-croa5-768x525.jpg 768w, https:\/\/insideamateurfussball-ffm.de\/wp-content\/uploads\/2025\/11\/weste-croa5.jpg 1094w\" sizes=\"auto, (max-width: 1024px) 100vw, 1024px\" \/><\/figure>\n\n\n\n<figure class=\"wp-block-image size-full\"><img loading=\"lazy\" decoding=\"async\" width=\"886\" height=\"698\" src=\"https:\/\/insideamateurfussball-ffm.de\/wp-content\/uploads\/2025\/11\/weste-croa9.jpg\" alt=\"\" class=\"wp-image-29319\" srcset=\"https:\/\/insideamateurfussball-ffm.de\/wp-content\/uploads\/2025\/11\/weste-croa9.jpg 886w, https:\/\/insideamateurfussball-ffm.de\/wp-content\/uploads\/2025\/11\/weste-croa9-300x236.jpg 300w, https:\/\/insideamateurfussball-ffm.de\/wp-content\/uploads\/2025\/11\/weste-croa9-768x605.jpg 768w\" sizes=\"auto, (max-width: 886px) 100vw, 886px\" \/><\/figure>\n\n\n\n<figure class=\"wp-block-image size-full\"><img loading=\"lazy\" decoding=\"async\" width=\"886\" height=\"610\" src=\"https:\/\/insideamateurfussball-ffm.de\/wp-content\/uploads\/2025\/11\/weste-croa3.jpg\" alt=\"\" class=\"wp-image-29320\" srcset=\"https:\/\/insideamateurfussball-ffm.de\/wp-content\/uploads\/2025\/11\/weste-croa3.jpg 886w, https:\/\/insideamateurfussball-ffm.de\/wp-content\/uploads\/2025\/11\/weste-croa3-300x207.jpg 300w, https:\/\/insideamateurfussball-ffm.de\/wp-content\/uploads\/2025\/11\/weste-croa3-768x529.jpg 768w\" sizes=\"auto, (max-width: 886px) 100vw, 886px\" \/><\/figure>\n","protected":false},"excerpt":{"rendered":"<p>Der SG Westend reichte ein Treffer zum 1:0-Sieg gegen den weiterhin personell d\u00fcnn aufgestellten FC Croatia, wodurch man in der Tabelle nach Punkten mit den G\u00e4sten gleichzog. Beide Teams stehen nun mit 20 Z\u00e4hlern auf den R\u00e4ngen zehn und elf.\u00a0 SG Westend &#8211; FC Croatia 1:0 (0:0) Westend-Vereinspatron Esad Golos hatte die G\u00e4ste &#8222;anfangs besser&#8220; [&hellip;]<\/p>\n","protected":false},"author":1,"featured_media":29311,"comment_status":"closed","ping_status":"closed","sticky":true,"template":"","format":"standard","meta":{"footnotes":""},"categories":[2],"tags":[],"class_list":["post-29310","post","type-post","status-publish","format-standard","has-post-thumbnail","hentry","category-kreisoberliga-frankfurt"],"_links":{"self":[{"href":"https:\/\/insideamateurfussball-ffm.de\/index.php?rest_route=\/wp\/v2\/posts\/29310","targetHints":{"allow":["GET"]}}],"collection":[{"href":"https:\/\/insideamateurfussball-ffm.de\/index.php?rest_route=\/wp\/v2\/posts"}],"about":[{"href":"https:\/\/insideamateurfussball-ffm.de\/index.php?rest_route=\/wp\/v2\/types\/post"}],"author":[{"embeddable":true,"href":"https:\/\/insideamateurfussball-ffm.de\/index.php?rest_route=\/wp\/v2\/users\/1"}],"replies":[{"embeddable":true,"href":"https:\/\/insideamateurfussball-ffm.de\/index.php?rest_route=%2Fwp%2Fv2%2Fcomments&post=29310"}],"version-history":[{"count":1,"href":"https:\/\/insideamateurfussball-ffm.de\/index.php?rest_route=\/wp\/v2\/posts\/29310\/revisions"}],"predecessor-version":[{"id":29321,"href":"https:\/\/insideamateurfussball-ffm.de\/index.php?rest_route=\/wp\/v2\/posts\/29310\/revisions\/29321"}],"wp:featuredmedia":[{"embeddable":true,"href":"https:\/\/insideamateurfussball-ffm.de\/index.php?rest_route=\/wp\/v2\/media\/29311"}],"wp:attachment":[{"href":"https:\/\/insideamateurfussball-ffm.de\/index.php?rest_route=%2Fwp%2Fv2%2Fmedia&parent=29310"}],"wp:term":[{"taxonomy":"category","embeddable":true,"href":"https:\/\/insideamateurfussball-ffm.de\/index.php?rest_route=%2Fwp%2Fv2%2Fcategories&post=29310"},{"taxonomy":"post_tag","embeddable":true,"href":"https:\/\/insideamateurfussball-ffm.de\/index.php?rest_route=%2Fwp%2Fv2%2Ftags&post=29310"}],"curies":[{"name":"wp","href":"https:\/\/api.w.org\/{rel}","templated":true}]}}