{"id":29287,"date":"2025-11-10T22:27:35","date_gmt":"2025-11-10T21:27:35","guid":{"rendered":"https:\/\/insideamateurfussball-ffm.de\/?p=29287"},"modified":"2025-11-11T15:50:35","modified_gmt":"2025-11-11T14:50:35","slug":"ginnheim-gut-gestaffelt-aber-griesheim-gewinnt-53","status":"publish","type":"post","link":"https:\/\/insideamateurfussball-ffm.de\/?p=29287","title":{"rendered":"Ginnheim gut gestaffelt, aber Griesheim gewinnt 5:3"},"content":{"rendered":"<h4>Beim erstmaligen Aufeinandertreffen der Ersten Mannschaften der Spvgg. 02 Griesheim und des FC Germania 08 Ginnheim behielten die Gastgeber mit 5:3 die Oberhand und stellten auf Rang f\u00fcnf den Anschluss zur Spitze her. Ginnheim fiel auf Rang acht zur\u00fcck.\u00a0<\/h4>\n<figure id=\"attachment_29288\" aria-describedby=\"caption-attachment-29288\" style=\"width: 896px\" class=\"wp-caption alignnone\"><img loading=\"lazy\" decoding=\"async\" class=\"wp-image-29288\" src=\"http:\/\/insideamateurfussball-ffm.de\/wp-content\/uploads\/2025\/11\/griesh-ginh7.jpg\" alt=\"\" width=\"896\" height=\"608\" srcset=\"https:\/\/insideamateurfussball-ffm.de\/wp-content\/uploads\/2025\/11\/griesh-ginh7.jpg 886w, https:\/\/insideamateurfussball-ffm.de\/wp-content\/uploads\/2025\/11\/griesh-ginh7-300x203.jpg 300w, https:\/\/insideamateurfussball-ffm.de\/wp-content\/uploads\/2025\/11\/griesh-ginh7-768x521.jpg 768w\" sizes=\"auto, (max-width: 896px) 100vw, 896px\" \/><figcaption id=\"caption-attachment-29288\" class=\"wp-caption-text\">Germania Ginnheim nach einem der drei Tore in Griesheim. Foto: Mithat G\u00fcrser.<\/figcaption><\/figure>\n<h4>Spvgg. 02 Griesheim &#8211; FC Germania 08 Ginnheim 5:3 (1:1)<\/h4>\n<p><img loading=\"lazy\" decoding=\"async\" class=\"alignnone size-full wp-image-14\" src=\"http:\/\/insideamateurfussball-ffm.de\/wp-content\/uploads\/2021\/11\/SpVgg._02_Griesheim_02.jpg\" alt=\"\" width=\"100\" height=\"100\" \/><img loading=\"lazy\" decoding=\"async\" class=\"alignnone size-full wp-image-3205\" src=\"http:\/\/insideamateurfussball-ffm.de\/wp-content\/uploads\/2022\/10\/Ginnheim.jpg\" alt=\"\" width=\"80\" height=\"80\" \/><\/p>\n<p>Griesheims Trainer Dominic Machado sah nach dem irren 9:8 nach Verl\u00e4ngerung im Kreispokal beim SV Bonames ein diesmal nicht ganz so verr\u00fccktes, aber trotzdem ereignisreiches Spiel. Der Coach hatte nach diesem &#8222;harten St\u00fcck Arbeit&#8220; einen starken Neuling gesehen: &#8222;Ginnheim war immer einen Ticken schneller im Kopf und gut gestaffelt. Sie standen zurecht als Aufsteiger da oben. F\u00fcr uns war der Dreier wichtig, um den Anschluss nach oben nicht zu verlieren.&#8220; Nach einer torlosen ersten halben Stunde brachte Fardin Rahimi die Ginnheimer in F\u00fchrung (33.).<\/p>\n<p>Erst in der Nachspielzeit der ersten Halbzeit egalisierte auf Zuspiel von Marcus Kreckel sein Mitspieler Karam Karahallak (45.\/+1). Nach dem Seitenwechsel bekamen die G\u00e4ste einen Foulelfmeter zugesprochen, den Rahimi zur Ginnheimer F\u00fchrung verwandelte (51.). Mitte der zweiten Halbzeit lagen die Gastgeber immer noch zur\u00fcck, dann erzielte Ricardo Pereira das 2:2 (67.) und f\u00fcnf Minuten sp\u00e4ter brachte Kreckel auf Zuspiel von Nabil Bosehmad in F\u00fchrung (72.). Jetzt waren die &#8222;Schleifer&#8220; obenauf, die mit dem eingewechselten Lars Christiansen das 4:2 nachlegten (74.). Ginnheim kam aber noch mal mit Neuzugang Jost Guinand zum 4:3 (86.).<\/p>\n<p>Kurz vor Schluss in der Nachspielzeit erhielt Ginnheims Torh\u00fcter Alexander William Willis erst wegen Reklamieren Gelb und dann wegen einer Unsportlichkeit Gelb-Rot (90.\/+1). Da die Ginnheimer ihr Wechselkontingent bereits ersch\u00f6pft hatten, musste mit Elias Bouharrou ein\u00a0 Feldspieler zwischen die Pfosten, der noch das 5:3 durch Ebenezer Osei Opong kassierte (90.\/+2). Ginnheims Alterspr\u00e4sident Tonyo Gering hatte &#8222;eine dominierende erste Halbzeit Ginnheims&#8220; gesehen. &#8222;Nach dem Foulelfmeter zum 2:1 hatten wir unmittelbar danach frei auf den Torh\u00fcter zulaufend die Chance zum 3:1, aber scheiterten kl\u00e4glich. Da w\u00e4re Griesheim nicht mehr zur\u00fcckgekommen&#8220;, glaubt Gering.<\/p>\n<p>&#8222;Ab diesem Zeitpunkt nur noch verunsichertes Fehlverhalten und halbherzige Zweik\u00e4mpfe. Nach dem erneuten Ausgleich haben wir voll den Faden verloren und nicht mehr wiedergefunden.&#8220; Ginnheim erwartet am Mittwoch um 20 Uhr im Kreispokal-Achtelfinale den Gruppenliga-Aufsteiger FC Kosova. Am Sonntag geht es dann in der Liga zu Concordia Eschersheim (15 Uhr). Zeitgleich erwarten die Griesheimer den SV Viktoria Preu\u00dfen.\u00a0<\/p>\n\n\n<figure class=\"wp-block-pullquote\"><blockquote><p><strong>&#8222;Da w\u00e4re Griesheim nicht mehr zur\u00fcckgekommen&#8220;<\/strong><\/p><cite>Ginnheims Alterspr\u00e4sident Tonyo Gering<\/cite><\/blockquote><\/figure>\n\n\n<blockquote>\n<h4>Schiedsrichter: Daniel Kamnitzer (Spvgg. Eltville). Zuschauer: 72.<\/h4>\n<h4>Tore: 0:1 Fardin Rahimi (33.), 1:1 Karam Karahallak (45.\/+1), 1:2 Fardin Rahimi (51.), 2:2 Ricardo Pereira (67.), 3:2 Marcus Kreckel (72.), 4:2 Lars Christiansen (74.), 4:3 Jost Guinand (86.), 5:3 Ebenezer Osei Opong (90.\/+2).<\/h4>\n<h4>Bildergalerie: Mithat G\u00fcrser machte an der Eichenstra\u00dfe Station!\u00a0\u00a0<\/h4>\n<\/blockquote>\n\n\n<figure class=\"wp-block-image size-full\"><img loading=\"lazy\" decoding=\"async\" width=\"886\" height=\"651\" src=\"https:\/\/insideamateurfussball-ffm.de\/wp-content\/uploads\/2025\/11\/griesh-ginh3.jpg\" alt=\"\" class=\"wp-image-29289\" srcset=\"https:\/\/insideamateurfussball-ffm.de\/wp-content\/uploads\/2025\/11\/griesh-ginh3.jpg 886w, https:\/\/insideamateurfussball-ffm.de\/wp-content\/uploads\/2025\/11\/griesh-ginh3-300x220.jpg 300w, https:\/\/insideamateurfussball-ffm.de\/wp-content\/uploads\/2025\/11\/griesh-ginh3-768x564.jpg 768w\" sizes=\"auto, (max-width: 886px) 100vw, 886px\" \/><\/figure>\n\n\n\n<figure class=\"wp-block-gallery has-nested-images columns-default is-cropped wp-block-gallery-1 is-layout-flex wp-block-gallery-is-layout-flex\">\n<figure class=\"wp-block-image size-large\"><img loading=\"lazy\" decoding=\"async\" width=\"886\" height=\"631\" data-id=\"29290\" src=\"https:\/\/insideamateurfussball-ffm.de\/wp-content\/uploads\/2025\/11\/griesh-ginh8.jpg\" alt=\"\" class=\"wp-image-29290\" srcset=\"https:\/\/insideamateurfussball-ffm.de\/wp-content\/uploads\/2025\/11\/griesh-ginh8.jpg 886w, https:\/\/insideamateurfussball-ffm.de\/wp-content\/uploads\/2025\/11\/griesh-ginh8-300x214.jpg 300w, https:\/\/insideamateurfussball-ffm.de\/wp-content\/uploads\/2025\/11\/griesh-ginh8-768x547.jpg 768w\" sizes=\"auto, (max-width: 886px) 100vw, 886px\" \/><\/figure>\n<\/figure>\n\n\n\n<figure class=\"wp-block-image size-full\"><img loading=\"lazy\" decoding=\"async\" width=\"886\" height=\"652\" src=\"https:\/\/insideamateurfussball-ffm.de\/wp-content\/uploads\/2025\/11\/griesh-ginh4.jpg\" alt=\"\" class=\"wp-image-29291\" srcset=\"https:\/\/insideamateurfussball-ffm.de\/wp-content\/uploads\/2025\/11\/griesh-ginh4.jpg 886w, https:\/\/insideamateurfussball-ffm.de\/wp-content\/uploads\/2025\/11\/griesh-ginh4-300x221.jpg 300w, https:\/\/insideamateurfussball-ffm.de\/wp-content\/uploads\/2025\/11\/griesh-ginh4-768x565.jpg 768w\" sizes=\"auto, (max-width: 886px) 100vw, 886px\" \/><\/figure>\n\n\n\n<figure class=\"wp-block-image size-full\"><img loading=\"lazy\" decoding=\"async\" width=\"886\" height=\"592\" src=\"https:\/\/insideamateurfussball-ffm.de\/wp-content\/uploads\/2025\/11\/griesh-ginh1.jpg\" alt=\"\" class=\"wp-image-29292\" srcset=\"https:\/\/insideamateurfussball-ffm.de\/wp-content\/uploads\/2025\/11\/griesh-ginh1.jpg 886w, https:\/\/insideamateurfussball-ffm.de\/wp-content\/uploads\/2025\/11\/griesh-ginh1-300x200.jpg 300w, https:\/\/insideamateurfussball-ffm.de\/wp-content\/uploads\/2025\/11\/griesh-ginh1-768x513.jpg 768w\" sizes=\"auto, (max-width: 886px) 100vw, 886px\" \/><\/figure>\n\n\n\n<figure class=\"wp-block-image size-full\"><img loading=\"lazy\" decoding=\"async\" width=\"886\" height=\"610\" src=\"https:\/\/insideamateurfussball-ffm.de\/wp-content\/uploads\/2025\/11\/griesh-ginh2.jpg\" alt=\"\" class=\"wp-image-29293\" srcset=\"https:\/\/insideamateurfussball-ffm.de\/wp-content\/uploads\/2025\/11\/griesh-ginh2.jpg 886w, https:\/\/insideamateurfussball-ffm.de\/wp-content\/uploads\/2025\/11\/griesh-ginh2-300x207.jpg 300w, https:\/\/insideamateurfussball-ffm.de\/wp-content\/uploads\/2025\/11\/griesh-ginh2-768x529.jpg 768w\" sizes=\"auto, (max-width: 886px) 100vw, 886px\" \/><\/figure>\n\n\n\n<figure class=\"wp-block-image size-full\"><img loading=\"lazy\" decoding=\"async\" width=\"886\" height=\"648\" src=\"https:\/\/insideamateurfussball-ffm.de\/wp-content\/uploads\/2025\/11\/griesh-ginh6.jpg\" alt=\"\" class=\"wp-image-29294\" srcset=\"https:\/\/insideamateurfussball-ffm.de\/wp-content\/uploads\/2025\/11\/griesh-ginh6.jpg 886w, https:\/\/insideamateurfussball-ffm.de\/wp-content\/uploads\/2025\/11\/griesh-ginh6-300x219.jpg 300w, https:\/\/insideamateurfussball-ffm.de\/wp-content\/uploads\/2025\/11\/griesh-ginh6-768x562.jpg 768w\" sizes=\"auto, (max-width: 886px) 100vw, 886px\" \/><\/figure>\n","protected":false},"excerpt":{"rendered":"<p>Beim erstmaligen Aufeinandertreffen der Ersten Mannschaften der Spvgg. 02 Griesheim und des FC Germania 08 Ginnheim behielten die Gastgeber mit 5:3 die Oberhand und stellten auf Rang f\u00fcnf den Anschluss zur Spitze her. Ginnheim fiel auf Rang acht zur\u00fcck.\u00a0 Spvgg. 02 Griesheim &#8211; FC Germania 08 Ginnheim 5:3 (1:1) Griesheims Trainer Dominic Machado sah nach [&hellip;]<\/p>\n","protected":false},"author":1,"featured_media":29288,"comment_status":"closed","ping_status":"closed","sticky":true,"template":"","format":"standard","meta":{"footnotes":""},"categories":[2],"tags":[],"class_list":["post-29287","post","type-post","status-publish","format-standard","has-post-thumbnail","hentry","category-kreisoberliga-frankfurt"],"_links":{"self":[{"href":"https:\/\/insideamateurfussball-ffm.de\/index.php?rest_route=\/wp\/v2\/posts\/29287","targetHints":{"allow":["GET"]}}],"collection":[{"href":"https:\/\/insideamateurfussball-ffm.de\/index.php?rest_route=\/wp\/v2\/posts"}],"about":[{"href":"https:\/\/insideamateurfussball-ffm.de\/index.php?rest_route=\/wp\/v2\/types\/post"}],"author":[{"embeddable":true,"href":"https:\/\/insideamateurfussball-ffm.de\/index.php?rest_route=\/wp\/v2\/users\/1"}],"replies":[{"embeddable":true,"href":"https:\/\/insideamateurfussball-ffm.de\/index.php?rest_route=%2Fwp%2Fv2%2Fcomments&post=29287"}],"version-history":[{"count":2,"href":"https:\/\/insideamateurfussball-ffm.de\/index.php?rest_route=\/wp\/v2\/posts\/29287\/revisions"}],"predecessor-version":[{"id":29296,"href":"https:\/\/insideamateurfussball-ffm.de\/index.php?rest_route=\/wp\/v2\/posts\/29287\/revisions\/29296"}],"wp:featuredmedia":[{"embeddable":true,"href":"https:\/\/insideamateurfussball-ffm.de\/index.php?rest_route=\/wp\/v2\/media\/29288"}],"wp:attachment":[{"href":"https:\/\/insideamateurfussball-ffm.de\/index.php?rest_route=%2Fwp%2Fv2%2Fmedia&parent=29287"}],"wp:term":[{"taxonomy":"category","embeddable":true,"href":"https:\/\/insideamateurfussball-ffm.de\/index.php?rest_route=%2Fwp%2Fv2%2Fcategories&post=29287"},{"taxonomy":"post_tag","embeddable":true,"href":"https:\/\/insideamateurfussball-ffm.de\/index.php?rest_route=%2Fwp%2Fv2%2Ftags&post=29287"}],"curies":[{"name":"wp","href":"https:\/\/api.w.org\/{rel}","templated":true}]}}