{"id":29285,"date":"2025-11-10T21:30:32","date_gmt":"2025-11-10T20:30:32","guid":{"rendered":"https:\/\/insideamateurfussball-ffm.de\/?p=29285"},"modified":"2025-11-10T21:30:32","modified_gmt":"2025-11-10T20:30:32","slug":"enkheim-kassiert-in-packendem-spiel-das-spaete-33","status":"publish","type":"post","link":"https:\/\/insideamateurfussball-ffm.de\/?p=29285","title":{"rendered":"Enkheim kassiert in packendem Spiel das sp\u00e4te 3:3"},"content":{"rendered":"<h4>Concordia Eschersheim und Germania Enkheim trennten sich in einem packendem Spiel mit turbulenter Schlussphase 3:3. Die G\u00e4ste mussten ab Minute 56 in Unterzahl auskommen und gingen trotzdem kurz vor Schluss in F\u00fchrung, die von den Hausherren in der Nachspielzeit noch egalisiert wurde.<\/h4>\n<figure id=\"attachment_21527\" aria-describedby=\"caption-attachment-21527\" style=\"width: 1109px\" class=\"wp-caption alignnone\"><img loading=\"lazy\" decoding=\"async\" class=\"wp-image-21527 size-full\" src=\"http:\/\/insideamateurfussball-ffm.de\/wp-content\/uploads\/2024\/10\/enkheim-abwegr.jpg\" alt=\"\" width=\"1109\" height=\"748\" srcset=\"https:\/\/insideamateurfussball-ffm.de\/wp-content\/uploads\/2024\/10\/enkheim-abwegr.jpg 1109w, https:\/\/insideamateurfussball-ffm.de\/wp-content\/uploads\/2024\/10\/enkheim-abwegr-300x202.jpg 300w, https:\/\/insideamateurfussball-ffm.de\/wp-content\/uploads\/2024\/10\/enkheim-abwegr-1024x691.jpg 1024w, https:\/\/insideamateurfussball-ffm.de\/wp-content\/uploads\/2024\/10\/enkheim-abwegr-768x518.jpg 768w\" sizes=\"auto, (max-width: 1109px) 100vw, 1109px\" \/><figcaption id=\"caption-attachment-21527\" class=\"wp-caption-text\">Drei Enkheimer Verteidiger springen beim Freisto\u00df hoch. Foto: Archiv Mithat G\u00fcrser.<\/figcaption><\/figure>\n<h4>Concordia Eschersheim &#8211; FC Germania Enkheim 3:3 (0:2)<\/h4>\n<p><img loading=\"lazy\" decoding=\"async\" class=\"alignnone size-full wp-image-37\" src=\"http:\/\/insideamateurfussball-ffm.de\/wp-content\/uploads\/2021\/11\/1sv07_news2_4178_01_01_02.jpg\" alt=\"\" width=\"80\" height=\"80\" \/><img loading=\"lazy\" decoding=\"async\" class=\"alignnone size-full wp-image-1537\" src=\"http:\/\/insideamateurfussball-ffm.de\/wp-content\/uploads\/2022\/07\/Enkheim.jpg\" alt=\"\" width=\"63\" height=\"80\" \/><\/p>\n<p>Concordia-Trainer Roland Stipp war vom spannenden Spiel angetan, weniger jedoch vom Benehmen einiger unverbesserlicher Anh\u00e4nger der G\u00e4ste: &#8222;Ich kann mich nicht erinnern, dass es jemals ein b\u00f6ses Wort zwischen der Concordia und Enkheim gegeben h\u00e4tte. Umso mehr wundert es mich, dass da ein paar Halbstarke aus Enkheim kommen und \u00b4Sch&#8230;Concordia` bl\u00e4rren. So kenne ich meinen Jugendverein gar nicht.&#8220;<\/p>\n<p>Der wieder einsatzbereite Elias Zimmermann traf in der Anfangsphase die Latte, dann ging Enkheim durch Eray Aksoy in F\u00fchrung (29.). Die heimischen Zuschauer monierten hier jedoch ein vorangegangenes Foulspiel und eine Abseitsposition des Torsch\u00fctzen. F\u00fcnf Minuten sp\u00e4ter verdoppelte Lars Trams den Vorsprung der G\u00e4ste (34.).<\/p>\n<blockquote>\n<h4>Lattenschuss durch Burkhardt<\/h4>\n<\/blockquote>\n<p>Nach dem Seitenwechsel kam die Concordia mit Leo Burkhardt f\u00fcr Jan Vossen auf. Enkheim dezimierte sich dann durch die Gelb-Rote Karte gegen Jonas Acker wegen wiederholten Foulspiels (56.). Jona Felix \u00dcffing brachte die Eschersheimer heran (68.) und Abraham Bitweded Yemane egalisierte (78.). Danach hatten die Gastgeber noch einen Lattenschuss durch Burkhardt. Trams brachte die G\u00e4ste in der 90. Minute in F\u00fchrung, aber Zimmermann wendete in der vierten Minute der Nachspielzeit die drohende Heimniederlage der Concordia noch ab.<\/p>\n<p>Auch die Eschersheimer stehen auf der Liste jener Vereine, die demn\u00e4chst einen Punkt wegen der Nichterf\u00fcllung des Schiedsrichtersolls aberkannt bekommen. Am Sonntag erwarten die Concorden den starken Aufsteiger Germania Ginnheim (15 Uhr). Zeitgleich gastieren die Enkheimer beim SV 07 Heddernheim.<\/p>\n<blockquote>\n<h4>Schiedsrichter: Richard Klenner (SV Nieder-Weisel). Zuschauer: 95.<\/h4>\n<h4>Tore: 0:1 Eray Aksoy (29.), 0:2 Lars Trams (34.), 1:2 Jona Felix \u00dcffing (68.), 2:2 Abraham Bitweded Yemane (78.), 2:3 Lars Trams (90.), 3:3 Elias Zimmermann (90.\/+4).<\/h4>\n<\/blockquote>\n","protected":false},"excerpt":{"rendered":"<p>Concordia Eschersheim und Germania Enkheim trennten sich in einem packendem Spiel mit turbulenter Schlussphase 3:3. Die G\u00e4ste mussten ab Minute 56 in Unterzahl auskommen und gingen trotzdem kurz vor Schluss in F\u00fchrung, die von den Hausherren in der Nachspielzeit noch egalisiert wurde. Concordia Eschersheim &#8211; FC Germania Enkheim 3:3 (0:2) Concordia-Trainer Roland Stipp war vom [&hellip;]<\/p>\n","protected":false},"author":1,"featured_media":21527,"comment_status":"closed","ping_status":"closed","sticky":true,"template":"","format":"standard","meta":{"footnotes":""},"categories":[2],"tags":[],"class_list":["post-29285","post","type-post","status-publish","format-standard","has-post-thumbnail","hentry","category-kreisoberliga-frankfurt"],"_links":{"self":[{"href":"https:\/\/insideamateurfussball-ffm.de\/index.php?rest_route=\/wp\/v2\/posts\/29285","targetHints":{"allow":["GET"]}}],"collection":[{"href":"https:\/\/insideamateurfussball-ffm.de\/index.php?rest_route=\/wp\/v2\/posts"}],"about":[{"href":"https:\/\/insideamateurfussball-ffm.de\/index.php?rest_route=\/wp\/v2\/types\/post"}],"author":[{"embeddable":true,"href":"https:\/\/insideamateurfussball-ffm.de\/index.php?rest_route=\/wp\/v2\/users\/1"}],"replies":[{"embeddable":true,"href":"https:\/\/insideamateurfussball-ffm.de\/index.php?rest_route=%2Fwp%2Fv2%2Fcomments&post=29285"}],"version-history":[{"count":1,"href":"https:\/\/insideamateurfussball-ffm.de\/index.php?rest_route=\/wp\/v2\/posts\/29285\/revisions"}],"predecessor-version":[{"id":29286,"href":"https:\/\/insideamateurfussball-ffm.de\/index.php?rest_route=\/wp\/v2\/posts\/29285\/revisions\/29286"}],"wp:featuredmedia":[{"embeddable":true,"href":"https:\/\/insideamateurfussball-ffm.de\/index.php?rest_route=\/wp\/v2\/media\/21527"}],"wp:attachment":[{"href":"https:\/\/insideamateurfussball-ffm.de\/index.php?rest_route=%2Fwp%2Fv2%2Fmedia&parent=29285"}],"wp:term":[{"taxonomy":"category","embeddable":true,"href":"https:\/\/insideamateurfussball-ffm.de\/index.php?rest_route=%2Fwp%2Fv2%2Fcategories&post=29285"},{"taxonomy":"post_tag","embeddable":true,"href":"https:\/\/insideamateurfussball-ffm.de\/index.php?rest_route=%2Fwp%2Fv2%2Ftags&post=29285"}],"curies":[{"name":"wp","href":"https:\/\/api.w.org\/{rel}","templated":true}]}}