{"id":29282,"date":"2025-11-10T20:56:34","date_gmt":"2025-11-10T19:56:34","guid":{"rendered":"https:\/\/insideamateurfussball-ffm.de\/?p=29282"},"modified":"2025-11-10T20:56:34","modified_gmt":"2025-11-10T19:56:34","slug":"harheim-stoesst-posavina-von-der-spitze","status":"publish","type":"post","link":"https:\/\/insideamateurfussball-ffm.de\/?p=29282","title":{"rendered":"Harheim st\u00f6\u00dft Posavina von der Spitze"},"content":{"rendered":"<h4>Die SG Harheim \u00fcberraschte mit einem 2:1-Heimsieg gegen den FC Posavina und st\u00fcrzte die G\u00e4ste vom Riederwald wieder von der Tabellenspitze, die von den Kroaten erst in der Vorwoche erklommen worden war. Zwei Wochen nach der 0:7-Schlappe in Heddernheim pr\u00e4sentierten sich die Harheimer leidenschaftlich und kampfstark.<\/h4>\n<figure id=\"attachment_29283\" aria-describedby=\"caption-attachment-29283\" style=\"width: 896px\" class=\"wp-caption alignnone\"><img loading=\"lazy\" decoding=\"async\" class=\"wp-image-29283\" src=\"http:\/\/insideamateurfussball-ffm.de\/wp-content\/uploads\/2025\/11\/hedd-harh7-1.jpg\" alt=\"\" width=\"896\" height=\"617\" srcset=\"https:\/\/insideamateurfussball-ffm.de\/wp-content\/uploads\/2025\/11\/hedd-harh7-1.jpg 886w, https:\/\/insideamateurfussball-ffm.de\/wp-content\/uploads\/2025\/11\/hedd-harh7-1-300x207.jpg 300w, https:\/\/insideamateurfussball-ffm.de\/wp-content\/uploads\/2025\/11\/hedd-harh7-1-768x529.jpg 768w\" sizes=\"auto, (max-width: 896px) 100vw, 896px\" \/><figcaption id=\"caption-attachment-29283\" class=\"wp-caption-text\">Leidenschaftlich und kampfstark pr\u00e4sentierte sich die SG Harheim. Foto: Archiv Mithat G\u00fcrser.\u00a0<\/figcaption><\/figure>\n<h4>SG Harheim &#8211; FC Posavina 2:1 (1:0)<\/h4>\n<p><img loading=\"lazy\" decoding=\"async\" class=\"alignnone size-full wp-image-284\" src=\"http:\/\/insideamateurfussball-ffm.de\/wp-content\/uploads\/2022\/05\/Harheim.jpg\" alt=\"\" width=\"78\" height=\"80\" \/><img loading=\"lazy\" decoding=\"async\" class=\"alignnone size-full wp-image-22\" src=\"http:\/\/insideamateurfussball-ffm.de\/wp-content\/uploads\/2021\/11\/posavina.jpg\" alt=\"\" width=\"63\" height=\"80\" \/><\/p>\n<p>Harheims Spielausschuss-Chef Markus G\u00e4rtner begr\u00fcndete den \u00fcberraschenden Sieg \u00fcber den Aufstiegsaspiranten mit &#8222;einer geschlossenen Mannschaftsleistung. K\u00e4mpferisch war das mit unser bestes Spiel. Posavina kam druckvoll aus der Halbzeit, doch wir haben sehr gut verteidigt.&#8220; Die Halbzeitf\u00fchrung der Harheimer durch Ante Paradzik (19.) egalisierten die G\u00e4ste in der 63. Minute. Zun\u00e4chst parierte SGH-Torh\u00fcter Fabian Zscheich einen Foulelfmeter von Posavinas Torj\u00e4ger Anto Arlovic, gegen den Nachschuss war der Keeper aber machtlos.<\/p>\n<p>Das Team von Trainer Christian Balzer lie\u00df sich vom Ausgleich aber nicht beirren und erzielten durch ein Kontertor des eingewechselten Jonas Kaulich den Siegtreffer (70.). Alle Bem\u00fchungen der Gastmannschaft von Trainer Danijel Koturic blieben trotz eines Lattentreffers in der Schlussphase erfolglos, sodass Posavina den Platz an der Sonne an den neuen, \u00fcberraschenden Tabellenf\u00fchrer BSC Schwarz-Wei\u00df 19 abgeben musste.<\/p>\n<blockquote>\n<h4>Donnerstag 19.45 Uhr: Kreispokal-Achtelfinale TuS Nieder-Eschbach &#8211; FC Posavina<\/h4>\n<\/blockquote>\n<p>&#8222;Wir m\u00fcssen mehr Tore machen. Harheim stand gut in der Abwehr und hat zwei Konter gesetzt&#8220;, berichtete Posavinas Pressewart Ante Pejic. Sein Verein geh\u00f6rt zu jenen Vereinen, die wegen Nichterf\u00fcllung des Schiedsrichtersolls mit einem Punkt Abzug belegt wurden.<\/p>\n<p>Am Donnerstag ist das Koturic-Team im Achtelfinales des Kreispokals beim Tabellenzweiten der A-Klasse TuS Nieder-Eschbach gefordert (19.45 Uhr). Am Sonntag darauf pausiert Posavina in der Liga spielfrei, w\u00e4hrend Harheim das Schlusslicht GSU Hellas erwartet (14.30 Uhr).<\/p>\n<blockquote>\n<h4>Schiedsrichter: Jannis Jahnel (SG Hundstadt). Zuschauer: 60.<\/h4>\n<h4>Tore: 1:0 Ante Paradzik (19.), 1:1 Anto Arlovic (63.), 2:1 Jonas Kaulich (70.).<\/h4>\n<\/blockquote>\n","protected":false},"excerpt":{"rendered":"<p>Die SG Harheim \u00fcberraschte mit einem 2:1-Heimsieg gegen den FC Posavina und st\u00fcrzte die G\u00e4ste vom Riederwald wieder von der Tabellenspitze, die von den Kroaten erst in der Vorwoche erklommen worden war. Zwei Wochen nach der 0:7-Schlappe in Heddernheim pr\u00e4sentierten sich die Harheimer leidenschaftlich und kampfstark. SG Harheim &#8211; FC Posavina 2:1 (1:0) Harheims Spielausschuss-Chef [&hellip;]<\/p>\n","protected":false},"author":1,"featured_media":29283,"comment_status":"closed","ping_status":"closed","sticky":true,"template":"","format":"standard","meta":{"footnotes":""},"categories":[2],"tags":[],"class_list":["post-29282","post","type-post","status-publish","format-standard","has-post-thumbnail","hentry","category-kreisoberliga-frankfurt"],"_links":{"self":[{"href":"https:\/\/insideamateurfussball-ffm.de\/index.php?rest_route=\/wp\/v2\/posts\/29282","targetHints":{"allow":["GET"]}}],"collection":[{"href":"https:\/\/insideamateurfussball-ffm.de\/index.php?rest_route=\/wp\/v2\/posts"}],"about":[{"href":"https:\/\/insideamateurfussball-ffm.de\/index.php?rest_route=\/wp\/v2\/types\/post"}],"author":[{"embeddable":true,"href":"https:\/\/insideamateurfussball-ffm.de\/index.php?rest_route=\/wp\/v2\/users\/1"}],"replies":[{"embeddable":true,"href":"https:\/\/insideamateurfussball-ffm.de\/index.php?rest_route=%2Fwp%2Fv2%2Fcomments&post=29282"}],"version-history":[{"count":1,"href":"https:\/\/insideamateurfussball-ffm.de\/index.php?rest_route=\/wp\/v2\/posts\/29282\/revisions"}],"predecessor-version":[{"id":29284,"href":"https:\/\/insideamateurfussball-ffm.de\/index.php?rest_route=\/wp\/v2\/posts\/29282\/revisions\/29284"}],"wp:featuredmedia":[{"embeddable":true,"href":"https:\/\/insideamateurfussball-ffm.de\/index.php?rest_route=\/wp\/v2\/media\/29283"}],"wp:attachment":[{"href":"https:\/\/insideamateurfussball-ffm.de\/index.php?rest_route=%2Fwp%2Fv2%2Fmedia&parent=29282"}],"wp:term":[{"taxonomy":"category","embeddable":true,"href":"https:\/\/insideamateurfussball-ffm.de\/index.php?rest_route=%2Fwp%2Fv2%2Fcategories&post=29282"},{"taxonomy":"post_tag","embeddable":true,"href":"https:\/\/insideamateurfussball-ffm.de\/index.php?rest_route=%2Fwp%2Fv2%2Ftags&post=29282"}],"curies":[{"name":"wp","href":"https:\/\/api.w.org\/{rel}","templated":true}]}}