{"id":29270,"date":"2025-11-10T18:02:24","date_gmt":"2025-11-10T17:02:24","guid":{"rendered":"https:\/\/insideamateurfussball-ffm.de\/?p=29270"},"modified":"2025-11-10T19:46:05","modified_gmt":"2025-11-10T18:46:05","slug":"seckbach-minimalistisch-bei-germania","status":"publish","type":"post","link":"https:\/\/insideamateurfussball-ffm.de\/?p=29270","title":{"rendered":"Seckbach minimalistisch bei Germania"},"content":{"rendered":"<h4>Die FG Seckbach verteidigte ihren vierten Platz durch einen 1:0-Erfolg beim VfL Germania 94, beim Siegtreffer durch Milad Wardak leisteten die Gastgeber sehr viel Mithilfe.<\/h4>\n<figure id=\"attachment_27338\" aria-describedby=\"caption-attachment-27338\" style=\"width: 2016px\" class=\"wp-caption alignnone\"><img loading=\"lazy\" decoding=\"async\" class=\"wp-image-27338 size-full\" src=\"http:\/\/insideamateurfussball-ffm.de\/wp-content\/uploads\/2025\/08\/seckbachfriedrichsdorf06.jpg\" alt=\"\" width=\"2016\" height=\"1512\" srcset=\"https:\/\/insideamateurfussball-ffm.de\/wp-content\/uploads\/2025\/08\/seckbachfriedrichsdorf06.jpg 2016w, https:\/\/insideamateurfussball-ffm.de\/wp-content\/uploads\/2025\/08\/seckbachfriedrichsdorf06-300x225.jpg 300w, https:\/\/insideamateurfussball-ffm.de\/wp-content\/uploads\/2025\/08\/seckbachfriedrichsdorf06-1024x768.jpg 1024w, https:\/\/insideamateurfussball-ffm.de\/wp-content\/uploads\/2025\/08\/seckbachfriedrichsdorf06-768x576.jpg 768w, https:\/\/insideamateurfussball-ffm.de\/wp-content\/uploads\/2025\/08\/seckbachfriedrichsdorf06-1536x1152.jpg 1536w\" sizes=\"auto, (max-width: 2016px) 100vw, 2016px\" \/><figcaption id=\"caption-attachment-27338\" class=\"wp-caption-text\">Seckbachs Spielertrainer Manuel May war beim Sieg bei der Germania nur in der Trainerrolle aktiv. Foto: Archiv MZ<\/figcaption><\/figure>\n<h4>VfL Germania 94 &#8211; FG Seckbach 0:1 (0:0)<\/h4>\n<p><img loading=\"lazy\" decoding=\"async\" class=\"alignnone size-full wp-image-11577\" src=\"http:\/\/insideamateurfussball-ffm.de\/wp-content\/uploads\/2023\/08\/Germania-94.jpg\" alt=\"\" width=\"80\" height=\"80\" \/><img loading=\"lazy\" decoding=\"async\" class=\"alignnone size-full wp-image-544\" src=\"http:\/\/insideamateurfussball-ffm.de\/wp-content\/uploads\/2022\/06\/Seckbach.jpg\" alt=\"\" width=\"80\" height=\"80\" \/><\/p>\n<p>Die FG Seckbach ben\u00f6tigte ein Geschenk ihres Gegners VfL Germania 94, um am Ende mit 1:0 beim Aufsteiger und Tabellenletzten zu gewinnen. In der 70.Minute spielten die Gastgeber einen R\u00fcckpass von der Mittellinie zum eigenen Torwart, \u00fcbersahen aber Seckbachs Kapit\u00e4n Milad Wardak, der den Ball aufnahm und zum Siegtor vollendete.<\/p>\n<p>In der ersten Halbzeit vergaben die Seckbacher zwei Chancen durch Jonas Scheitza, w\u00e4hrend die Gastgeber kaum einmal gef\u00e4hrlich in die N\u00e4he des gegnerischen Tores kamen. Auch in der zweiten Halbzeit hatten die G\u00e4ste mehr Spielanteile und verteidigten alles, sodass Germania im ganzen Spiel kaum zu Chancen kam. Nach dem 1:0 verpassten es die Seckbacher, noch ein weiteres Tor nachzulegen, doch Seckbachs Spielausschuss-Vorsitzender Jo Nareike meinte: \u201emeiner Einsch\u00e4tzung nach ein verdienter Sieg mit einer guten Schiedsrichter-Leistung.\u201c \u00a0Germanias Trainer Siar Daudi war der Ansicht: \u201edas war ein Spiel f\u00fcr ein Unentschieden, das w\u00e4re auch gerecht gewesen. Da wir das Tor selbst verschuldet haben, ist ein 0:1 aber auch in Ordnung.\u201c<\/p>\n<p>F\u00fcr die FG Seckbach, die weiter in Tuchf\u00fchlung zum Relegationsplatz bleibt (4 Punkte Abstand), geht es am Mittwoch als Titelverteidiger im Achtelfinale des Kreispokals gegen den Spitzenreiter der Verbandsliga S\u00fcd, RW Frankfurt, die man letztes Jahr bereits in der zweiten Runde aus dem Pokal geworfen hatte. In der Gruppenliga m\u00fcssen die Seckbacher dann am Wochenende zum FSV Friedrichsdorf reisen, w\u00e4hrend der VfL Germania 94 zum FC Olympia Fauerbach muss.<\/p>\n<h4>Schiedsrichter: Paul Wenzek (TSG Wixhausen). Zuschauer: 60.<\/h4>\n<h4>Tor: 0:1 Milad Wardak (70.)<\/h4>\n","protected":false},"excerpt":{"rendered":"<p>Die FG Seckbach verteidigte ihren vierten Platz durch einen 1:0-Erfolg beim VfL Germania 94, beim Siegtreffer durch Milad Wardak leisteten die Gastgeber sehr viel Mithilfe. VfL Germania 94 &#8211; FG Seckbach 0:1 (0:0) Die FG Seckbach ben\u00f6tigte ein Geschenk ihres Gegners VfL Germania 94, um am Ende mit 1:0 beim Aufsteiger und Tabellenletzten zu gewinnen. [&hellip;]<\/p>\n","protected":false},"author":3,"featured_media":27338,"comment_status":"closed","ping_status":"open","sticky":true,"template":"","format":"standard","meta":{"footnotes":""},"categories":[13],"tags":[],"class_list":["post-29270","post","type-post","status-publish","format-standard","has-post-thumbnail","hentry","category-gruppenliga-frankfurt-west"],"_links":{"self":[{"href":"https:\/\/insideamateurfussball-ffm.de\/index.php?rest_route=\/wp\/v2\/posts\/29270","targetHints":{"allow":["GET"]}}],"collection":[{"href":"https:\/\/insideamateurfussball-ffm.de\/index.php?rest_route=\/wp\/v2\/posts"}],"about":[{"href":"https:\/\/insideamateurfussball-ffm.de\/index.php?rest_route=\/wp\/v2\/types\/post"}],"author":[{"embeddable":true,"href":"https:\/\/insideamateurfussball-ffm.de\/index.php?rest_route=\/wp\/v2\/users\/3"}],"replies":[{"embeddable":true,"href":"https:\/\/insideamateurfussball-ffm.de\/index.php?rest_route=%2Fwp%2Fv2%2Fcomments&post=29270"}],"version-history":[{"count":3,"href":"https:\/\/insideamateurfussball-ffm.de\/index.php?rest_route=\/wp\/v2\/posts\/29270\/revisions"}],"predecessor-version":[{"id":29281,"href":"https:\/\/insideamateurfussball-ffm.de\/index.php?rest_route=\/wp\/v2\/posts\/29270\/revisions\/29281"}],"wp:featuredmedia":[{"embeddable":true,"href":"https:\/\/insideamateurfussball-ffm.de\/index.php?rest_route=\/wp\/v2\/media\/27338"}],"wp:attachment":[{"href":"https:\/\/insideamateurfussball-ffm.de\/index.php?rest_route=%2Fwp%2Fv2%2Fmedia&parent=29270"}],"wp:term":[{"taxonomy":"category","embeddable":true,"href":"https:\/\/insideamateurfussball-ffm.de\/index.php?rest_route=%2Fwp%2Fv2%2Fcategories&post=29270"},{"taxonomy":"post_tag","embeddable":true,"href":"https:\/\/insideamateurfussball-ffm.de\/index.php?rest_route=%2Fwp%2Fv2%2Ftags&post=29270"}],"curies":[{"name":"wp","href":"https:\/\/api.w.org\/{rel}","templated":true}]}}