{"id":29267,"date":"2025-11-10T17:54:49","date_gmt":"2025-11-10T16:54:49","guid":{"rendered":"https:\/\/insideamateurfussball-ffm.de\/?p=29267"},"modified":"2025-11-10T17:54:49","modified_gmt":"2025-11-10T16:54:49","slug":"tuerkguecue-verliert-auch-im-tuerkischen-duell","status":"publish","type":"post","link":"https:\/\/insideamateurfussball-ffm.de\/?p=29267","title":{"rendered":"T\u00fcrkg\u00fcc\u00fc verliert auch im t\u00fcrkischen Duell"},"content":{"rendered":"<h4>T\u00fcrkg\u00fcc\u00fc Frankfurt hielt beim T\u00fcrkischen SV Bad Nauheim lange gut mit, nach einer roten Karte zur Halbzeit unterlag man den Gastgebern allerdings am Ende mit 0:2.<\/h4>\n<figure id=\"attachment_28607\" aria-describedby=\"caption-attachment-28607\" style=\"width: 886px\" class=\"wp-caption alignnone\"><img loading=\"lazy\" decoding=\"async\" class=\"wp-image-28607 size-full\" src=\"http:\/\/insideamateurfussball-ffm.de\/wp-content\/uploads\/2025\/10\/bos-tg8.jpg\" alt=\"\" width=\"886\" height=\"585\" srcset=\"https:\/\/insideamateurfussball-ffm.de\/wp-content\/uploads\/2025\/10\/bos-tg8.jpg 886w, https:\/\/insideamateurfussball-ffm.de\/wp-content\/uploads\/2025\/10\/bos-tg8-300x198.jpg 300w, https:\/\/insideamateurfussball-ffm.de\/wp-content\/uploads\/2025\/10\/bos-tg8-768x507.jpg 768w\" sizes=\"auto, (max-width: 886px) 100vw, 886px\" \/><figcaption id=\"caption-attachment-28607\" class=\"wp-caption-text\">Der T\u00fcrkische SV Bad Nauheim setzte sich im t\u00fcrkischen Duell gegen T\u00fcrkg\u00fcc\u00fc Frankfurt durch. Foto: Archiv Mithat G\u00fcrser<\/figcaption><\/figure>\n<h4>T\u00fcrkischer SV Bad Nauheim &#8211; T\u00fcrkg\u00fcc\u00fc Frankfurt 2:0 (0:0)<\/h4>\n<p><img loading=\"lazy\" decoding=\"async\" class=\"alignnone size-full wp-image-25899\" src=\"http:\/\/insideamateurfussball-ffm.de\/wp-content\/uploads\/2025\/05\/Tuerkischer-SV.jpg\" alt=\"\" width=\"99\" height=\"99\" \/><img loading=\"lazy\" decoding=\"async\" class=\"alignnone size-full wp-image-17\" src=\"http:\/\/insideamateurfussball-ffm.de\/wp-content\/uploads\/2021\/11\/Tuerkguecue.jpg\" alt=\"\" width=\"72\" height=\"80\" \/><\/p>\n<p>T\u00fcrkg\u00fcc\u00fcs Interimstrainer Murat Tiryaki war nach dem Spiel beim T\u00fcrkischen SV Bad Nauheim \u201estolz\u201c auf seine Mannschaft, die \u201egek\u00e4mpft habe wie die L\u00f6wen\u201c. Es sollte aber f\u00fcr die abstiegsbedrohten Frankfurter am Ende nicht ausreichen, ausschlaggebend vielleicht auch die rote Karte f\u00fcr Nassim Elouafi in der 45.Minute, der wegen Beleidigung eines Gegenspielers vom Platz gestellt wurde. In der ersten Halbzeit hatten die G\u00e4ste aus Frankfurt gute Chancen, das Chancenverh\u00e4ltnis stand 2:2 beim Gang in die Kabinen, das Ergebnis aber 0:0.<\/p>\n<p>Die Gastgeber aus Bad Nauheim gingen fr\u00fch in der zweiten Halbzeit mit 1:0 in F\u00fchrung, Ozan Keskin erzielte in der 48.Minute das 1:0, danach verwalteten die Gastgeber das Ergebnis und lie\u00dfen nicht viel zu. Trotzdem h\u00e4tte T\u00fcrkg\u00fcc\u00fc in Unterzahl kurz vor Schluss beinahe noch ausgeglichen, doch der eingewechselte Eray Erol Hodzha konnte freistehend Bad Nauheims Torh\u00fcter Sebastian Seitz nicht \u00fcberwinden. Den Schlusspunkt setzte kurz vor dem Abpfiff Ali \u00dczer mit dem 2:0 (90.+6).<\/p>\n<p>T\u00fcrkg\u00fcc\u00fc Frankfurt steht nach Abschluss der Vorrunde mit nur 10 Punkten auf Platz 15, bei der derzeitigen Konstellation ein direkter Abstiegsplatz. Nach 7 Punkten aus den ersten drei Spielen setzte es in den folgenden 13 Spielen 12 Niederlagen, nur gegen Burg-Gr\u00e4fenrode konnte gewonnen werden. Am ersten Spieltag der R\u00fcckrunde ist T\u00fcrkg\u00fcc\u00fc spielfrei und kann sich auf die letzten beiden Spiele des Jahres in Kaichen und gegen den FV Stierstadt vorbereiten.<\/p>\n<h4>Schiedsrichter: Oguzhan G\u00fcnd\u00fcz (Gladenbach). Zuschauer: 200.<\/h4>\n<h4>Tore: 1:0 Ozan Keskin (48.), 2:0 Ali \u00dczer (90.+6)<\/h4>\n","protected":false},"excerpt":{"rendered":"<p>T\u00fcrkg\u00fcc\u00fc Frankfurt hielt beim T\u00fcrkischen SV Bad Nauheim lange gut mit, nach einer roten Karte zur Halbzeit unterlag man den Gastgebern allerdings am Ende mit 0:2. T\u00fcrkischer SV Bad Nauheim &#8211; T\u00fcrkg\u00fcc\u00fc Frankfurt 2:0 (0:0) T\u00fcrkg\u00fcc\u00fcs Interimstrainer Murat Tiryaki war nach dem Spiel beim T\u00fcrkischen SV Bad Nauheim \u201estolz\u201c auf seine Mannschaft, die \u201egek\u00e4mpft habe [&hellip;]<\/p>\n","protected":false},"author":3,"featured_media":28607,"comment_status":"closed","ping_status":"open","sticky":true,"template":"","format":"standard","meta":{"footnotes":""},"categories":[13],"tags":[],"class_list":["post-29267","post","type-post","status-publish","format-standard","has-post-thumbnail","hentry","category-gruppenliga-frankfurt-west"],"_links":{"self":[{"href":"https:\/\/insideamateurfussball-ffm.de\/index.php?rest_route=\/wp\/v2\/posts\/29267","targetHints":{"allow":["GET"]}}],"collection":[{"href":"https:\/\/insideamateurfussball-ffm.de\/index.php?rest_route=\/wp\/v2\/posts"}],"about":[{"href":"https:\/\/insideamateurfussball-ffm.de\/index.php?rest_route=\/wp\/v2\/types\/post"}],"author":[{"embeddable":true,"href":"https:\/\/insideamateurfussball-ffm.de\/index.php?rest_route=\/wp\/v2\/users\/3"}],"replies":[{"embeddable":true,"href":"https:\/\/insideamateurfussball-ffm.de\/index.php?rest_route=%2Fwp%2Fv2%2Fcomments&post=29267"}],"version-history":[{"count":2,"href":"https:\/\/insideamateurfussball-ffm.de\/index.php?rest_route=\/wp\/v2\/posts\/29267\/revisions"}],"predecessor-version":[{"id":29269,"href":"https:\/\/insideamateurfussball-ffm.de\/index.php?rest_route=\/wp\/v2\/posts\/29267\/revisions\/29269"}],"wp:featuredmedia":[{"embeddable":true,"href":"https:\/\/insideamateurfussball-ffm.de\/index.php?rest_route=\/wp\/v2\/media\/28607"}],"wp:attachment":[{"href":"https:\/\/insideamateurfussball-ffm.de\/index.php?rest_route=%2Fwp%2Fv2%2Fmedia&parent=29267"}],"wp:term":[{"taxonomy":"category","embeddable":true,"href":"https:\/\/insideamateurfussball-ffm.de\/index.php?rest_route=%2Fwp%2Fv2%2Fcategories&post=29267"},{"taxonomy":"post_tag","embeddable":true,"href":"https:\/\/insideamateurfussball-ffm.de\/index.php?rest_route=%2Fwp%2Fv2%2Ftags&post=29267"}],"curies":[{"name":"wp","href":"https:\/\/api.w.org\/{rel}","templated":true}]}}