{"id":29261,"date":"2025-11-10T17:39:24","date_gmt":"2025-11-10T16:39:24","guid":{"rendered":"https:\/\/insideamateurfussball-ffm.de\/?p=29261"},"modified":"2025-11-10T17:39:24","modified_gmt":"2025-11-10T16:39:24","slug":"oberrad-untermauert-den-relegationsplatz","status":"publish","type":"post","link":"https:\/\/insideamateurfussball-ffm.de\/?p=29261","title":{"rendered":"Oberrad untermauert den Relegationsplatz"},"content":{"rendered":"<h4>Im Topspiel des Spieltages konnte die Spvgg. 05 Oberrad den FC Karben mit 4:2 besiegen und damit zum Abschluss der Vorrunde den zweiten Tabellenplatz untermauern, allerdings schon mit 10 Punkten Abstand zum Tabellenf\u00fchrer.<\/h4>\n<figure id=\"attachment_27158\" aria-describedby=\"caption-attachment-27158\" style=\"width: 520px\" class=\"wp-caption alignnone\"><img loading=\"lazy\" decoding=\"async\" class=\"wp-image-27158 size-full\" src=\"http:\/\/insideamateurfussball-ffm.de\/wp-content\/uploads\/2025\/08\/rovcanin.jpg\" alt=\"\" width=\"520\" height=\"640\" srcset=\"https:\/\/insideamateurfussball-ffm.de\/wp-content\/uploads\/2025\/08\/rovcanin.jpg 520w, https:\/\/insideamateurfussball-ffm.de\/wp-content\/uploads\/2025\/08\/rovcanin-244x300.jpg 244w\" sizes=\"auto, (max-width: 520px) 100vw, 520px\" \/><figcaption id=\"caption-attachment-27158\" class=\"wp-caption-text\">Ersan Rovcanin erziele den wichtigen 1:1-Ausgleich. Foto: Archiv Verein<\/figcaption><\/figure>\n<h4>Spvgg. 05 Oberrad &#8211; FC Karben 4.2 (2:1)<\/h4>\n<p><img loading=\"lazy\" decoding=\"async\" class=\"alignnone size-full wp-image-137\" src=\"http:\/\/insideamateurfussball-ffm.de\/wp-content\/uploads\/2022\/05\/Oberrad05.jpg\" alt=\"\" width=\"79\" height=\"80\" \/><img loading=\"lazy\" decoding=\"async\" class=\"alignnone size-full wp-image-2525\" src=\"http:\/\/insideamateurfussball-ffm.de\/wp-content\/uploads\/2022\/09\/karben.jpg\" alt=\"\" width=\"65\" height=\"80\" \/><\/p>\n<p>Oberrads Trainer Maximilian Schmidt sprach nach dem 4:2-Sieg gegen den FC Karben von einer \u201esehr erwachsenen Leistung\u201c. In den ersten Minuten des Topspiels entwickelte sich schon ein Schlagabtausch zweier starker Mannschaften mit vielen Zweik\u00e4mpfen, der FC Karben konnte als erstes treffen, in der 19.Minute war Luca Hannig zum 1:0 f\u00fcr die G\u00e4ste erfolgreich. Doch Oberrad antwortete schnell, nur zwei Minuten sp\u00e4ter erzielte Ersan Rovcanin den 1:1-Ausgleich. Trainer Schmidt: \u201enach dem Ausgleich waren wir spielbestimmender, Karben versuchte es viel \u00fcber lange B\u00e4lle, wir hatten gef\u00e4hrlichere Aktionen im Strafraum, danach wechselte die \u00dcberlegenheit so alle 10-15 Minuten.\u201c<\/p>\n<p>In der 41.Minute nutzte Kenneth Malm einen Abwehrfehler der Karbener und brachte Oberrad mit 2:1 in die Pause, die sich beide Mannschaften verdient hatten. Die G\u00e4ste kamen besser in die zweite Halbzeit und erzielten in der 63.Minute durch ein Tor von Dorian Music den 2:2-Ausgleich, es war jetzt ein ausgeglichenes Spiel, in dem Kleinigkeiten entschieden. Und die Gastgeber kamen in der 71.Minute zur erneuten F\u00fchrung, nach einem langen Ball entwischte erneut Malm der gegnerischen Abwehr und erzielte das 3:2. Den Schlusspunkt zum 4:2 setzte dann Muris Pehratonic in der 2.Minute der Nachspielzeit, als er einen an ihm selbst verschuldeten Foulelfmeter zum Endstand verwandelte. Trainer Schmidt: \u201edas war ein verdienter Sieg in einem Spiel auf hohem Niveau.\u201c<\/p>\n<p>Die Spvgg. 05 Oberrad schlie\u00dft die Vorrunde damit auf dem Relegationsplatz 2 ab, 10 Punkte hinter dem souver\u00e4nen Tabellenf\u00fchrer Bosnien\/Herzegowina, aber drei Punkte vor der \u00dcberraschungsmannschaft des FC Tempo. Am n\u00e4chsten Wochenende wird die R\u00fcckrunde eingel\u00e4utet mit dem Spiel gegen die SG Wehrheim\/Pfaffenwiesbach.<\/p>\n<h4>Schiedsrichter: Lukas Weber (Altenstadt). Zuschauer: 70.<\/h4>\n<h4>Tore: 0:1 Luca Hannig (19.), 1:1 Ersan Rovcanin (21.), 2:1 Kenneth Malm (41.), 2:2 Dorian Music (63.), 3:2 Kenneth Malm (71.), 4:2 Muris Pehratovic (90.+2, Elfmeter)<\/h4>\n\n\n<p><\/p>\n","protected":false},"excerpt":{"rendered":"<p>Im Topspiel des Spieltages konnte die Spvgg. 05 Oberrad den FC Karben mit 4:2 besiegen und damit zum Abschluss der Vorrunde den zweiten Tabellenplatz untermauern, allerdings schon mit 10 Punkten Abstand zum Tabellenf\u00fchrer. Spvgg. 05 Oberrad &#8211; FC Karben 4.2 (2:1) Oberrads Trainer Maximilian Schmidt sprach nach dem 4:2-Sieg gegen den FC Karben von einer [&hellip;]<\/p>\n","protected":false},"author":3,"featured_media":27158,"comment_status":"closed","ping_status":"open","sticky":true,"template":"","format":"standard","meta":{"footnotes":""},"categories":[13],"tags":[],"class_list":["post-29261","post","type-post","status-publish","format-standard","has-post-thumbnail","hentry","category-gruppenliga-frankfurt-west"],"_links":{"self":[{"href":"https:\/\/insideamateurfussball-ffm.de\/index.php?rest_route=\/wp\/v2\/posts\/29261","targetHints":{"allow":["GET"]}}],"collection":[{"href":"https:\/\/insideamateurfussball-ffm.de\/index.php?rest_route=\/wp\/v2\/posts"}],"about":[{"href":"https:\/\/insideamateurfussball-ffm.de\/index.php?rest_route=\/wp\/v2\/types\/post"}],"author":[{"embeddable":true,"href":"https:\/\/insideamateurfussball-ffm.de\/index.php?rest_route=\/wp\/v2\/users\/3"}],"replies":[{"embeddable":true,"href":"https:\/\/insideamateurfussball-ffm.de\/index.php?rest_route=%2Fwp%2Fv2%2Fcomments&post=29261"}],"version-history":[{"count":2,"href":"https:\/\/insideamateurfussball-ffm.de\/index.php?rest_route=\/wp\/v2\/posts\/29261\/revisions"}],"predecessor-version":[{"id":29263,"href":"https:\/\/insideamateurfussball-ffm.de\/index.php?rest_route=\/wp\/v2\/posts\/29261\/revisions\/29263"}],"wp:featuredmedia":[{"embeddable":true,"href":"https:\/\/insideamateurfussball-ffm.de\/index.php?rest_route=\/wp\/v2\/media\/27158"}],"wp:attachment":[{"href":"https:\/\/insideamateurfussball-ffm.de\/index.php?rest_route=%2Fwp%2Fv2%2Fmedia&parent=29261"}],"wp:term":[{"taxonomy":"category","embeddable":true,"href":"https:\/\/insideamateurfussball-ffm.de\/index.php?rest_route=%2Fwp%2Fv2%2Fcategories&post=29261"},{"taxonomy":"post_tag","embeddable":true,"href":"https:\/\/insideamateurfussball-ffm.de\/index.php?rest_route=%2Fwp%2Fv2%2Ftags&post=29261"}],"curies":[{"name":"wp","href":"https:\/\/api.w.org\/{rel}","templated":true}]}}