{"id":29253,"date":"2025-11-10T16:59:37","date_gmt":"2025-11-10T15:59:37","guid":{"rendered":"https:\/\/insideamateurfussball-ffm.de\/?p=29253"},"modified":"2025-11-10T16:59:37","modified_gmt":"2025-11-10T15:59:37","slug":"zeilsheim-faehrt-wichtige-punkte-ein","status":"publish","type":"post","link":"https:\/\/insideamateurfussball-ffm.de\/?p=29253","title":{"rendered":"Zeilsheim f\u00e4hrt wichtige Punkte ein"},"content":{"rendered":"<h4>Wichtige Punkte im Abstiegskamp holte Frankfurts Vertreter in der Verbandsliga Mitte, der SV Zeilsheim gewann zu Hause gegen den Tabellennachbarn VfR 07 Limburg durch ein sp\u00e4tes Tor mit 3:2.<\/h4>\n<figure id=\"attachment_29254\" aria-describedby=\"caption-attachment-29254\" style=\"width: 1052px\" class=\"wp-caption alignnone\"><img loading=\"lazy\" decoding=\"async\" class=\"wp-image-29254 size-full\" src=\"http:\/\/insideamateurfussball-ffm.de\/wp-content\/uploads\/2025\/11\/16a-Dariyan-Demir-erzielte-den-Siegtreffer-fuer-den-SV.jpg\" alt=\"\" width=\"1052\" height=\"1016\" srcset=\"https:\/\/insideamateurfussball-ffm.de\/wp-content\/uploads\/2025\/11\/16a-Dariyan-Demir-erzielte-den-Siegtreffer-fuer-den-SV.jpg 1052w, https:\/\/insideamateurfussball-ffm.de\/wp-content\/uploads\/2025\/11\/16a-Dariyan-Demir-erzielte-den-Siegtreffer-fuer-den-SV-300x290.jpg 300w, https:\/\/insideamateurfussball-ffm.de\/wp-content\/uploads\/2025\/11\/16a-Dariyan-Demir-erzielte-den-Siegtreffer-fuer-den-SV-1024x989.jpg 1024w, https:\/\/insideamateurfussball-ffm.de\/wp-content\/uploads\/2025\/11\/16a-Dariyan-Demir-erzielte-den-Siegtreffer-fuer-den-SV-768x742.jpg 768w\" sizes=\"auto, (max-width: 1052px) 100vw, 1052px\" \/><figcaption id=\"caption-attachment-29254\" class=\"wp-caption-text\">Dariyan Demir erzielte den Siegtreffer f\u00fcr den SV. Foto: Verein<\/figcaption><\/figure>\n<h4>SV 1919 Zeilsheim \u2013 VfR 07 Limburg 3:2 (2:1)<\/h4>\n<p><img loading=\"lazy\" decoding=\"async\" class=\"alignnone size-full wp-image-20302\" src=\"http:\/\/insideamateurfussball-ffm.de\/wp-content\/uploads\/2024\/08\/logo-zeilsheim.jpeg\" alt=\"\" width=\"68\" height=\"80\" \/><img loading=\"lazy\" decoding=\"async\" class=\"alignnone size-full wp-image-29255\" src=\"http:\/\/insideamateurfussball-ffm.de\/wp-content\/uploads\/2025\/11\/logolimburg.png\" alt=\"\" width=\"80\" height=\"80\" \/><\/p>\n<p>(Zeilsheim, 09.11.2025). \u201eDas war noch kein Befreiungsschlag\u201c kommentierte Zeilsheims Pr\u00e4sident Peter Strauch den etwas gl\u00fccklichen 3:2-Heimsieg gegen Limburg. Doch es waren wichtige Punkte, die der SV zuhause gegen den Tabellennachbar holte. Der gl\u00fcckliche Erfolg kam erst durch einen Treffer in der Nachspielzeit zustande, als Dariyan Demir nach einem Innenpfostenschuss von Dusan Crnomut goldrichtig stand und den Ball \u00fcber die Linie dr\u00fcckte. Die Jubeltraube zeigte, welche Bedeutung der Treffer f\u00fcr die \u201eGr\u00fcnen\u201c hatte.<\/p>\n<p>&#8222;Es war ein gl\u00fccklicher Sieg, denn Limburg war mindestens ebenb\u00fcrtig. Sie hatten Feldvorteile, haben sich aber nicht belohnt und sind an sich selbst verzweifelt&#8220;, ordnete Strauch den Dreier ein. Zuvor waren die Gastgeber zweimal in F\u00fchrung gegangen. Dominik Ortega Tapia stibitzte sich den Ball und erzielte das fr\u00fche 1:0 (9.). Nach gut einer halben Stunde kamen die G\u00e4ste zum verdienten Ausgleich: Nach einem sch\u00f6nen Ball in die Tiefe und anschlie\u00dfenden Querpass dr\u00fcckte Meric Ramcilovic, das Leder zum Ausgleich (34.) ins Tor. Nach einer Klasse Vorbereitung von Leonardo Bianco brachte Belal Dashti die Zeilsheimer jedoch mit dem Halbzeitpfiff wieder in Front (45.).<\/p>\n<p>Nach dem Seitenwechsel vers\u00e4umte es der SV, nachzulegen. Gute Torm\u00f6glichkeiten wurden ausgelassen, wodurch das Spiel offen blieb. Und Limburg hatte eine Antwort parat. Nach einem langen Freisto\u00df k\u00f6pfte Bianco den Ball nicht energisch aus der Gefahrenzone, wovon Simon Neugebauer profitierte und das 2:2 (68.) erzielte. Jetzt waren die G\u00e4ste dem Sieg n\u00e4her. Doch die Gr\u00fcnhemden hatten das letzte Wort.<\/p>\n<p>So spielte der SV: Paul Siegers, Mikael Neway (88. Tiziano Terzic), Tobias Werther (56. Askar Said Sadah), Dino Kurbegovic, Leonardo Bianco, Takuto Tanaka, Belal Dashti (73. Jannik Lacayo), Arian Selmani Andre (78. Hiroki Torinomi), Flie\u00df (K), Dusan Crnomut, Dominik Ortega Tapia (78. Dariyan Demir) Arian Selmani.<\/p>\n<h4>Tore: 1:0 Dominik Ortega Tapia \u00a0(9.), 1:0 \u00a0Meris Ramcilovic (34.), 2:1 Belal Dashti (45.) 2:2 Simon Neugebauer (68.), 3:2 Dariyan Demir (94.+4,)<\/h4>\n<h4>Schiedsrichter: Tom Denninger (Offenbach).<\/h4>\n\n\n<p><\/p>\n","protected":false},"excerpt":{"rendered":"<p>Wichtige Punkte im Abstiegskamp holte Frankfurts Vertreter in der Verbandsliga Mitte, der SV Zeilsheim gewann zu Hause gegen den Tabellennachbarn VfR 07 Limburg durch ein sp\u00e4tes Tor mit 3:2. SV 1919 Zeilsheim \u2013 VfR 07 Limburg 3:2 (2:1) (Zeilsheim, 09.11.2025). \u201eDas war noch kein Befreiungsschlag\u201c kommentierte Zeilsheims Pr\u00e4sident Peter Strauch den etwas gl\u00fccklichen 3:2-Heimsieg gegen [&hellip;]<\/p>\n","protected":false},"author":3,"featured_media":29254,"comment_status":"closed","ping_status":"open","sticky":true,"template":"","format":"standard","meta":{"footnotes":""},"categories":[32],"tags":[],"class_list":["post-29253","post","type-post","status-publish","format-standard","has-post-thumbnail","hentry","category-verbandsliga-mitte"],"_links":{"self":[{"href":"https:\/\/insideamateurfussball-ffm.de\/index.php?rest_route=\/wp\/v2\/posts\/29253","targetHints":{"allow":["GET"]}}],"collection":[{"href":"https:\/\/insideamateurfussball-ffm.de\/index.php?rest_route=\/wp\/v2\/posts"}],"about":[{"href":"https:\/\/insideamateurfussball-ffm.de\/index.php?rest_route=\/wp\/v2\/types\/post"}],"author":[{"embeddable":true,"href":"https:\/\/insideamateurfussball-ffm.de\/index.php?rest_route=\/wp\/v2\/users\/3"}],"replies":[{"embeddable":true,"href":"https:\/\/insideamateurfussball-ffm.de\/index.php?rest_route=%2Fwp%2Fv2%2Fcomments&post=29253"}],"version-history":[{"count":2,"href":"https:\/\/insideamateurfussball-ffm.de\/index.php?rest_route=\/wp\/v2\/posts\/29253\/revisions"}],"predecessor-version":[{"id":29257,"href":"https:\/\/insideamateurfussball-ffm.de\/index.php?rest_route=\/wp\/v2\/posts\/29253\/revisions\/29257"}],"wp:featuredmedia":[{"embeddable":true,"href":"https:\/\/insideamateurfussball-ffm.de\/index.php?rest_route=\/wp\/v2\/media\/29254"}],"wp:attachment":[{"href":"https:\/\/insideamateurfussball-ffm.de\/index.php?rest_route=%2Fwp%2Fv2%2Fmedia&parent=29253"}],"wp:term":[{"taxonomy":"category","embeddable":true,"href":"https:\/\/insideamateurfussball-ffm.de\/index.php?rest_route=%2Fwp%2Fv2%2Fcategories&post=29253"},{"taxonomy":"post_tag","embeddable":true,"href":"https:\/\/insideamateurfussball-ffm.de\/index.php?rest_route=%2Fwp%2Fv2%2Ftags&post=29253"}],"curies":[{"name":"wp","href":"https:\/\/api.w.org\/{rel}","templated":true}]}}