{"id":29196,"date":"2025-11-08T18:03:32","date_gmt":"2025-11-08T17:03:32","guid":{"rendered":"https:\/\/insideamateurfussball-ffm.de\/?p=29196"},"modified":"2025-11-09T01:15:02","modified_gmt":"2025-11-09T00:15:02","slug":"erneuter-rueckschlag-fuer-kalbach","status":"publish","type":"post","link":"https:\/\/insideamateurfussball-ffm.de\/?p=29196","title":{"rendered":"Erneuter R\u00fcckschlag f\u00fcr Kalbach"},"content":{"rendered":"<h4>Nach dem \u00dcberraschungserfolg gegen Bad Homburg kam am Samstag der n\u00e4chste D\u00e4mpfer f\u00fcr den FC Kalbach, es gab ein 1:3 beim Tabellenletzten 1. FCA Darmstadt, der damit sein erstes Saisonspiel gewinnen konnte.<\/h4>\n<figure id=\"attachment_29197\" aria-describedby=\"caption-attachment-29197\" style=\"width: 2016px\" class=\"wp-caption alignnone\"><img loading=\"lazy\" decoding=\"async\" class=\"wp-image-29197 size-full\" src=\"http:\/\/insideamateurfussball-ffm.de\/wp-content\/uploads\/2025\/11\/darmstadtkalbach00.jpg\" alt=\"\" width=\"2016\" height=\"1512\" srcset=\"https:\/\/insideamateurfussball-ffm.de\/wp-content\/uploads\/2025\/11\/darmstadtkalbach00.jpg 2016w, https:\/\/insideamateurfussball-ffm.de\/wp-content\/uploads\/2025\/11\/darmstadtkalbach00-300x225.jpg 300w, https:\/\/insideamateurfussball-ffm.de\/wp-content\/uploads\/2025\/11\/darmstadtkalbach00-1024x768.jpg 1024w, https:\/\/insideamateurfussball-ffm.de\/wp-content\/uploads\/2025\/11\/darmstadtkalbach00-768x576.jpg 768w, https:\/\/insideamateurfussball-ffm.de\/wp-content\/uploads\/2025\/11\/darmstadtkalbach00-1536x1152.jpg 1536w\" sizes=\"auto, (max-width: 2016px) 100vw, 2016px\" \/><figcaption id=\"caption-attachment-29197\" class=\"wp-caption-text\">Die Mannschaft des 1. FCA Darmstadt gewann gegen den FC Kalbach ihr erstes Saisonspiel. Foto: MZ<\/figcaption><\/figure>\n<h4>1.FCA Darmstadt &#8211; FC Kalbach 3:1 (2:0)<\/h4>\n<p><img loading=\"lazy\" decoding=\"async\" class=\"alignnone size-full wp-image-10166\" src=\"http:\/\/insideamateurfussball-ffm.de\/wp-content\/uploads\/2023\/06\/FCADA.jpg\" alt=\"\" width=\"78\" height=\"80\" \/><img loading=\"lazy\" decoding=\"async\" class=\"alignnone size-full wp-image-16\" src=\"http:\/\/insideamateurfussball-ffm.de\/wp-content\/uploads\/2021\/11\/kalbach-wappen.jpg\" alt=\"\" width=\"80\" height=\"80\" \/><\/p>\n<p>Die Abstiegssorgen beim FC Kalbach steigen, die Frankfurter verloren ihr Spiel beim Tabellenletzten 1. FCA Darmstadt nach einer schwachen Leistung mit 1:3 und liegen mit mageren 8 Punkten weiter auf dem drittletzten Tabellenplatz. Die Gastgeber begannen die Partie stark, in der 5.Minute bereits die F\u00fchrung. Ein Freisto\u00df von der halblinken Seite von Joseph Michael Dipreta wurde leicht abgef\u00e4lscht von einem Kalbacher Verteidiger und landete im hinteren Eck des Tores und prallte vom Innenpfosten ins Tor. In der ersten Viertelstunde waren die Darmst\u00e4dter gef\u00e4hrlicher und hatten zwei weitere gro\u00dfe Chancen, die jeweils abgeblockt wurden. Zwei Tore in der ersten Halbzeit wurden den Gastgebern wegen Abseits zur\u00fcckgepfiffen, aber dennoch stand es zur Halbzeit schon 2:0, da Vinicius Miranda de Oliveira in der 22.Minute per Kopf zum 2:0 erfolgreich war.<\/p>\n<p>Von Kalbach war in der ersten Halbzeit \u00fcberhaupt nichts zu sehen, kein einziger Torschuss, viele Fehlp\u00e4sse im Spielaufbau und viele verlorene Zweik\u00e4mpfe, das war die Leistung eines Absteigers. In der Halbzeit wechselte Kalbachs Trainer Aaz Dine Zarioh zweimal und die G\u00e4ste wurden aggressiver und kamen besser ins Spiel, ohne sich aber zuerst gro\u00dfe Chancen zu erspielen. Die gr\u00f6\u00dferen Chancen hatten weiter die Gastgeber, in der 61.Minute verpassten sie nach einem Kalbacher Abwehrfehler freistehend das 3:0, das dann aber doch in der 68.Minute fiel. Erneut Darmstadts Kapit\u00e4n Miranda de Oliveira war der Ausgangspunkt, mit einer langen Flanke aus dem Halbfeld erreichte er Kieran Emmanuel Weinstein, der den Ball zum 3:0 veredelte.<\/p>\n<p>Kalbach versuchte nach vorne viel und hatte in der 78.Minute Gl\u00fcck, als eine Flanke von einem Darmst\u00e4dter abprallte und Achraf Gara Ali vor die F\u00fc\u00dfe fiel, der den Anschlusstreffer zum 1:3 erzielte. Wer wei\u00df, was passiert w\u00e4re, wenn Gara Ali in der 86.Minute nach einer Hereingabe nicht aus 2 Metern am Tor vorbeigeschossen h\u00e4tte, so blieb es aber bis zum Schluss beim 3:1, die gelb-rote Karte f\u00fcr Darmstadts Diogo Barbosa Pereira in der dritten Minute der Nachspielzeit fiel da nicht mehr ins Gewicht.<\/p>\n<p>Kalbachs Vorstandsmitglied Manni Meyer nach dem Spiel: \u201eich bin total entt\u00e4uscht, ich muss sagen die erste Halbzeit war desastr\u00f6s. Da war gar nichts drin, kein Kampf, keine Annahme, wir spielen gegen den Tabellenletzten. In der zweiten Halbzeit haben wir das Spiel angenommen, haben aber nicht die entscheidenden B\u00e4lle gekriegt, waren immer einen Schritt langsamer als der Gegner, deswegen haben wir verdient verloren.\u201c Kalbachs Sportlicher Leiter Samuel Gebrehiwot teilte uns mit: \u201centgegen anderslautender Ger\u00fcchte, die in der Gegend herumschwirren, gibt es bei uns keine Trainerdiskussion, wir wollen mit dem Trainer weitermachen.\u201c<\/p>\n<p>Kalbach beendet die Vorrunde am Donnerstag mit dem Nachholspiel gegen den VfR Gro\u00df-Gerau.<\/p>\n<h4>Schiedsrichter: Oleg Karaliov (Sportfreunde Oberau). Zuschauer: 40.<\/h4>\n<h4>Tore: 1:0 Joseph Michael Dipreta (5.), 2:0 Vinicius Miranda de Oliveira (22.), 3:0 Kieran Emmanuel Weinstein (68.), 3:1 Achraf Gara Ali (78.)<\/h4>\n\n\n<figure class=\"wp-block-image size-large\"><img loading=\"lazy\" decoding=\"async\" width=\"1024\" height=\"768\" src=\"http:\/\/insideamateurfussball-ffm.de\/wp-content\/uploads\/2025\/11\/darmstadtkalbach01-1024x768.jpg\" alt=\"\" class=\"wp-image-29198\" srcset=\"https:\/\/insideamateurfussball-ffm.de\/wp-content\/uploads\/2025\/11\/darmstadtkalbach01-1024x768.jpg 1024w, https:\/\/insideamateurfussball-ffm.de\/wp-content\/uploads\/2025\/11\/darmstadtkalbach01-300x225.jpg 300w, https:\/\/insideamateurfussball-ffm.de\/wp-content\/uploads\/2025\/11\/darmstadtkalbach01-768x576.jpg 768w, https:\/\/insideamateurfussball-ffm.de\/wp-content\/uploads\/2025\/11\/darmstadtkalbach01-1536x1152.jpg 1536w, https:\/\/insideamateurfussball-ffm.de\/wp-content\/uploads\/2025\/11\/darmstadtkalbach01.jpg 2016w\" sizes=\"auto, (max-width: 1024px) 100vw, 1024px\" \/><\/figure>\n\n\n\n<figure class=\"wp-block-image size-large\"><img loading=\"lazy\" decoding=\"async\" width=\"1024\" height=\"768\" src=\"http:\/\/insideamateurfussball-ffm.de\/wp-content\/uploads\/2025\/11\/darmstadtkalbach02-1024x768.jpg\" alt=\"\" class=\"wp-image-29199\" srcset=\"https:\/\/insideamateurfussball-ffm.de\/wp-content\/uploads\/2025\/11\/darmstadtkalbach02-1024x768.jpg 1024w, https:\/\/insideamateurfussball-ffm.de\/wp-content\/uploads\/2025\/11\/darmstadtkalbach02-300x225.jpg 300w, https:\/\/insideamateurfussball-ffm.de\/wp-content\/uploads\/2025\/11\/darmstadtkalbach02-768x576.jpg 768w, https:\/\/insideamateurfussball-ffm.de\/wp-content\/uploads\/2025\/11\/darmstadtkalbach02-1536x1152.jpg 1536w, https:\/\/insideamateurfussball-ffm.de\/wp-content\/uploads\/2025\/11\/darmstadtkalbach02.jpg 2016w\" sizes=\"auto, (max-width: 1024px) 100vw, 1024px\" \/><\/figure>\n\n\n\n<figure class=\"wp-block-image size-large\"><img loading=\"lazy\" decoding=\"async\" width=\"1024\" height=\"768\" src=\"http:\/\/insideamateurfussball-ffm.de\/wp-content\/uploads\/2025\/11\/darmstadtkalbach03-1024x768.jpg\" alt=\"\" class=\"wp-image-29200\" srcset=\"https:\/\/insideamateurfussball-ffm.de\/wp-content\/uploads\/2025\/11\/darmstadtkalbach03-1024x768.jpg 1024w, https:\/\/insideamateurfussball-ffm.de\/wp-content\/uploads\/2025\/11\/darmstadtkalbach03-300x225.jpg 300w, https:\/\/insideamateurfussball-ffm.de\/wp-content\/uploads\/2025\/11\/darmstadtkalbach03-768x576.jpg 768w, https:\/\/insideamateurfussball-ffm.de\/wp-content\/uploads\/2025\/11\/darmstadtkalbach03-1536x1152.jpg 1536w, https:\/\/insideamateurfussball-ffm.de\/wp-content\/uploads\/2025\/11\/darmstadtkalbach03.jpg 2016w\" sizes=\"auto, (max-width: 1024px) 100vw, 1024px\" \/><\/figure>\n","protected":false},"excerpt":{"rendered":"<p>Nach dem \u00dcberraschungserfolg gegen Bad Homburg kam am Samstag der n\u00e4chste D\u00e4mpfer f\u00fcr den FC Kalbach, es gab ein 1:3 beim Tabellenletzten 1. FCA Darmstadt, der damit sein erstes Saisonspiel gewinnen konnte. 1.FCA Darmstadt &#8211; FC Kalbach 3:1 (2:0) Die Abstiegssorgen beim FC Kalbach steigen, die Frankfurter verloren ihr Spiel beim Tabellenletzten 1. FCA Darmstadt [&hellip;]<\/p>\n","protected":false},"author":3,"featured_media":29197,"comment_status":"closed","ping_status":"open","sticky":true,"template":"","format":"standard","meta":{"footnotes":""},"categories":[10],"tags":[],"class_list":["post-29196","post","type-post","status-publish","format-standard","has-post-thumbnail","hentry","category-verbandsliga-sued"],"_links":{"self":[{"href":"https:\/\/insideamateurfussball-ffm.de\/index.php?rest_route=\/wp\/v2\/posts\/29196","targetHints":{"allow":["GET"]}}],"collection":[{"href":"https:\/\/insideamateurfussball-ffm.de\/index.php?rest_route=\/wp\/v2\/posts"}],"about":[{"href":"https:\/\/insideamateurfussball-ffm.de\/index.php?rest_route=\/wp\/v2\/types\/post"}],"author":[{"embeddable":true,"href":"https:\/\/insideamateurfussball-ffm.de\/index.php?rest_route=\/wp\/v2\/users\/3"}],"replies":[{"embeddable":true,"href":"https:\/\/insideamateurfussball-ffm.de\/index.php?rest_route=%2Fwp%2Fv2%2Fcomments&post=29196"}],"version-history":[{"count":4,"href":"https:\/\/insideamateurfussball-ffm.de\/index.php?rest_route=\/wp\/v2\/posts\/29196\/revisions"}],"predecessor-version":[{"id":29214,"href":"https:\/\/insideamateurfussball-ffm.de\/index.php?rest_route=\/wp\/v2\/posts\/29196\/revisions\/29214"}],"wp:featuredmedia":[{"embeddable":true,"href":"https:\/\/insideamateurfussball-ffm.de\/index.php?rest_route=\/wp\/v2\/media\/29197"}],"wp:attachment":[{"href":"https:\/\/insideamateurfussball-ffm.de\/index.php?rest_route=%2Fwp%2Fv2%2Fmedia&parent=29196"}],"wp:term":[{"taxonomy":"category","embeddable":true,"href":"https:\/\/insideamateurfussball-ffm.de\/index.php?rest_route=%2Fwp%2Fv2%2Fcategories&post=29196"},{"taxonomy":"post_tag","embeddable":true,"href":"https:\/\/insideamateurfussball-ffm.de\/index.php?rest_route=%2Fwp%2Fv2%2Ftags&post=29196"}],"curies":[{"name":"wp","href":"https:\/\/api.w.org\/{rel}","templated":true}]}}