{"id":29151,"date":"2025-11-05T15:27:45","date_gmt":"2025-11-05T14:27:45","guid":{"rendered":"https:\/\/insideamateurfussball-ffm.de\/?p=29151"},"modified":"2025-11-05T15:30:18","modified_gmt":"2025-11-05T14:30:18","slug":"posavina-gewinnt-topspiel-und-ist-jetzt-spitze","status":"publish","type":"post","link":"https:\/\/insideamateurfussball-ffm.de\/?p=29151","title":{"rendered":"Posavina gewinnt Topspiel und ist jetzt spitze"},"content":{"rendered":"<h4>Der FC Posavina gewann das Topspiel am Sonntagabend gegen den SV 07 Heddernheim mit 3:2 (2:0) und l\u00f6ste den bisherigen Tabellenf\u00fchrer an der Spitze ab, der auf Rang drei zur\u00fcckfiel. In einem typischen Regenspiel konnten sich die Gastgeber einen deutlichen Vorsprung erarbeiten, der in der Nachspielzeit urpl\u00f6tzlich k\u00fcrzer wurde.\u00a0<\/h4>\n<figure id=\"attachment_29152\" aria-describedby=\"caption-attachment-29152\" style=\"width: 2048px\" class=\"wp-caption alignnone\"><img loading=\"lazy\" decoding=\"async\" class=\"wp-image-29152 size-full\" src=\"http:\/\/insideamateurfussball-ffm.de\/wp-content\/uploads\/2025\/11\/Po-He.jpg\" alt=\"\" width=\"2048\" height=\"1536\" srcset=\"https:\/\/insideamateurfussball-ffm.de\/wp-content\/uploads\/2025\/11\/Po-He.jpg 2048w, https:\/\/insideamateurfussball-ffm.de\/wp-content\/uploads\/2025\/11\/Po-He-300x225.jpg 300w, https:\/\/insideamateurfussball-ffm.de\/wp-content\/uploads\/2025\/11\/Po-He-1024x768.jpg 1024w, https:\/\/insideamateurfussball-ffm.de\/wp-content\/uploads\/2025\/11\/Po-He-768x576.jpg 768w, https:\/\/insideamateurfussball-ffm.de\/wp-content\/uploads\/2025\/11\/Po-He-1536x1152.jpg 1536w\" sizes=\"auto, (max-width: 2048px) 100vw, 2048px\" \/><figcaption id=\"caption-attachment-29152\" class=\"wp-caption-text\">Dogan Nazim Erbulan (Kapit\u00e4n Heddernheim) und sein Amtskollege Mato Djukic von Posavina (rechts). In der Mitte Schiedsrichter Devran Akca. Foto: PA.<\/figcaption><\/figure>\n<h4>FC Posavina &#8211; SV 07 Heddernheim 3:2 (2:0)<\/h4>\n<p><img loading=\"lazy\" decoding=\"async\" class=\"alignnone size-full wp-image-22\" src=\"http:\/\/insideamateurfussball-ffm.de\/wp-content\/uploads\/2021\/11\/posavina.jpg\" alt=\"\" width=\"63\" height=\"80\" \/><img loading=\"lazy\" decoding=\"async\" class=\"alignnone size-full wp-image-302\" src=\"http:\/\/insideamateurfussball-ffm.de\/wp-content\/uploads\/2022\/05\/1sv07_news2_4511-1.jpg\" alt=\"\" width=\"80\" height=\"80\" \/><\/p>\n<p>Die ohnehin sp\u00e4te Ansto\u00dfzeit von 17.30 Uhr verz\u00f6gerte sich um weitere sieben Minuten, da zuvor in der B-Klasse die SG Riederwald auf Posavina II traf (2:2) und die Linienrichterfahnen von den Protagonisten mitgenommen wurden. Schiedsrichter Devran Akca aus dem Hanauer Kreis lie\u00df die Mannschaften buchst\u00e4blich im Regen stehen, pfiff konsequenterweise erst an, als die Utensilien wieder aufgetaucht waren. Die Gastgeber nahmen dieses typische Regenspiel besser an und spielten hohe B\u00e4lle in Richtung des Tores der G\u00e4ste, das vom 36-j\u00e4hrigen Torh\u00fcterroutinier Marcin Czukiewicz verteidigt wurde. Der ersetzte den angeschlagen auf der Bank sitzenden Marc Tomczyk. Den ersten Torschuss gaben aber die mittlerweile wie gewohnt in grau agierenden G\u00e4ste durch Marco Yatci ab (5.). Auf der Gegenseite probierte es FCP-Kapit\u00e4n Mato Djukic aus der Distanz (14.). Die F\u00fchrung der Hausherren resultierte aus einem Freisto\u00df aus halblinker Position von Anto Arlovic, der auf dem nassen Kunstrasen unter den Armen von Czukiewicz durchflutschte und vom Innenpfosten ins Tor ging (19.). Der gef\u00e4hrliche Arlovic hatte f\u00fcnf Minuten sp\u00e4ter die M\u00f6glichkeit zu erh\u00f6hen. Die 142 Zuschauer sahen trotz teilweise ergiebigen Starkregens eine kampfbetonte Partie, in der Posavina kurz vor der Pause durch Ivan Wessel mit einem angef\u00e4lschten Schuss auf 2:0 erh\u00f6hte (44.).<\/p>\n<p>Ausgangspunkt war ein weiter Abschlag von Torwart Matej Markovic und ein missgl\u00fcckter Abfangversuch eines SVH-Abwehrspielers. Klare Chancen konnten sich die G\u00e4ste im Spielverlauf eigentlich nur eine erspielen, als Christos Papadopoulos schon in der Nachspielzeit des ersten Abschnitts frei vor Markovic auftauchte, aber am Keeper scheiterte. Nach dem Seitenwechsel blieb Heddernheim bem\u00fcht, zumindest mal zum Anschluss zu kommen, es fehlten aber weiter zwingende Aktionen. Diskussionen gab es dann Mitte der zweiten Halbzeit unter Spielern und Zuschauern, der Schiedsrichter unterbrach kurz und die Gem\u00fcter konnten sich in der ansonsten fairen Partie wieder beruhigen. Kurz darauf vergab der eingewechselte Manir Can Karasu das 3:0 f\u00fcr die Platzherren (67.), das dann Wessel nach einem langen Abschlag von Markovic und einer Kopfballverl\u00e4ngerung in seinen Lauf vollendete (73.). Das Spiel schien entschieden, Heddernheim an diesem dunklen Abend nichts mehr zu gelingen. Doch weit in der Nachspielzeit brachte eine Co-Produktion zweier eingewechselter Akteure das scheinbare Ehrentor zum 3:1 (90.\/+5).<\/p>\n<blockquote>\n<h4>Letzter Ball segelte erfolglos in den Posavina-Strafraum<\/h4>\n<\/blockquote>\n<p>\u00d6mer G\u00fcng\u00f6r brachte \u00fcber die rechte Seite frischen Wind hinein, seine Flanke lie\u00df Markovic fallen und Deniz Yatci traf. Kurz darauf holte G\u00fcng\u00f6r noch einen Freisto\u00df heraus. Yatci brachte diesen hinein und nach einer Kopfballvorlage war Cherano Willef\u00fchr mit seinem 15. Saisontor zum 3:2 erfolgreich (90.\/+6). Sollte da noch was gehen? Nein, ein letzter Ball segelte noch in den Posavina-Strafraum, doch dann war die Zeit um und die Hausherren feierten den wichtigen Heimsieg mit ihrem Publikum. Posavina-Trainer Danijel Koturic sagte nach dem Abpfiff: &#8222;Ich denke, das war mehr als verdient. L\u00e4uferisch waren wir sehr stark, haben alle R\u00e4ume zugestellt, gut nach hinten gearbeitet. Offensiv haben wir uns auch in Szene setzen k\u00f6nnen, vielleicht die eine oder andere Chance besser verwerten k\u00f6nnen. Alles in einem ist der Sieg sehr verdient.&#8220; Hat Posavina nun Anspr\u00fcche oder das Ziel um den Aufstieg mitzuspielen? &#8222;Wir spielen mit Vollgas jedes Spiel bis Ende der Saison und am Ende schauen wir, wo wir stehen werden. Meine Ambition ist nat\u00fcrlich der erste Platz, das war auch schon vorher so. Aber man kann nie wissen: Von Spiel zu Spiel alles geben.&#8220; Bei Heddernheim fehlte die zentrale Figur Antonie Willef\u00fchr auf dem Spielfeld, coachte nach seiner Verletzung lautstark vom Seitenrand.<\/p>\n<p>Koturic: &#8222;Man hat es nicht so gemerkt, denn er war ja trotzdem pr\u00e4sent und hat sehr viel mit seinen Mitspielern kommuniziert. Auf dem Spielfeld hat er nat\u00fcrlich gefehlt, denn er ist ein guter Ballverteiler. Das war aber nicht der ausschlaggebende Punkt, weswegen wir gewonnen haben. Mit dem Anie w\u00e4re Heddernheim f\u00fcnf Prozent st\u00e4rker gewesen.&#8220; SVH-Trainer Andreas Berggold sagte: &#8222;Es war ein komisches Spiel und ich denke nicht, dass die bessere Mannschaft gewonnen hat, sondern jene, die den Fu\u00dfballgott an ihrer Seite hatte. Bei den ersten beiden Toren hat dieser n\u00e4mlich sch\u00f6n mitgeholfen. Posavina hat erwartungsgem\u00e4\u00df mit vielen langen B\u00e4llen gespielt auf die wir uns gut eingestellt haben. Am Ende gehen wir trotz spielerischem \u00dcbergewicht als Verlierer vom Platz. Schade, weil hier war mehr drin.&#8220; Am Sonntag muss Posavina die Tabellenf\u00fchrung im unangenehmen Ausw\u00e4rtsspiel bei der SG Harheim verteidigen (14.30 Uhr). Heddernheim will dann mit einem Heimsieg \u00fcber Neuling und Schlusslicht GSU Hellas wieder heranr\u00fccken (15 Uhr). &#8222;Wir wollen mit Demut an die Sache rangehen, Punkte sammeln und oben dran bleiben. Wenn wir schon mal da oben sind, wollen wir uns auch festbei\u00dfen. Gegen Hellas haben wir den Anspruch, seri\u00f6s aufzutreten, da kommt es auf die Einstellung an&#8220;, blickte Berggold voraus.\u00a0 \u00a0<\/p>\n\n\n<figure class=\"wp-block-pullquote\"><blockquote><p>&#8222;Alles in einem ist der Sieg sehr verdient&#8220;<\/p><cite>DAnijel Koturic &#8211; Trainer FC Posavina<\/cite><\/blockquote><\/figure>\n\n\n<h4>Schiedsrichter: Devran Akca (SKG Erbstadt). Zuschauer: 142.<\/h4>\n<h4>Tore: 1:0 Anto Arlovic (19.), 2:0, 3:0 Ivan Wessel (44.\/73.), 3:1 Deniz Yatci (90.\/+5), 3:2 Cherano Willef\u00fchr (90.\/+6).<\/h4>","protected":false},"excerpt":{"rendered":"<p>Der FC Posavina gewann das Topspiel am Sonntagabend gegen den SV 07 Heddernheim mit 3:2 (2:0) und l\u00f6ste den bisherigen Tabellenf\u00fchrer an der Spitze ab, der auf Rang drei zur\u00fcckfiel. In einem typischen Regenspiel konnten sich die Gastgeber einen deutlichen Vorsprung erarbeiten, der in der Nachspielzeit urpl\u00f6tzlich k\u00fcrzer wurde.\u00a0 FC Posavina &#8211; SV 07 Heddernheim [&hellip;]<\/p>\n","protected":false},"author":1,"featured_media":29152,"comment_status":"open","ping_status":"open","sticky":true,"template":"","format":"standard","meta":{"footnotes":""},"categories":[2],"tags":[],"class_list":["post-29151","post","type-post","status-publish","format-standard","has-post-thumbnail","hentry","category-kreisoberliga-frankfurt"],"_links":{"self":[{"href":"https:\/\/insideamateurfussball-ffm.de\/index.php?rest_route=\/wp\/v2\/posts\/29151","targetHints":{"allow":["GET"]}}],"collection":[{"href":"https:\/\/insideamateurfussball-ffm.de\/index.php?rest_route=\/wp\/v2\/posts"}],"about":[{"href":"https:\/\/insideamateurfussball-ffm.de\/index.php?rest_route=\/wp\/v2\/types\/post"}],"author":[{"embeddable":true,"href":"https:\/\/insideamateurfussball-ffm.de\/index.php?rest_route=\/wp\/v2\/users\/1"}],"replies":[{"embeddable":true,"href":"https:\/\/insideamateurfussball-ffm.de\/index.php?rest_route=%2Fwp%2Fv2%2Fcomments&post=29151"}],"version-history":[{"count":1,"href":"https:\/\/insideamateurfussball-ffm.de\/index.php?rest_route=\/wp\/v2\/posts\/29151\/revisions"}],"predecessor-version":[{"id":29153,"href":"https:\/\/insideamateurfussball-ffm.de\/index.php?rest_route=\/wp\/v2\/posts\/29151\/revisions\/29153"}],"wp:featuredmedia":[{"embeddable":true,"href":"https:\/\/insideamateurfussball-ffm.de\/index.php?rest_route=\/wp\/v2\/media\/29152"}],"wp:attachment":[{"href":"https:\/\/insideamateurfussball-ffm.de\/index.php?rest_route=%2Fwp%2Fv2%2Fmedia&parent=29151"}],"wp:term":[{"taxonomy":"category","embeddable":true,"href":"https:\/\/insideamateurfussball-ffm.de\/index.php?rest_route=%2Fwp%2Fv2%2Fcategories&post=29151"},{"taxonomy":"post_tag","embeddable":true,"href":"https:\/\/insideamateurfussball-ffm.de\/index.php?rest_route=%2Fwp%2Fv2%2Ftags&post=29151"}],"curies":[{"name":"wp","href":"https:\/\/api.w.org\/{rel}","templated":true}]}}