{"id":2914,"date":"2022-10-02T22:01:21","date_gmt":"2022-10-02T20:01:21","guid":{"rendered":"http:\/\/insideamateurfussball-ffm.de\/?p=2914"},"modified":"2025-01-09T15:48:22","modified_gmt":"2025-01-09T14:48:22","slug":"dortelweil-gewinnt-in-wald-michelbach","status":"publish","type":"post","link":"https:\/\/insideamateurfussball-ffm.de\/?p=2914","title":{"rendered":"Dortelweil 1:0 in Wald-Michelbach"},"content":{"rendered":"<h5><span style=\"font-size: 16px;\">Der SC Dortelweil kehrte mit einem 1:0-Sieg von der langen Ausw\u00e4rtsreise zu Eintracht Wald-Michelbach zur\u00fcck. Der Aufsteiger in die Verbandsliga S\u00fcd verbesserte sich damit auf den dritten Tabellenrang und konnte die Odenw\u00e4lder in der Tabelle \u00fcberholen.\u00a0<\/span><\/h5>\n<figure id=\"attachment_2915\" aria-describedby=\"caption-attachment-2915\" style=\"width: 312px\" class=\"wp-caption alignnone\"><img loading=\"lazy\" decoding=\"async\" class=\"wp-image-2915\" src=\"http:\/\/insideamateurfussball-ffm.de\/wp-content\/uploads\/2022\/10\/dort-13-300x211.jpg\" alt=\"\" width=\"312\" height=\"219\" \/><figcaption id=\"caption-attachment-2915\" class=\"wp-caption-text\"><strong>Dortelweils Trainer Frank Ziegler. Foto: Mithat G\u00fcrser. <\/strong><\/figcaption><\/figure>\n<h5><span style=\"font-size: 16px;\">Eintracht Wald-Michelbach &#8211; SC Dortelweil 0:1 (0:0)<\/span><\/h5>\n<p><img loading=\"lazy\" decoding=\"async\" class=\"alignnone size-full wp-image-140\" src=\"http:\/\/insideamateurfussball-ffm.de\/wp-content\/uploads\/2022\/05\/ETW.jpg\" alt=\"\" width=\"79\" height=\"80\" \/><img loading=\"lazy\" decoding=\"async\" class=\"alignnone size-full wp-image-598\" src=\"http:\/\/insideamateurfussball-ffm.de\/wp-content\/uploads\/2022\/06\/Dortelweil.jpg\" alt=\"\" width=\"80\" height=\"80\" \/><\/p>\n<p><span style=\"font-size: 16px; color: #999999;\">Erstmals seit zehn Jahren war Dortelweil im Rudi-W\u00fcnzer-Stadion zu Gast und war mit drei Kleinbussen an den s\u00fcdlichen Rand des Bundeslandes gefahren. &#8222;Logistisch haben wir die Reise gut hinbekommen. Die R\u00fcckfahrt war nach dem Sieg um so angenehmer&#8220;, sagte Dortelweils Co-Trainer Stephan Geppert. Allerdings r\u00e4umte er ein, dass der Sieg &#8222;mit ganz viel Gl\u00fcck&#8220; zustande gekommen sei. Die Gastgeber trafen im ersten Abschnitt auf ihrem Kunstrasenplatz zweimal Aluminium und verschossen einen Elfmeter, den SCD-Torh\u00fcter Yannick R\u00fchl parierte (42.). Im zweiten Durchgang bekamen die Bad Vilbeler Vorst\u00e4dter einen Strafsto\u00df zugesprochen, den Marvin Strenger zum Siegtreffer nutzte (65.). In dessen Zuge war eine Minute zuvor Kapit\u00e4n Jens Bundschuh von den Odenw\u00e4ldern mit Gelb-Rot bedacht worden. &#8222;Im zweiten Abschnitt haben wir uns gut frei geschwommen. Der Sieg war ein Ausrufezeichen, wir m\u00fcssen aber st\u00e4ndig dran bleiben&#8220;, bewertete Geppert die gute Ausgangslage beim Aufsteiger.\u00a0<\/span><\/p>\n<h5><span style=\"font-size: 16px;\">Schiedsrichter: Steffen Krah (Schl\u00fcchtern). Zuschauer: 80. <\/span><\/h5>\n<h5><span style=\"font-size: 16px;\">Tor: 0:1 Marvin Strenger (65.\/Foulelfmeter).<\/span><\/h5>\n","protected":false},"excerpt":{"rendered":"<p>Der SC Dortelweil kehrte mit einem 1:0-Sieg von der langen Ausw\u00e4rtsreise zu Eintracht Wald-Michelbach zur\u00fcck. Der Aufsteiger in die Verbandsliga S\u00fcd verbesserte sich damit auf den dritten Tabellenrang und konnte die Odenw\u00e4lder in der Tabelle \u00fcberholen.\u00a0 Eintracht Wald-Michelbach &#8211; SC Dortelweil 0:1 (0:0) Erstmals seit zehn Jahren war Dortelweil im Rudi-W\u00fcnzer-Stadion zu Gast und war [&hellip;]<\/p>\n","protected":false},"author":1,"featured_media":0,"comment_status":"open","ping_status":"open","sticky":false,"template":"","format":"standard","meta":{"footnotes":""},"categories":[10],"tags":[],"class_list":["post-2914","post","type-post","status-publish","format-standard","hentry","category-verbandsliga-sued"],"_links":{"self":[{"href":"https:\/\/insideamateurfussball-ffm.de\/index.php?rest_route=\/wp\/v2\/posts\/2914","targetHints":{"allow":["GET"]}}],"collection":[{"href":"https:\/\/insideamateurfussball-ffm.de\/index.php?rest_route=\/wp\/v2\/posts"}],"about":[{"href":"https:\/\/insideamateurfussball-ffm.de\/index.php?rest_route=\/wp\/v2\/types\/post"}],"author":[{"embeddable":true,"href":"https:\/\/insideamateurfussball-ffm.de\/index.php?rest_route=\/wp\/v2\/users\/1"}],"replies":[{"embeddable":true,"href":"https:\/\/insideamateurfussball-ffm.de\/index.php?rest_route=%2Fwp%2Fv2%2Fcomments&post=2914"}],"version-history":[{"count":2,"href":"https:\/\/insideamateurfussball-ffm.de\/index.php?rest_route=\/wp\/v2\/posts\/2914\/revisions"}],"predecessor-version":[{"id":2917,"href":"https:\/\/insideamateurfussball-ffm.de\/index.php?rest_route=\/wp\/v2\/posts\/2914\/revisions\/2917"}],"wp:attachment":[{"href":"https:\/\/insideamateurfussball-ffm.de\/index.php?rest_route=%2Fwp%2Fv2%2Fmedia&parent=2914"}],"wp:term":[{"taxonomy":"category","embeddable":true,"href":"https:\/\/insideamateurfussball-ffm.de\/index.php?rest_route=%2Fwp%2Fv2%2Fcategories&post=2914"},{"taxonomy":"post_tag","embeddable":true,"href":"https:\/\/insideamateurfussball-ffm.de\/index.php?rest_route=%2Fwp%2Fv2%2Ftags&post=2914"}],"curies":[{"name":"wp","href":"https:\/\/api.w.org\/{rel}","templated":true}]}}