{"id":2911,"date":"2022-10-02T04:03:48","date_gmt":"2022-10-02T02:03:48","guid":{"rendered":"http:\/\/insideamateurfussball-ffm.de\/?p=2911"},"modified":"2025-01-09T15:48:27","modified_gmt":"2025-01-09T14:48:27","slug":"aufsteiger-fc-kalbach-nicht-zu-stoppen","status":"publish","type":"post","link":"https:\/\/insideamateurfussball-ffm.de\/?p=2911","title":{"rendered":"Aufsteiger FC Kalbach nicht zu stoppen"},"content":{"rendered":"<h5><span style=\"font-size: 16px;\">Aufsteiger FC Kalbach ist in der Gruppenliga Frankfurt West weiter nicht zu stoppen. Auch gegen den formstarken Aufsteiger FC Karben gewann das Team von Trainer Aaz-Dine Zarioh mit 4:2 (1:0) und belegt nun punktgleich mit Tabellenf\u00fchrer FC Neu-Anspach und dem Dritten T\u00fcrkischer SV Bad Nauheim den zweiten Platz, der ja zur Teilnahme an der neugeschaffenen Relegation zur Verbandsliga S\u00fcd berechtigt.\u00a0<\/span><\/h5>\n<figure id=\"attachment_2912\" aria-describedby=\"caption-attachment-2912\" style=\"width: 313px\" class=\"wp-caption alignnone\"><img loading=\"lazy\" decoding=\"async\" class=\"wp-image-2912\" src=\"http:\/\/insideamateurfussball-ffm.de\/wp-content\/uploads\/2022\/10\/kal5-2-300x199.jpg\" alt=\"\" width=\"313\" height=\"207\" \/><figcaption id=\"caption-attachment-2912\" class=\"wp-caption-text\"><strong>Kalbachs Goalgetter Achraf Gara Ali (links) steht jetzt bei 19 Toren. Foto: Mithat G\u00fcrser.<\/strong><\/figcaption><\/figure>\n<h5><span style=\"font-size: 16px;\">FC Kalbach &#8211; FC Karben 4:2 (1:0)<\/span><\/h5>\n<p><img loading=\"lazy\" decoding=\"async\" class=\"alignnone size-full wp-image-16\" src=\"http:\/\/insideamateurfussball-ffm.de\/wp-content\/uploads\/2021\/11\/kalbach-wappen.jpg\" alt=\"\" width=\"80\" height=\"80\" \/><img loading=\"lazy\" decoding=\"async\" class=\"alignnone size-full wp-image-2525\" src=\"http:\/\/insideamateurfussball-ffm.de\/wp-content\/uploads\/2022\/09\/karben.jpg\" alt=\"\" width=\"65\" height=\"80\" \/><\/p>\n<p><span style=\"font-size: 16px;\"><span style=\"color: #999999;\">Aufsteiger FC Kalbach sorgt in der Gruppenliga weiter f\u00fcr Begeisterung und das nicht nur beim wortgewandten Sportlichen Leiter Manfred Meyer. Gegen die G\u00e4ste aus der Wetterau kamen 140 Zuschauer und das bei nicht unbedingt einladenden Abendtemperaturen. <\/span><\/span><\/p>\n<p><span style=\"font-size: 16px;\"><span style=\"color: #999999;\">Sie sahen ein gutes Spiel beider Teams, auch Karben habe laut Meyer &#8222;gut mitgespielt, sie waren aber nicht zielstrebig genug.&#8220; Ein Kopfball an die Latte des Kalbacher Tores sorgte f\u00fcr eine Schrecksekunde bei den Gastgebern, die kurz vor der Pause per Flachschuss von St\u00fcrmer Ivan Delic in F\u00fchrung gingen (43.).<\/span><\/span><\/p>\n<h5><span style=\"font-size: 16px;\">Montag (15.30 Uhr) Heimspiel gegen Seckbach<\/span><\/h5>\n<p><span style=\"font-size: 16px;\"><span style=\"color: #999999;\">Mit einem an ihm verursachten Foulelfmeter markierte Goalgetter Achraf Gara Ali das 2:0 (59.). Oliver Pauls erh\u00f6hte mit einem Schuss in den Winkel auf 3:0 (62.). Dann kamen die agilen G\u00e4ste auf und verk\u00fcrzten mit Florian Kurtz (75.). Postwendend stellte der von TuS Makkabi gekommene Sturmpartner Aleksej Radulaski auf 4:1 (76.), ehe Tom Meyer (78.) den Endstand herbei f\u00fchrte. <\/span><\/span><\/p>\n<p><span style=\"font-size: 16px;\"><span style=\"color: #999999;\">Bereits am Montag geht es f\u00fcr Kalbach mit dem Stadtduell gegen die FG Seckbach weiter (15.30 Uhr). &#8222;Wir sind froh in der Gruppenliga zu sein und spielen frisch, fromm und fr\u00f6hlich weiter&#8220;, sagte Meyer. Doch Kalbach ist nicht nur einfach dabei, sondern entwickelt sich nach dem Aufstieg aus der Kreisoberliga auch eine Klasse h\u00f6her zum Spitzenteam.\u00a0 \u00a0<\/span> <\/span><\/p>\n<h5><span style=\"font-size: 16px;\">Schiedsrichter: Julien Scherthan (Bischofsheim). Zuschauer: 140. <\/span><\/h5>\n<h5><span style=\"font-size: 16px;\">Tore: 1:0 Ivan Delic (43.), 2:0 Achraf Gara Ali (59.\/Foulelfmeter), 3:0 Oliver Pauls (62.), 3:1 Florian Kurtz (75.), 4:1 Aleksej Radulaski (76.), 4:2 Tom Meyer (78.).<\/span><\/h5>\n","protected":false},"excerpt":{"rendered":"<p>Aufsteiger FC Kalbach ist in der Gruppenliga Frankfurt West weiter nicht zu stoppen. Auch gegen den formstarken Aufsteiger FC Karben gewann das Team von Trainer Aaz-Dine Zarioh mit 4:2 (1:0) und belegt nun punktgleich mit Tabellenf\u00fchrer FC Neu-Anspach und dem Dritten T\u00fcrkischer SV Bad Nauheim den zweiten Platz, der ja zur Teilnahme an der neugeschaffenen [&hellip;]<\/p>\n","protected":false},"author":1,"featured_media":0,"comment_status":"open","ping_status":"open","sticky":false,"template":"","format":"standard","meta":{"footnotes":""},"categories":[13],"tags":[],"class_list":["post-2911","post","type-post","status-publish","format-standard","hentry","category-gruppenliga-frankfurt-west"],"_links":{"self":[{"href":"https:\/\/insideamateurfussball-ffm.de\/index.php?rest_route=\/wp\/v2\/posts\/2911","targetHints":{"allow":["GET"]}}],"collection":[{"href":"https:\/\/insideamateurfussball-ffm.de\/index.php?rest_route=\/wp\/v2\/posts"}],"about":[{"href":"https:\/\/insideamateurfussball-ffm.de\/index.php?rest_route=\/wp\/v2\/types\/post"}],"author":[{"embeddable":true,"href":"https:\/\/insideamateurfussball-ffm.de\/index.php?rest_route=\/wp\/v2\/users\/1"}],"replies":[{"embeddable":true,"href":"https:\/\/insideamateurfussball-ffm.de\/index.php?rest_route=%2Fwp%2Fv2%2Fcomments&post=2911"}],"version-history":[{"count":1,"href":"https:\/\/insideamateurfussball-ffm.de\/index.php?rest_route=\/wp\/v2\/posts\/2911\/revisions"}],"predecessor-version":[{"id":2913,"href":"https:\/\/insideamateurfussball-ffm.de\/index.php?rest_route=\/wp\/v2\/posts\/2911\/revisions\/2913"}],"wp:attachment":[{"href":"https:\/\/insideamateurfussball-ffm.de\/index.php?rest_route=%2Fwp%2Fv2%2Fmedia&parent=2911"}],"wp:term":[{"taxonomy":"category","embeddable":true,"href":"https:\/\/insideamateurfussball-ffm.de\/index.php?rest_route=%2Fwp%2Fv2%2Fcategories&post=2911"},{"taxonomy":"post_tag","embeddable":true,"href":"https:\/\/insideamateurfussball-ffm.de\/index.php?rest_route=%2Fwp%2Fv2%2Ftags&post=2911"}],"curies":[{"name":"wp","href":"https:\/\/api.w.org\/{rel}","templated":true}]}}