{"id":29104,"date":"2025-11-04T20:49:46","date_gmt":"2025-11-04T19:49:46","guid":{"rendered":"https:\/\/insideamateurfussball-ffm.de\/?p=29104"},"modified":"2025-11-04T21:37:04","modified_gmt":"2025-11-04T20:37:04","slug":"vier-jennaoui-tore-katapultieren-bsc-auf-rang-zwei","status":"publish","type":"post","link":"https:\/\/insideamateurfussball-ffm.de\/?p=29104","title":{"rendered":"Vier Jennaoui-Tore katapultieren BSC auf Rang zwei"},"content":{"rendered":"\n<h5><span style=\"font-size: 16px;\">Der BSC Schwarz-Wei\u00df 19 bleibt die Mannschaft der Stunde und seit \u00fcber zwei Monaten ungeschlagen. Durch den 4:1-Heimsieg \u00fcber Aufsteiger SG Westend katapultierte sich der Ballsport-Club auf Rang zwei der Tabelle, der zur Teilnahme an der Relegationsrunde zur Gruppenliga Frankfurt West berechtigt. F\u00fcr die zuletzt viermal in Folge siegreichen G\u00e4ste war die Niederlage am Rosegger ein herber  R\u00fcckschlag.\u00a0<\/span><\/h5>\n<figure id=\"attachment_29105\" aria-describedby=\"caption-attachment-29105\" style=\"width: 150px\" class=\"wp-caption alignleft\"><img loading=\"lazy\" decoding=\"async\" class=\"wp-image-29105 size-thumbnail\" src=\"http:\/\/insideamateurfussball-ffm.de\/wp-content\/uploads\/2025\/11\/bsc-weste5-150x150.jpg\" alt=\"\" width=\"150\" height=\"150\" \/><figcaption id=\"caption-attachment-29105\" class=\"wp-caption-text\">Drei Westend-Spieler umzingeln den zu Boden gefallenen BSC-Akteur Pap Momar Moustapha Diouf. Foto: Mithat G\u00fcrser.\u00a0\u00a0<\/figcaption><\/figure>\n<h5><span style=\"font-size: 16px;\">BSC Schwarz-Wei\u00df 19 &#8211; SG Westend 4:1 (1:0)<\/span><\/h5>\n<p><img loading=\"lazy\" decoding=\"async\" class=\"alignnone size-full wp-image-285\" src=\"http:\/\/insideamateurfussball-ffm.de\/wp-content\/uploads\/2022\/05\/BSC-19.jpg\" alt=\"\" width=\"80\" height=\"61\" \/><img loading=\"lazy\" decoding=\"async\" class=\"alignnone size-full wp-image-611\" src=\"http:\/\/insideamateurfussball-ffm.de\/wp-content\/uploads\/2022\/06\/Westend.png\" alt=\"\" width=\"69\" height=\"80\" \/><\/p>\n<p><span style=\"font-size: 16px;\">So langsam wird es unheimlich, denn die letzte Niederlage der BSC-Kicker datiert vom 31. August (1:3 gegen Tabellenf\u00fchrer Posavina). Seitdem blieb man in neun Pflichtspielen ohne Niederlage, holte f\u00fcnf Siege und damit 15 Punkte in Folge. Es war ein Spiel auf Augenh\u00f6he gegen einen ebenb\u00fcrtigen Gegner. <\/span><\/p>\n<p><span style=\"font-size: 16px;\">Nach einer intensiven ersten Halbzeit mit viel Tempo und Zweik\u00e4mpfen nahmen die Gastgeber das 1:0 durch Elias Jennaoui (24.) in die Halbzeit. Nach dem Seitenwechsel egalisierte Westends Routinier Mirsen Mehmedovic mit einem Freisto\u00df aus 25 Metern (65.).<\/span><\/p>\n<ul>\n<li><strong><span style=\"font-size: 16px;\">&#8222;Das war ein sehr temporeiches und niveauvolles KOL-Spiel mit sehr viel Qualit\u00e4t auf beiden Seiten.&#8220; (BSC-Trainer Eleyas Kahsay).<\/span><\/strong><\/li>\n<\/ul>\n<p><span style=\"font-size: 16px;\">Den Freisto\u00df hatte der BSC durch einen Ballverlust in der Vorw\u00e4rtsbewegung verursacht. Doch Jennaoui war in Torlaune und fabrizierte noch einen lupenreinen Hattrick (66.\/79.\/85.). Damit steht der St\u00fcrmer nun bei 12 Toren in elf Eins\u00e4tzen. Diese Treffer wurden durch Kombinationsspiel mit sch\u00f6nen Spielz\u00fcgen erzielt. Kahsays Fazit: &#8222;Das war ein sehr temporeiches und niveauvolles KOL-Spiel mit sehr viel Qualit\u00e4t auf beiden Seiten. Wir wollten mehr ab der ersten Sekunde, waren bissiger und spielfreudiger und deshalb geht der Sieg in der H\u00f6he auch verdient an uns.&#8220;<\/span><\/p>\n<p><span style=\"font-size: 16px;\"> Sein Team gastiert am Mittwoch im Kreispokal-Achtelfinale beim FC Corumspor aus der Kreisliga B (20 Uhr). In der Liga geht es am Sonntag zum R\u00f6delheimer FC (14.30 Uhr). Zeitgleich erwartet Westend den FC Croatia.\u00a0\u00a0<\/span><\/p>\n<ul>\n<li><strong><span style=\"font-size: 16px;\">Schiedsrichter: Irfan Drescher (Opel R\u00fcsselsheim). <\/span><\/strong><\/li>\n<li><strong><span style=\"font-size: 16px;\">Zuschauer: 65. <\/span><\/strong><\/li>\n<li><strong><span style=\"font-size: 16px;\">Tore: 1:0 Elias Jennaoui (24.), 1:1 Mirsen Mehmedovic (65.), 2:1, 3:1, 4:1 Elias Jennaoui (66.\/79.\/85.).<\/span><\/strong><\/li>\n<li><strong><span style=\"font-size: 16px;\">Bildergalerie: Mithat G\u00fcrser war auch am Rosegger auf Station Nummer drei zugegen.\u00a0\u00a0<\/span><\/strong><\/li>\n<\/ul>\n\n\n\n<figure class=\"wp-block-image size-full\"><img loading=\"lazy\" decoding=\"async\" width=\"925\" height=\"648\" src=\"http:\/\/insideamateurfussball-ffm.de\/wp-content\/uploads\/2025\/11\/bsc-weste5.jpg\" alt=\"\" class=\"wp-image-29105\" srcset=\"https:\/\/insideamateurfussball-ffm.de\/wp-content\/uploads\/2025\/11\/bsc-weste5.jpg 925w, https:\/\/insideamateurfussball-ffm.de\/wp-content\/uploads\/2025\/11\/bsc-weste5-300x210.jpg 300w, https:\/\/insideamateurfussball-ffm.de\/wp-content\/uploads\/2025\/11\/bsc-weste5-768x538.jpg 768w\" sizes=\"auto, (max-width: 925px) 100vw, 925px\" \/><\/figure>\n\n\n\n<figure class=\"wp-block-image size-full\"><img loading=\"lazy\" decoding=\"async\" width=\"886\" height=\"628\" src=\"https:\/\/insideamateurfussball-ffm.de\/wp-content\/uploads\/2025\/11\/bsc-weste10.jpg\" alt=\"\" class=\"wp-image-29106\" srcset=\"https:\/\/insideamateurfussball-ffm.de\/wp-content\/uploads\/2025\/11\/bsc-weste10.jpg 886w, https:\/\/insideamateurfussball-ffm.de\/wp-content\/uploads\/2025\/11\/bsc-weste10-300x213.jpg 300w, https:\/\/insideamateurfussball-ffm.de\/wp-content\/uploads\/2025\/11\/bsc-weste10-768x544.jpg 768w\" sizes=\"auto, (max-width: 886px) 100vw, 886px\" \/><\/figure>\n\n\n\n<figure class=\"wp-block-image size-full\"><img loading=\"lazy\" decoding=\"async\" width=\"886\" height=\"600\" src=\"https:\/\/insideamateurfussball-ffm.de\/wp-content\/uploads\/2025\/11\/bsc-weste2.jpg\" alt=\"\" class=\"wp-image-29107\" srcset=\"https:\/\/insideamateurfussball-ffm.de\/wp-content\/uploads\/2025\/11\/bsc-weste2.jpg 886w, https:\/\/insideamateurfussball-ffm.de\/wp-content\/uploads\/2025\/11\/bsc-weste2-300x203.jpg 300w, https:\/\/insideamateurfussball-ffm.de\/wp-content\/uploads\/2025\/11\/bsc-weste2-768x520.jpg 768w\" sizes=\"auto, (max-width: 886px) 100vw, 886px\" \/><\/figure>\n\n\n\n<figure class=\"wp-block-image size-full\"><img loading=\"lazy\" decoding=\"async\" width=\"886\" height=\"618\" src=\"https:\/\/insideamateurfussball-ffm.de\/wp-content\/uploads\/2025\/11\/bsc-weste7.jpg\" alt=\"\" class=\"wp-image-29108\" srcset=\"https:\/\/insideamateurfussball-ffm.de\/wp-content\/uploads\/2025\/11\/bsc-weste7.jpg 886w, https:\/\/insideamateurfussball-ffm.de\/wp-content\/uploads\/2025\/11\/bsc-weste7-300x209.jpg 300w, https:\/\/insideamateurfussball-ffm.de\/wp-content\/uploads\/2025\/11\/bsc-weste7-768x536.jpg 768w\" sizes=\"auto, (max-width: 886px) 100vw, 886px\" \/><\/figure>\n\n\n\n<figure class=\"wp-block-image size-full\"><img loading=\"lazy\" decoding=\"async\" width=\"923\" height=\"691\" src=\"https:\/\/insideamateurfussball-ffm.de\/wp-content\/uploads\/2025\/11\/bsc-weste12.jpg\" alt=\"\" class=\"wp-image-29109\" srcset=\"https:\/\/insideamateurfussball-ffm.de\/wp-content\/uploads\/2025\/11\/bsc-weste12.jpg 923w, https:\/\/insideamateurfussball-ffm.de\/wp-content\/uploads\/2025\/11\/bsc-weste12-300x225.jpg 300w, https:\/\/insideamateurfussball-ffm.de\/wp-content\/uploads\/2025\/11\/bsc-weste12-768x575.jpg 768w\" sizes=\"auto, (max-width: 923px) 100vw, 923px\" \/><\/figure>\n\n\n\n<figure class=\"wp-block-image size-full\"><img loading=\"lazy\" decoding=\"async\" width=\"886\" height=\"648\" src=\"https:\/\/insideamateurfussball-ffm.de\/wp-content\/uploads\/2025\/11\/bsc-weste4.jpg\" alt=\"\" class=\"wp-image-29110\" srcset=\"https:\/\/insideamateurfussball-ffm.de\/wp-content\/uploads\/2025\/11\/bsc-weste4.jpg 886w, https:\/\/insideamateurfussball-ffm.de\/wp-content\/uploads\/2025\/11\/bsc-weste4-300x219.jpg 300w, https:\/\/insideamateurfussball-ffm.de\/wp-content\/uploads\/2025\/11\/bsc-weste4-768x562.jpg 768w\" sizes=\"auto, (max-width: 886px) 100vw, 886px\" \/><\/figure>\n\n\n\n<figure class=\"wp-block-image size-full\"><img loading=\"lazy\" decoding=\"async\" width=\"886\" height=\"664\" src=\"https:\/\/insideamateurfussball-ffm.de\/wp-content\/uploads\/2025\/11\/bsc-weste9.jpg\" alt=\"\" class=\"wp-image-29111\" srcset=\"https:\/\/insideamateurfussball-ffm.de\/wp-content\/uploads\/2025\/11\/bsc-weste9.jpg 886w, https:\/\/insideamateurfussball-ffm.de\/wp-content\/uploads\/2025\/11\/bsc-weste9-300x225.jpg 300w, https:\/\/insideamateurfussball-ffm.de\/wp-content\/uploads\/2025\/11\/bsc-weste9-768x576.jpg 768w\" sizes=\"auto, (max-width: 886px) 100vw, 886px\" \/><\/figure>\n\n\n\n<figure class=\"wp-block-image size-full\"><img loading=\"lazy\" decoding=\"async\" width=\"886\" height=\"590\" src=\"https:\/\/insideamateurfussball-ffm.de\/wp-content\/uploads\/2025\/11\/bcs-weste1.jpg\" alt=\"\" class=\"wp-image-29112\" srcset=\"https:\/\/insideamateurfussball-ffm.de\/wp-content\/uploads\/2025\/11\/bcs-weste1.jpg 886w, https:\/\/insideamateurfussball-ffm.de\/wp-content\/uploads\/2025\/11\/bcs-weste1-300x200.jpg 300w, https:\/\/insideamateurfussball-ffm.de\/wp-content\/uploads\/2025\/11\/bcs-weste1-768x511.jpg 768w\" sizes=\"auto, (max-width: 886px) 100vw, 886px\" \/><\/figure>\n\n\n\n<figure class=\"wp-block-image size-full\"><img loading=\"lazy\" decoding=\"async\" width=\"886\" height=\"625\" src=\"https:\/\/insideamateurfussball-ffm.de\/wp-content\/uploads\/2025\/11\/bsc-weste6.jpg\" alt=\"\" class=\"wp-image-29113\" srcset=\"https:\/\/insideamateurfussball-ffm.de\/wp-content\/uploads\/2025\/11\/bsc-weste6.jpg 886w, https:\/\/insideamateurfussball-ffm.de\/wp-content\/uploads\/2025\/11\/bsc-weste6-300x212.jpg 300w, https:\/\/insideamateurfussball-ffm.de\/wp-content\/uploads\/2025\/11\/bsc-weste6-768x542.jpg 768w\" sizes=\"auto, (max-width: 886px) 100vw, 886px\" \/><\/figure>\n\n\n\n<figure class=\"wp-block-gallery has-nested-images columns-default is-cropped wp-block-gallery-1 is-layout-flex wp-block-gallery-is-layout-flex\">\n<figure class=\"wp-block-image size-large\"><img loading=\"lazy\" decoding=\"async\" width=\"886\" height=\"665\" data-id=\"29114\" src=\"https:\/\/insideamateurfussball-ffm.de\/wp-content\/uploads\/2025\/11\/bsc-weste11.jpg\" alt=\"\" class=\"wp-image-29114\" srcset=\"https:\/\/insideamateurfussball-ffm.de\/wp-content\/uploads\/2025\/11\/bsc-weste11.jpg 886w, https:\/\/insideamateurfussball-ffm.de\/wp-content\/uploads\/2025\/11\/bsc-weste11-300x225.jpg 300w, https:\/\/insideamateurfussball-ffm.de\/wp-content\/uploads\/2025\/11\/bsc-weste11-768x576.jpg 768w\" sizes=\"auto, (max-width: 886px) 100vw, 886px\" \/><\/figure>\n<\/figure>\n\n\n\n<figure class=\"wp-block-image size-full\"><img loading=\"lazy\" decoding=\"async\" width=\"886\" height=\"633\" src=\"https:\/\/insideamateurfussball-ffm.de\/wp-content\/uploads\/2025\/11\/bsc-weste3.jpg\" alt=\"\" class=\"wp-image-29115\" srcset=\"https:\/\/insideamateurfussball-ffm.de\/wp-content\/uploads\/2025\/11\/bsc-weste3.jpg 886w, https:\/\/insideamateurfussball-ffm.de\/wp-content\/uploads\/2025\/11\/bsc-weste3-300x214.jpg 300w, https:\/\/insideamateurfussball-ffm.de\/wp-content\/uploads\/2025\/11\/bsc-weste3-768x549.jpg 768w\" sizes=\"auto, (max-width: 886px) 100vw, 886px\" \/><\/figure>\n\n\n\n<figure class=\"wp-block-image size-full\"><img loading=\"lazy\" decoding=\"async\" width=\"886\" height=\"617\" src=\"https:\/\/insideamateurfussball-ffm.de\/wp-content\/uploads\/2025\/11\/bsc-weste8.jpg\" alt=\"\" class=\"wp-image-29116\" srcset=\"https:\/\/insideamateurfussball-ffm.de\/wp-content\/uploads\/2025\/11\/bsc-weste8.jpg 886w, https:\/\/insideamateurfussball-ffm.de\/wp-content\/uploads\/2025\/11\/bsc-weste8-300x209.jpg 300w, https:\/\/insideamateurfussball-ffm.de\/wp-content\/uploads\/2025\/11\/bsc-weste8-768x535.jpg 768w\" sizes=\"auto, (max-width: 886px) 100vw, 886px\" \/><\/figure>\n\n\n\n<figure class=\"wp-block-image size-full\"><img loading=\"lazy\" decoding=\"async\" width=\"886\" height=\"592\" src=\"https:\/\/insideamateurfussball-ffm.de\/wp-content\/uploads\/2025\/11\/bsc-weste13.jpg\" alt=\"\" class=\"wp-image-29117\" srcset=\"https:\/\/insideamateurfussball-ffm.de\/wp-content\/uploads\/2025\/11\/bsc-weste13.jpg 886w, https:\/\/insideamateurfussball-ffm.de\/wp-content\/uploads\/2025\/11\/bsc-weste13-300x200.jpg 300w, https:\/\/insideamateurfussball-ffm.de\/wp-content\/uploads\/2025\/11\/bsc-weste13-768x513.jpg 768w\" sizes=\"auto, (max-width: 886px) 100vw, 886px\" \/><\/figure>\n","protected":false},"excerpt":{"rendered":"<p>Der BSC Schwarz-Wei\u00df 19 bleibt die Mannschaft der Stunde und seit \u00fcber zwei Monaten ungeschlagen. Durch den 4:1-Heimsieg \u00fcber Aufsteiger SG Westend katapultierte sich der Ballsport-Club auf Rang zwei der Tabelle, der zur Teilnahme an der Relegationsrunde zur Gruppenliga Frankfurt West berechtigt. F\u00fcr die zuletzt viermal in Folge siegreichen G\u00e4ste war die Niederlage am Rosegger [&hellip;]<\/p>\n","protected":false},"author":1,"featured_media":29105,"comment_status":"closed","ping_status":"closed","sticky":true,"template":"","format":"standard","meta":{"footnotes":""},"categories":[2],"tags":[],"class_list":["post-29104","post","type-post","status-publish","format-standard","has-post-thumbnail","hentry","category-kreisoberliga-frankfurt"],"_links":{"self":[{"href":"https:\/\/insideamateurfussball-ffm.de\/index.php?rest_route=\/wp\/v2\/posts\/29104","targetHints":{"allow":["GET"]}}],"collection":[{"href":"https:\/\/insideamateurfussball-ffm.de\/index.php?rest_route=\/wp\/v2\/posts"}],"about":[{"href":"https:\/\/insideamateurfussball-ffm.de\/index.php?rest_route=\/wp\/v2\/types\/post"}],"author":[{"embeddable":true,"href":"https:\/\/insideamateurfussball-ffm.de\/index.php?rest_route=\/wp\/v2\/users\/1"}],"replies":[{"embeddable":true,"href":"https:\/\/insideamateurfussball-ffm.de\/index.php?rest_route=%2Fwp%2Fv2%2Fcomments&post=29104"}],"version-history":[{"count":2,"href":"https:\/\/insideamateurfussball-ffm.de\/index.php?rest_route=\/wp\/v2\/posts\/29104\/revisions"}],"predecessor-version":[{"id":29123,"href":"https:\/\/insideamateurfussball-ffm.de\/index.php?rest_route=\/wp\/v2\/posts\/29104\/revisions\/29123"}],"wp:featuredmedia":[{"embeddable":true,"href":"https:\/\/insideamateurfussball-ffm.de\/index.php?rest_route=\/wp\/v2\/media\/29105"}],"wp:attachment":[{"href":"https:\/\/insideamateurfussball-ffm.de\/index.php?rest_route=%2Fwp%2Fv2%2Fmedia&parent=29104"}],"wp:term":[{"taxonomy":"category","embeddable":true,"href":"https:\/\/insideamateurfussball-ffm.de\/index.php?rest_route=%2Fwp%2Fv2%2Fcategories&post=29104"},{"taxonomy":"post_tag","embeddable":true,"href":"https:\/\/insideamateurfussball-ffm.de\/index.php?rest_route=%2Fwp%2Fv2%2Ftags&post=29104"}],"curies":[{"name":"wp","href":"https:\/\/api.w.org\/{rel}","templated":true}]}}