{"id":29092,"date":"2025-11-04T20:06:28","date_gmt":"2025-11-04T19:06:28","guid":{"rendered":"https:\/\/insideamateurfussball-ffm.de\/?p=29092"},"modified":"2025-11-04T21:29:10","modified_gmt":"2025-11-04T20:29:10","slug":"croatias-rumpfelf-mit-mehr-wille-als-die-speuzer","status":"publish","type":"post","link":"https:\/\/insideamateurfussball-ffm.de\/?p=29092","title":{"rendered":"Croatias Rumpfelf mit mehr Wille als die Speuzer"},"content":{"rendered":"\n<h5><span style=\"font-size: 16px;\">Der FC Croatia trotzt der weiter angespannten Personalsituation und gewann sein Heimspiel mit einem begrenzten Aufgebot von 14 Fu\u00dfballern gegen den Vorletzten FFV Sportfreunde 04 mit 4:2 und r\u00fcckte in der Tabelle mit 20 Punkten auf Rang neun vor.\u00a0<\/span><\/h5>\n<figure id=\"attachment_29093\" aria-describedby=\"caption-attachment-29093\" style=\"width: 150px\" class=\"wp-caption alignleft\"><img loading=\"lazy\" decoding=\"async\" class=\"wp-image-29093 size-thumbnail\" src=\"http:\/\/insideamateurfussball-ffm.de\/wp-content\/uploads\/2025\/11\/croa-sportf6-150x150.jpg\" alt=\"\" width=\"150\" height=\"150\" \/><figcaption id=\"caption-attachment-29093\" class=\"wp-caption-text\">Speuzer-Trainer Melih Yilmaz. Foto: Mithat G\u00fcrser.\u00a0\u00a0<\/figcaption><\/figure>\n<h5><span style=\"font-size: 16px;\">FC Croatia &#8211; FFV Sportfreunde 4:2 (1:1)<\/span><\/h5>\n<p><img loading=\"lazy\" decoding=\"async\" class=\"alignnone size-full wp-image-29\" src=\"http:\/\/insideamateurfussball-ffm.de\/wp-content\/uploads\/2021\/11\/croatia.jpg\" alt=\"\" width=\"63\" height=\"80\" \/><img loading=\"lazy\" decoding=\"async\" class=\"alignnone size-full wp-image-141\" src=\"http:\/\/insideamateurfussball-ffm.de\/wp-content\/uploads\/2022\/05\/Speuzer.jpg\" alt=\"\" width=\"80\" height=\"80\" \/><\/p>\n<p><span style=\"font-size: 16px;\">Nur in der Saison 2011\/12 spielten beide Vereine in der Kreisoberliga in einer Klasse. Im Kreispokal kam diese Begegnung hingegen schon dreimal vor, ansonsten gab es keine weiteren Ber\u00fchrungspunkte. Im Spiel vom Sonntag brachte der vom SV Griesheim Tarik gekommene Mourad Aboulmakarim die G\u00e4ste in F\u00fchrung (25.). <\/span><\/p>\n<p><span style=\"font-size: 16px;\">Croatia, das erneut von Reservecoach Damir Hustic betreut wurde, hielt aber dagegen, glich mit Marko Krunic aus (37.). Kapit\u00e4n Ivan Propadalo brachte die Hausherren kurz vor der Pause nach vorne (44.). Nach dem Seitenwechsel war erneut Aboulmakarim f\u00fcr den Gruppenliga-Absteiger zur Stelle (58.). Das 2:2 hielt bis in die Schlussphase, dann brachte Petar Beslic Croatia in F\u00fchrung (82.).<\/span><\/p>\n<ul>\n<li><strong><span style=\"font-size: 16px;\">Speuzer erstmal spielfrei, dann bei Westend am Ball<\/span><\/strong><\/li>\n<\/ul>\n<p><span style=\"font-size: 16px;\">In der Nachspielzeit sorgte der eingewechselte Matin Said Hasan (90.\/+1) f\u00fcr die Entscheidung. &#8222;Wir haben ein gutes Spiel gemacht von der ersten bis zur letzten Minute. Ein Lob an die ganze Mannschaft f\u00fcr den Willen und die Laufbereitschaft&#8220;, sagte Croatias Pressesprecher Stanislav Konta. <\/span><\/p>\n<p><span style=\"font-size: 16px;\">Sein Team gastiert am Sonntag beim Aufsteiger SG Westend (14.30 Uhr). Die Sportfreunde sind erstmal spielfrei, sind dann eine Woche danach selbst bei Westend am Ball. Trainer Melih Yilmaz hatte die Gr\u00fcnde f\u00fcr die Niederlage schnell ausgemacht: &#8222;Eine miserable Chancenverwertung und individuelle Fehler in der Abwehr. Taktisch und spielerisch haben wir gut mitgehalten.&#8220;\u00a0\u00a0<\/span><\/p>\n<ul>\n<li><strong><span style=\"font-size: 16px;\">Schiedsrichter: Holger Jung (TuS Eisenbach). <\/span><\/strong><\/li>\n<li><strong><span style=\"font-size: 16px;\">Zuschauer: 70. <\/span><\/strong><\/li>\n<li><strong><span style=\"font-size: 16px;\">Tore: 0:1 Mourad Aboulmakarim (25.), 1:1 Marko Krunic (37.), 2:1 Ivan Propadalo (44.), 2:2 Mourad Aboulmakarim (58.), 3:2 Petar Beslic (82.), 4:2 Matin Said Hasan (90.\/+1). <\/span><\/strong><\/li>\n<li><strong><span style=\"font-size: 16px;\">Bildergalerie: Mithat G\u00fcrser machte hier auf seiner zweiten Station Halt.\u00a0\u00a0<\/span><\/strong><\/li>\n<\/ul>\n\n\n\n<figure class=\"wp-block-image size-full\"><img loading=\"lazy\" decoding=\"async\" width=\"886\" height=\"648\" src=\"http:\/\/insideamateurfussball-ffm.de\/wp-content\/uploads\/2025\/11\/croa-sportf6.jpg\" alt=\"\" class=\"wp-image-29093\" srcset=\"https:\/\/insideamateurfussball-ffm.de\/wp-content\/uploads\/2025\/11\/croa-sportf6.jpg 886w, https:\/\/insideamateurfussball-ffm.de\/wp-content\/uploads\/2025\/11\/croa-sportf6-300x219.jpg 300w, https:\/\/insideamateurfussball-ffm.de\/wp-content\/uploads\/2025\/11\/croa-sportf6-768x562.jpg 768w\" sizes=\"auto, (max-width: 886px) 100vw, 886px\" \/><\/figure>\n\n\n\n<figure class=\"wp-block-gallery has-nested-images columns-default is-cropped wp-block-gallery-1 is-layout-flex wp-block-gallery-is-layout-flex\">\n<figure class=\"wp-block-image size-large\"><img loading=\"lazy\" decoding=\"async\" width=\"886\" height=\"604\" data-id=\"29094\" src=\"https:\/\/insideamateurfussball-ffm.de\/wp-content\/uploads\/2025\/11\/croa-sportfr10.jpg\" alt=\"\" class=\"wp-image-29094\" srcset=\"https:\/\/insideamateurfussball-ffm.de\/wp-content\/uploads\/2025\/11\/croa-sportfr10.jpg 886w, https:\/\/insideamateurfussball-ffm.de\/wp-content\/uploads\/2025\/11\/croa-sportfr10-300x205.jpg 300w, https:\/\/insideamateurfussball-ffm.de\/wp-content\/uploads\/2025\/11\/croa-sportfr10-768x524.jpg 768w\" sizes=\"auto, (max-width: 886px) 100vw, 886px\" \/><\/figure>\n<\/figure>\n\n\n\n<figure class=\"wp-block-image size-full\"><img loading=\"lazy\" decoding=\"async\" width=\"886\" height=\"705\" src=\"https:\/\/insideamateurfussball-ffm.de\/wp-content\/uploads\/2025\/11\/croa-sportf7.jpg\" alt=\"\" class=\"wp-image-29095\" srcset=\"https:\/\/insideamateurfussball-ffm.de\/wp-content\/uploads\/2025\/11\/croa-sportf7.jpg 886w, https:\/\/insideamateurfussball-ffm.de\/wp-content\/uploads\/2025\/11\/croa-sportf7-300x239.jpg 300w, https:\/\/insideamateurfussball-ffm.de\/wp-content\/uploads\/2025\/11\/croa-sportf7-768x611.jpg 768w\" sizes=\"auto, (max-width: 886px) 100vw, 886px\" \/><\/figure>\n\n\n\n<figure class=\"wp-block-image size-full\"><img loading=\"lazy\" decoding=\"async\" width=\"886\" height=\"674\" src=\"https:\/\/insideamateurfussball-ffm.de\/wp-content\/uploads\/2025\/11\/croa-sportf2.jpg\" alt=\"\" class=\"wp-image-29096\" srcset=\"https:\/\/insideamateurfussball-ffm.de\/wp-content\/uploads\/2025\/11\/croa-sportf2.jpg 886w, https:\/\/insideamateurfussball-ffm.de\/wp-content\/uploads\/2025\/11\/croa-sportf2-300x228.jpg 300w, https:\/\/insideamateurfussball-ffm.de\/wp-content\/uploads\/2025\/11\/croa-sportf2-768x584.jpg 768w\" sizes=\"auto, (max-width: 886px) 100vw, 886px\" \/><\/figure>\n\n\n\n<figure class=\"wp-block-image size-full\"><img loading=\"lazy\" decoding=\"async\" width=\"886\" height=\"605\" src=\"https:\/\/insideamateurfussball-ffm.de\/wp-content\/uploads\/2025\/11\/croa-sportf8.jpg\" alt=\"\" class=\"wp-image-29097\" srcset=\"https:\/\/insideamateurfussball-ffm.de\/wp-content\/uploads\/2025\/11\/croa-sportf8.jpg 886w, https:\/\/insideamateurfussball-ffm.de\/wp-content\/uploads\/2025\/11\/croa-sportf8-300x205.jpg 300w, https:\/\/insideamateurfussball-ffm.de\/wp-content\/uploads\/2025\/11\/croa-sportf8-768x524.jpg 768w\" sizes=\"auto, (max-width: 886px) 100vw, 886px\" \/><\/figure>\n\n\n\n<figure class=\"wp-block-image size-full\"><img loading=\"lazy\" decoding=\"async\" width=\"886\" height=\"687\" src=\"https:\/\/insideamateurfussball-ffm.de\/wp-content\/uploads\/2025\/11\/croa-sportf3.jpg\" alt=\"\" class=\"wp-image-29098\" srcset=\"https:\/\/insideamateurfussball-ffm.de\/wp-content\/uploads\/2025\/11\/croa-sportf3.jpg 886w, https:\/\/insideamateurfussball-ffm.de\/wp-content\/uploads\/2025\/11\/croa-sportf3-300x233.jpg 300w, https:\/\/insideamateurfussball-ffm.de\/wp-content\/uploads\/2025\/11\/croa-sportf3-768x596.jpg 768w\" sizes=\"auto, (max-width: 886px) 100vw, 886px\" \/><\/figure>\n\n\n\n<figure class=\"wp-block-gallery has-nested-images columns-default is-cropped wp-block-gallery-2 is-layout-flex wp-block-gallery-is-layout-flex\">\n<figure class=\"wp-block-image size-large\"><img loading=\"lazy\" decoding=\"async\" width=\"894\" height=\"683\" data-id=\"29099\" src=\"https:\/\/insideamateurfussball-ffm.de\/wp-content\/uploads\/2025\/11\/croa-sportf9.jpg\" alt=\"\" class=\"wp-image-29099\" srcset=\"https:\/\/insideamateurfussball-ffm.de\/wp-content\/uploads\/2025\/11\/croa-sportf9.jpg 894w, https:\/\/insideamateurfussball-ffm.de\/wp-content\/uploads\/2025\/11\/croa-sportf9-300x229.jpg 300w, https:\/\/insideamateurfussball-ffm.de\/wp-content\/uploads\/2025\/11\/croa-sportf9-768x587.jpg 768w\" sizes=\"auto, (max-width: 894px) 100vw, 894px\" \/><\/figure>\n<\/figure>\n\n\n\n<figure class=\"wp-block-image size-full\"><img loading=\"lazy\" decoding=\"async\" width=\"886\" height=\"627\" src=\"https:\/\/insideamateurfussball-ffm.de\/wp-content\/uploads\/2025\/11\/croa-sportf4.jpg\" alt=\"\" class=\"wp-image-29100\" srcset=\"https:\/\/insideamateurfussball-ffm.de\/wp-content\/uploads\/2025\/11\/croa-sportf4.jpg 886w, https:\/\/insideamateurfussball-ffm.de\/wp-content\/uploads\/2025\/11\/croa-sportf4-300x212.jpg 300w, https:\/\/insideamateurfussball-ffm.de\/wp-content\/uploads\/2025\/11\/croa-sportf4-768x543.jpg 768w\" sizes=\"auto, (max-width: 886px) 100vw, 886px\" \/><\/figure>\n\n\n\n<figure class=\"wp-block-image size-full\"><img loading=\"lazy\" decoding=\"async\" width=\"886\" height=\"671\" src=\"https:\/\/insideamateurfussball-ffm.de\/wp-content\/uploads\/2025\/11\/croa-sportfr1.jpg\" alt=\"\" class=\"wp-image-29101\" srcset=\"https:\/\/insideamateurfussball-ffm.de\/wp-content\/uploads\/2025\/11\/croa-sportfr1.jpg 886w, https:\/\/insideamateurfussball-ffm.de\/wp-content\/uploads\/2025\/11\/croa-sportfr1-300x227.jpg 300w, https:\/\/insideamateurfussball-ffm.de\/wp-content\/uploads\/2025\/11\/croa-sportfr1-768x582.jpg 768w\" sizes=\"auto, (max-width: 886px) 100vw, 886px\" \/><\/figure>\n\n\n\n<figure class=\"wp-block-image size-full\"><img loading=\"lazy\" decoding=\"async\" width=\"886\" height=\"659\" src=\"https:\/\/insideamateurfussball-ffm.de\/wp-content\/uploads\/2025\/11\/croa-sportf5.jpg\" alt=\"\" class=\"wp-image-29102\" srcset=\"https:\/\/insideamateurfussball-ffm.de\/wp-content\/uploads\/2025\/11\/croa-sportf5.jpg 886w, https:\/\/insideamateurfussball-ffm.de\/wp-content\/uploads\/2025\/11\/croa-sportf5-300x223.jpg 300w, https:\/\/insideamateurfussball-ffm.de\/wp-content\/uploads\/2025\/11\/croa-sportf5-768x571.jpg 768w\" sizes=\"auto, (max-width: 886px) 100vw, 886px\" \/><\/figure>\n","protected":false},"excerpt":{"rendered":"<p>Der FC Croatia trotzt der weiter angespannten Personalsituation und gewann sein Heimspiel mit einem begrenzten Aufgebot von 14 Fu\u00dfballern gegen den Vorletzten FFV Sportfreunde 04 mit 4:2 und r\u00fcckte in der Tabelle mit 20 Punkten auf Rang neun vor.\u00a0 FC Croatia &#8211; FFV Sportfreunde 4:2 (1:1) Nur in der Saison 2011\/12 spielten beide Vereine in [&hellip;]<\/p>\n","protected":false},"author":1,"featured_media":29093,"comment_status":"closed","ping_status":"closed","sticky":true,"template":"","format":"standard","meta":{"footnotes":""},"categories":[2],"tags":[],"class_list":["post-29092","post","type-post","status-publish","format-standard","has-post-thumbnail","hentry","category-kreisoberliga-frankfurt"],"_links":{"self":[{"href":"https:\/\/insideamateurfussball-ffm.de\/index.php?rest_route=\/wp\/v2\/posts\/29092","targetHints":{"allow":["GET"]}}],"collection":[{"href":"https:\/\/insideamateurfussball-ffm.de\/index.php?rest_route=\/wp\/v2\/posts"}],"about":[{"href":"https:\/\/insideamateurfussball-ffm.de\/index.php?rest_route=\/wp\/v2\/types\/post"}],"author":[{"embeddable":true,"href":"https:\/\/insideamateurfussball-ffm.de\/index.php?rest_route=\/wp\/v2\/users\/1"}],"replies":[{"embeddable":true,"href":"https:\/\/insideamateurfussball-ffm.de\/index.php?rest_route=%2Fwp%2Fv2%2Fcomments&post=29092"}],"version-history":[{"count":3,"href":"https:\/\/insideamateurfussball-ffm.de\/index.php?rest_route=\/wp\/v2\/posts\/29092\/revisions"}],"predecessor-version":[{"id":29125,"href":"https:\/\/insideamateurfussball-ffm.de\/index.php?rest_route=\/wp\/v2\/posts\/29092\/revisions\/29125"}],"wp:featuredmedia":[{"embeddable":true,"href":"https:\/\/insideamateurfussball-ffm.de\/index.php?rest_route=\/wp\/v2\/media\/29093"}],"wp:attachment":[{"href":"https:\/\/insideamateurfussball-ffm.de\/index.php?rest_route=%2Fwp%2Fv2%2Fmedia&parent=29092"}],"wp:term":[{"taxonomy":"category","embeddable":true,"href":"https:\/\/insideamateurfussball-ffm.de\/index.php?rest_route=%2Fwp%2Fv2%2Fcategories&post=29092"},{"taxonomy":"post_tag","embeddable":true,"href":"https:\/\/insideamateurfussball-ffm.de\/index.php?rest_route=%2Fwp%2Fv2%2Ftags&post=29092"}],"curies":[{"name":"wp","href":"https:\/\/api.w.org\/{rel}","templated":true}]}}