{"id":29089,"date":"2025-11-04T19:17:03","date_gmt":"2025-11-04T18:17:03","guid":{"rendered":"https:\/\/insideamateurfussball-ffm.de\/?p=29089"},"modified":"2025-11-05T14:21:48","modified_gmt":"2025-11-05T13:21:48","slug":"aksoy-fuehrt-enkheim-zum-sieg-gegen-griesheim","status":"publish","type":"post","link":"https:\/\/insideamateurfussball-ffm.de\/?p=29089","title":{"rendered":"Aksoy f\u00fchrt Enkheim zum Sieg gegen Griesheim"},"content":{"rendered":"<h5><span style=\"font-size: 16px;\">Germania Enkheim landete den zweiten Sieg in Folge, besiegte die Spvgg. 02 Griesheim mit 2:1 und r\u00fcckte auf Rang acht vor. Griesheim kassierte die zweite Ausw\u00e4rtsniederlage in Folge und rutschte auf Rang sechs ab.\u00a0<\/span><\/h5>\n<figure id=\"attachment_29090\" aria-describedby=\"caption-attachment-29090\" style=\"width: 653px\" class=\"wp-caption alignleft\"><img loading=\"lazy\" decoding=\"async\" class=\"wp-image-29090\" src=\"http:\/\/insideamateurfussball-ffm.de\/wp-content\/uploads\/2025\/11\/enk-grie-1024x648.jpg\" alt=\"\" width=\"653\" height=\"413\" srcset=\"https:\/\/insideamateurfussball-ffm.de\/wp-content\/uploads\/2025\/11\/enk-grie-1024x648.jpg 1024w, https:\/\/insideamateurfussball-ffm.de\/wp-content\/uploads\/2025\/11\/enk-grie-300x190.jpg 300w, https:\/\/insideamateurfussball-ffm.de\/wp-content\/uploads\/2025\/11\/enk-grie-768x486.jpg 768w, https:\/\/insideamateurfussball-ffm.de\/wp-content\/uploads\/2025\/11\/enk-grie-1536x972.jpg 1536w, https:\/\/insideamateurfussball-ffm.de\/wp-content\/uploads\/2025\/11\/enk-grie.jpg 2048w\" sizes=\"auto, (max-width: 653px) 100vw, 653px\" \/><figcaption id=\"caption-attachment-29090\" class=\"wp-caption-text\">Enkheim war auch gegen Griesheim oben auf. Man beachte das modische grau-wei\u00dfe Trikot. Foto: Archiv Dago Reinprecht.<\/figcaption><\/figure>\n<h5><span style=\"font-size: 16px;\">FC Germania Enkheim &#8211; Spvgg. 02 Griesheim 2:1 (1:0)<\/span><\/h5>\n<p><img loading=\"lazy\" decoding=\"async\" class=\"alignnone size-full wp-image-1748\" src=\"http:\/\/insideamateurfussball-ffm.de\/wp-content\/uploads\/2022\/07\/Enkheim-1.jpg\" alt=\"\" width=\"63\" height=\"80\" \/><img loading=\"lazy\" decoding=\"async\" class=\"alignnone size-full wp-image-287\" src=\"http:\/\/insideamateurfussball-ffm.de\/wp-content\/uploads\/2022\/05\/SpVgg._02_Griesheim_02.jpg\" alt=\"\" width=\"100\" height=\"100\" \/><\/p>\n<p><span style=\"font-size: 16px;\">&#8222;Nach der guten Leistung gegen Makkabi und der noch besseren Trainingswoche haben wir uns mit einem Sieg belohnt&#8220;, sagte Enkheims Trainer Antonio D\u00b4Andrea gegen\u00fcber dem Kollegen Silvio Gie\u00dfler in der <em>Frankfurter Neuen Presse.\u00a0<\/em><\/span><\/p>\n<ul>\n<li><span style=\"font-size: 16px;\"><strong>&#8222;Aufgrund der schlechten ersten Halbzeit verdient verloren.&#8220; (Griesheims Trainer Dominic Machado).<\/strong><\/span><\/li>\n<\/ul>\n<p><span style=\"font-size: 16px;\">Eray Aksoy war der Mann des Tages bei den Enkheimern. Der 23-j\u00e4hrige Allrounder markierte mit seinem starken rechten Fu\u00df mittlerweile elf Tore in elf Spielen, war entscheidend mit seinen Toren (29.\/47.) am Heimsieg beteiligt. Griesheim wurde im zweiten Abschnitt st\u00e4rker, es gelang aber nur der sp\u00e4te Anschlusstreffer durch den eingewechselten Ebenezer Osei Opong (86.). Zuvor hatte der unzufriedene G\u00e4stecoach Dominic Machado, der kurz davor die Gelbe Karte sah, in der 54. Minute versucht, mit vier Spielerwechseln f\u00fcr mehr Torgefahr zu sorgen. <\/span><\/p>\n<p><span style=\"font-size: 16px;\">&#8222;Aufgrund der schlechten ersten Halbzeit verdient verloren&#8220;, so der knappe Kommentar Machados zum Sonntag-Spiel. F\u00fcr das am Dienstagabend stattfindende Kreispokal-Achtelfinale beim Kreisliga A-Tabellenf\u00fchrer SV Bonames ist das Ziel klar formuliert: &#8222;Wir wollen in die n\u00e4chste Runde.&#8220; In der Liga stellen sich die Enkheimer am Sonntag bei Concordia Eschersheim vor (14.30 Uhr). Zeitgleich erwartet Griesheim erstmals den Neuling Germania Ginnheim an der Eichenstra\u00dfe.\u00a0<\/span><\/p>\n<ul>\n<li><strong><span style=\"font-size: 16px;\">Schiedsrichter: Elias Mauntel (FSV Bad Orb). <\/span><\/strong><\/li>\n<li><strong><span style=\"font-size: 16px;\">Zuschauer: 50. <\/span><\/strong><\/li>\n<li><strong><span style=\"font-size: 16px;\">Tore: 1:0, 2:0 Eray Aksoy (29.\/47.), 2:1 Ebenezer Osei Opong (86.).\u00a0<\/span><\/strong><\/li>\n<\/ul>\n","protected":false},"excerpt":{"rendered":"<p>Germania Enkheim landete den zweiten Sieg in Folge, besiegte die Spvgg. 02 Griesheim mit 2:1 und r\u00fcckte auf Rang acht vor. Griesheim kassierte die zweite Ausw\u00e4rtsniederlage in Folge und rutschte auf Rang sechs ab.\u00a0 FC Germania Enkheim &#8211; Spvgg. 02 Griesheim 2:1 (1:0) &#8222;Nach der guten Leistung gegen Makkabi und der noch besseren Trainingswoche haben [&hellip;]<\/p>\n","protected":false},"author":1,"featured_media":29090,"comment_status":"closed","ping_status":"closed","sticky":true,"template":"","format":"standard","meta":{"footnotes":""},"categories":[2],"tags":[],"class_list":["post-29089","post","type-post","status-publish","format-standard","has-post-thumbnail","hentry","category-kreisoberliga-frankfurt"],"_links":{"self":[{"href":"https:\/\/insideamateurfussball-ffm.de\/index.php?rest_route=\/wp\/v2\/posts\/29089","targetHints":{"allow":["GET"]}}],"collection":[{"href":"https:\/\/insideamateurfussball-ffm.de\/index.php?rest_route=\/wp\/v2\/posts"}],"about":[{"href":"https:\/\/insideamateurfussball-ffm.de\/index.php?rest_route=\/wp\/v2\/types\/post"}],"author":[{"embeddable":true,"href":"https:\/\/insideamateurfussball-ffm.de\/index.php?rest_route=\/wp\/v2\/users\/1"}],"replies":[{"embeddable":true,"href":"https:\/\/insideamateurfussball-ffm.de\/index.php?rest_route=%2Fwp%2Fv2%2Fcomments&post=29089"}],"version-history":[{"count":3,"href":"https:\/\/insideamateurfussball-ffm.de\/index.php?rest_route=\/wp\/v2\/posts\/29089\/revisions"}],"predecessor-version":[{"id":29145,"href":"https:\/\/insideamateurfussball-ffm.de\/index.php?rest_route=\/wp\/v2\/posts\/29089\/revisions\/29145"}],"wp:featuredmedia":[{"embeddable":true,"href":"https:\/\/insideamateurfussball-ffm.de\/index.php?rest_route=\/wp\/v2\/media\/29090"}],"wp:attachment":[{"href":"https:\/\/insideamateurfussball-ffm.de\/index.php?rest_route=%2Fwp%2Fv2%2Fmedia&parent=29089"}],"wp:term":[{"taxonomy":"category","embeddable":true,"href":"https:\/\/insideamateurfussball-ffm.de\/index.php?rest_route=%2Fwp%2Fv2%2Fcategories&post=29089"},{"taxonomy":"post_tag","embeddable":true,"href":"https:\/\/insideamateurfussball-ffm.de\/index.php?rest_route=%2Fwp%2Fv2%2Ftags&post=29089"}],"curies":[{"name":"wp","href":"https:\/\/api.w.org\/{rel}","templated":true}]}}